{"id":1886,"date":"2016-02-15T21:25:32","date_gmt":"2016-02-15T20:25:32","guid":{"rendered":"http:\/\/agora.xtec.cat\/insllicamunt2\/?p=1886"},"modified":"2016-05-09T08:39:00","modified_gmt":"2016-05-09T07:39:00","slug":"sortim-a-el-9-nou-2","status":"publish","type":"post","link":"https:\/\/agora.xtec.cat\/insllicamunt2\/el-far-dhipatia\/grups\/sortim-a-el-9-nou-2\/","title":{"rendered":"Sortim a El 9 Nou"},"content":{"rendered":"<p>Els alumnes de 2n apareixen fotografiats a <a href=\"http:\/\/www.el9nou.cat\/portada2_v_0\" target=\"_blank\">El 9 Nou<\/a> del divendres 12 de febrer de 2016 ja que el passat dimecres van visitar la seu que el grup de comunicaci\u00f3 t\u00e9 a la capital d&#8217;Osona. Durant la visita van con\u00e8ixer la redacci\u00f3 del peri\u00f2dic, i els estudis de El 9TV i El 9FM.<\/p>\n<p><img loading=\"lazy\" decoding=\"async\" class=\" aligncenter\" src=\"https:\/\/lh3.googleusercontent.com\/-fUidACCIJ-Q\/VsIyAUsyoTI\/AAAAAAAAACM\/iWTjWsfB2gg\/s640-Ic42\/20160215_155847.jpg\" alt=\"\" width=\"360\" height=\"640\" \/><\/p>\n","protected":false},"excerpt":{"rendered":"<p>Els alumnes de 2n apareixen fotografiats a <a href=\"http:\/\/www.el9nou.cat\/portada2_v_0\" target=\"_blank\">El 9 Nou<\/a> del divendres 12 de febrer de 2016 ja que el passat dimecres van visitar la seu que el grup de comunicaci\u00f3 t\u00e9 a la capital d&#8217;Osona. Durant la visita van con\u00e8ixer la redacci\u00f3&hellip;  <a href=\"https:\/\/agora.xtec.cat\/insllicamunt2\/el-far-dhipatia\/grups\/sortim-a-el-9-nou-2\/\" title=\"Read Sortim a El 9 Nou\">Llegeix m\u00e9s\u00bb<\/a><\/p>\n","protected":false},"author":44,"featured_media":1889,"comment_status":"open","ping_status":"open","sticky":false,"template":"","format":"standard","meta":{"_bbp_topic_count":0,"_bbp_reply_count":0,"_bbp_total_topic_count":0,"_bbp_total_reply_count":0,"_bbp_voice_count":0,"_bbp_anonymous_reply_count":0,"_bbp_topic_count_hidden":0,"_bbp_reply_count_hidden":0,"_bbp_forum_subforum_count":0,"footnotes":""},"categories":[5,94,99,3,98,29,361],"tags":[776,788,775,791,790,789,787,786,83],"class_list":["post-1886","post","type-post","status-publish","format-standard","has-post-thumbnail","hentry","category-2n-deso","category-activitats-fora-del-centre","category-articles","category-grups","category-noticies-breus","category-portada","category-tutoria","tag-comunicacio","tag-diari","tag-el-9-nou","tag-el-9fm","tag-el-9tv","tag-osona","tag-periodic","tag-redaccio","tag-vic"],"post_mailing_queue_ids":[],"_links":{"self":[{"href":"https:\/\/agora.xtec.cat\/insllicamunt2\/wp-json\/wp\/v2\/posts\/1886","targetHints":{"allow":["GET"]}}],"collection":[{"href":"https:\/\/agora.xtec.cat\/insllicamunt2\/wp-json\/wp\/v2\/posts"}],"about":[{"href":"https:\/\/agora.xtec.cat\/insllicamunt2\/wp-json\/wp\/v2\/types\/post"}],"author":[{"embeddable":true,"href":"https:\/\/agora.xtec.cat\/insllicamunt2\/wp-json\/wp\/v2\/users\/44"}],"replies":[{"embeddable":true,"href":"https:\/\/agora.xtec.cat\/insllicamunt2\/wp-json\/wp\/v2\/comments?post=1886"}],"version-history":[{"count":3,"href":"https:\/\/agora.xtec.cat\/insllicamunt2\/wp-json\/wp\/v2\/posts\/1886\/revisions"}],"predecessor-version":[{"id":1894,"href":"https:\/\/agora.xtec.cat\/insllicamunt2\/wp-json\/wp\/v2\/posts\/1886\/revisions\/1894"}],"wp:featuredmedia":[{"embeddable":true,"href":"https:\/\/agora.xtec.cat\/insllicamunt2\/wp-json\/wp\/v2\/media\/1889"}],"wp:attachment":[{"href":"https:\/\/agora.xtec.cat\/insllicamunt2\/wp-json\/wp\/v2\/media?parent=1886"}],"wp:term":[{"taxonomy":"category","embeddable":true,"href":"https:\/\/agora.xtec.cat\/insllicamunt2\/wp-json\/wp\/v2\/categories?post=1886"},{"taxonomy":"post_tag","embeddable":true,"href":"https:\/\/agora.xtec.cat\/insllicamunt2\/wp-json\/wp\/v2\/tags?post=1886"}],"curies":[{"name":"wp","href":"https:\/\/api.w.org\/{rel}","templated":true}]}}