{"id":1824,"date":"2016-02-05T21:31:06","date_gmt":"2016-02-05T20:31:06","guid":{"rendered":"http:\/\/agora.xtec.cat\/insllicamunt2\/?p=1824"},"modified":"2016-05-09T08:45:36","modified_gmt":"2016-05-09T07:45:36","slug":"exit-del-primer-carnestoltes-de-lhipatia","status":"publish","type":"post","link":"https:\/\/agora.xtec.cat\/insllicamunt2\/el-far-dhipatia\/grups\/exit-del-primer-carnestoltes-de-lhipatia\/","title":{"rendered":"\u00c8xit del primer Carnestoltes de l&#8217;Hip\u00e0tia"},"content":{"rendered":"<p style=\"text-align: justify;\">L&#8217;alumnat va canalitzar a trav\u00e9s dels seus delegats i delegades de classe la proposta de celebrar el Carnestoltes al centre per primera vegada. Van fer arribar la proposta al Claustre a trav\u00e9s de l&#8217;Assemblea de Delegats i despr\u00e9s de demostrar la feina d&#8217;autogesti\u00f3 de cada grup classe, avui ens hem disfressat.<\/p>\n<p style=\"text-align: justify;\">La tem\u00e0tica que es va consensuar va ser que cada grup es caracteritz\u00e9s a partir del tema d&#8217;un llibre llegit a l&#8217;aula o d&#8217;alguna lectura complement\u00e0ria de classe.<\/p>\n<p style=\"text-align: justify;\">La primera part del mat\u00ed ha transcorregut amb normalitat de primera a quarta hora i a partir de cinquena, tots els grups (excepte 3rA que tenia prevista una activitat de Tutoria) s&#8217;han comen\u00e7at a disfressar.<\/p>\n<p style=\"text-align: justify; padding-left: 60px;\">1rA: Els barrufets<br \/>\n1rB: L&#8217;Odissea<br \/>\n2nA: Els esportistes<br \/>\n2nB: Hippies<br \/>\n3rA: La Celestina<br \/>\n3rB: Taula peri\u00f2dica dels elements<br \/>\n4tA: Catrina, la festa de la morta a M\u00e8xic<br \/>\n4tB: Romeo i Julieta<\/p>\n<p style=\"text-align: justify;\">Tots vuit grups han desfilat davant del jurat compost per la M\u00edriam (la nostra administrativa), en Xavi (el nostre conserge) i professorat voluntari. Han valorat la cohesi\u00f3 de grup durant l&#8217;actuaci\u00f3 que havien preparat i la originalitat.<\/p>\n<p style=\"text-align: center;\"><a href=\"http:\/\/agora.xtec.cat\/insllicamunt2\/wp-content\/uploads\/usu1100\/2016\/02\/2nB.jpg\"><img loading=\"lazy\" decoding=\"async\" class=\"aligncenter size-full wp-image-1860\" src=\"http:\/\/agora.xtec.cat\/insllicamunt2\/wp-content\/uploads\/usu1100\/2016\/02\/2nB.jpg\" alt=\"2nB\" width=\"600\" height=\"333\" srcset=\"https:\/\/agora.xtec.cat\/insllicamunt2\/wp-content\/uploads\/usu1100\/2016\/02\/2nB.jpg 600w, https:\/\/agora.xtec.cat\/insllicamunt2\/wp-content\/uploads\/usu1100\/2016\/02\/2nB-300x167.jpg 300w\" sizes=\"auto, (max-width: 600px) 100vw, 600px\" \/><\/a><\/p>\n<p style=\"text-align: justify;\">El primer premi ha estat per 2nB, que s&#8217;ha endut la copa i llaminadures pel grup, el segon per 4tB i el tercer pel 1rB, amb una altra caixa de llaminadures com a regal.<\/p>\n<p style=\"text-align: center;\"><a href=\"http:\/\/agora.xtec.cat\/insllicamunt2\/wp-content\/uploads\/usu1100\/2016\/02\/4tB.jpg\"><img loading=\"lazy\" decoding=\"async\" class=\"aligncenter size-full wp-image-1862\" src=\"http:\/\/agora.xtec.cat\/insllicamunt2\/wp-content\/uploads\/usu1100\/2016\/02\/4tB.jpg\" alt=\"4tB\" width=\"600\" height=\"319\" srcset=\"https:\/\/agora.xtec.cat\/insllicamunt2\/wp-content\/uploads\/usu1100\/2016\/02\/4tB.jpg 600w, https:\/\/agora.xtec.cat\/insllicamunt2\/wp-content\/uploads\/usu1100\/2016\/02\/4tB-300x160.jpg 300w\" sizes=\"auto, (max-width: 600px) 100vw, 600px\" \/><\/a><\/p>\n<p style=\"text-align: justify;\">S&#8217;ha de dir que tots vuit grups han fet que l&#8217;experi\u00e8ncia sigui molt positiva. Farem la valoraci\u00f3 amb profunditat i reflexionarem sobre tot el que ha apr\u00e8s el nostre alumnat amb aquest llarg proc\u00e9s de treball iniciat al mes de novembre i culminat avui. La iniciativa dels delegats i delegades ha estat clau per fer que durant dues hores, l&#8217;empenta de l&#8217;Hip\u00e0tia l&#8217;hagin dut els alumnes amb l&#8217;ajuda del professorat que s&#8217;ha deixat motivar i que ha col\u00b7laborat i facilitat l&#8217;acte.<\/p>\n<p style=\"text-align: center;\"><a href=\"http:\/\/agora.xtec.cat\/insllicamunt2\/wp-content\/uploads\/usu1100\/2016\/02\/1rB.jpg\"><img loading=\"lazy\" decoding=\"async\" class=\"aligncenter size-full wp-image-1863\" src=\"http:\/\/agora.xtec.cat\/insllicamunt2\/wp-content\/uploads\/usu1100\/2016\/02\/1rB.jpg\" alt=\"1rB\" width=\"600\" height=\"333\" srcset=\"https:\/\/agora.xtec.cat\/insllicamunt2\/wp-content\/uploads\/usu1100\/2016\/02\/1rB.jpg 600w, https:\/\/agora.xtec.cat\/insllicamunt2\/wp-content\/uploads\/usu1100\/2016\/02\/1rB-300x167.jpg 300w\" sizes=\"auto, (max-width: 600px) 100vw, 600px\" \/><\/a><\/p>\n<p style=\"text-align: justify;\">Des d&#8217;aqu\u00ed tamb\u00e9 volem agrair al grup <em>De cara a la pared<\/em> i a la gesti\u00f3 d&#8217;en Sergi Ambr\u00f2s per la cessi\u00f3 de l&#8217;equip de m\u00fasica i so.<\/p>\n<p style=\"text-align: center;\">Moltes gr\u00e0cies a tothom per aquest primer Carnestoltes de l&#8217;Hip\u00e0tia!<\/p>\n<p style=\"text-align: center;\">Visca l&#8217;Hip\u00e0tia!<\/p>\n<p style=\"text-align: center;\"><iframe loading=\"lazy\" src=\"https:\/\/www.youtube.com\/embed\/h6w6IajTti0?rel=0&amp;showinfo=0\" width=\"640\" height=\"360\" frameborder=\"0\" allowfullscreen=\"allowfullscreen\"><\/iframe><\/p>\n","protected":false},"excerpt":{"rendered":"<p>L&#8217;alumnat va canalitzar a trav\u00e9s dels seus delegats i delegades de classe la proposta de celebrar el Carnestoltes al centre per primera vegada. Van fer arribar la proposta al Claustre a trav\u00e9s de l&#8217;Assemblea de Delegats i despr\u00e9s de demostrar la feina d&#8217;autogesti\u00f3 de cada&hellip;  <a href=\"https:\/\/agora.xtec.cat\/insllicamunt2\/el-far-dhipatia\/grups\/exit-del-primer-carnestoltes-de-lhipatia\/\" title=\"Read \u00c8xit del primer Carnestoltes de l&#8217;Hip\u00e0tia\">Llegeix m\u00e9s\u00bb<\/a><\/p>\n","protected":false},"author":33,"featured_media":1860,"comment_status":"open","ping_status":"open","sticky":false,"template":"","format":"standard","meta":{"_bbp_topic_count":0,"_bbp_reply_count":0,"_bbp_total_topic_count":0,"_bbp_total_reply_count":0,"_bbp_voice_count":0,"_bbp_anonymous_reply_count":0,"_bbp_topic_count_hidden":0,"_bbp_reply_count_hidden":0,"_bbp_forum_subforum_count":0,"footnotes":""},"categories":[4,5,6,7,101,408,99,401,593,3,98,29,97],"tags":[764,765,750,763,766,762,761,283],"class_list":["post-1824","post","type-post","status-publish","format-standard","has-post-thumbnail","hentry","category-1r-deso","category-2n-deso","category-3r-deso","category-4t-deso","category-activitats-de-centre","category-al-voltant-de-la-lectura","category-articles","category-la-biblioteca-dalexandria","category-comunitat-educativa","category-grups","category-noticies-breus","category-portada","category-premis-i-concursos","tag-assemblea-de-delegats","tag-autogestio","tag-carnestoltes","tag-claustre","tag-de-cara-a-la-pared","tag-delegades","tag-delegats","tag-tutoria"],"post_mailing_queue_ids":[],"_links":{"self":[{"href":"https:\/\/agora.xtec.cat\/insllicamunt2\/wp-json\/wp\/v2\/posts\/1824","targetHints":{"allow":["GET"]}}],"collection":[{"href":"https:\/\/agora.xtec.cat\/insllicamunt2\/wp-json\/wp\/v2\/posts"}],"about":[{"href":"https:\/\/agora.xtec.cat\/insllicamunt2\/wp-json\/wp\/v2\/types\/post"}],"author":[{"embeddable":true,"href":"https:\/\/agora.xtec.cat\/insllicamunt2\/wp-json\/wp\/v2\/users\/33"}],"replies":[{"embeddable":true,"href":"https:\/\/agora.xtec.cat\/insllicamunt2\/wp-json\/wp\/v2\/comments?post=1824"}],"version-history":[{"count":4,"href":"https:\/\/agora.xtec.cat\/insllicamunt2\/wp-json\/wp\/v2\/posts\/1824\/revisions"}],"predecessor-version":[{"id":1870,"href":"https:\/\/agora.xtec.cat\/insllicamunt2\/wp-json\/wp\/v2\/posts\/1824\/revisions\/1870"}],"wp:featuredmedia":[{"embeddable":true,"href":"https:\/\/agora.xtec.cat\/insllicamunt2\/wp-json\/wp\/v2\/media\/1860"}],"wp:attachment":[{"href":"https:\/\/agora.xtec.cat\/insllicamunt2\/wp-json\/wp\/v2\/media?parent=1824"}],"wp:term":[{"taxonomy":"category","embeddable":true,"href":"https:\/\/agora.xtec.cat\/insllicamunt2\/wp-json\/wp\/v2\/categories?post=1824"},{"taxonomy":"post_tag","embeddable":true,"href":"https:\/\/agora.xtec.cat\/insllicamunt2\/wp-json\/wp\/v2\/tags?post=1824"}],"curies":[{"name":"wp","href":"https:\/\/api.w.org\/{rel}","templated":true}]}}