{"id":1718,"date":"2016-01-30T09:52:19","date_gmt":"2016-01-30T08:52:19","guid":{"rendered":"http:\/\/agora.xtec.cat\/insllicamunt2\/?p=1718"},"modified":"2016-05-09T08:50:24","modified_gmt":"2016-05-09T07:50:24","slug":"projecte-de-lhort-amunt","status":"publish","type":"post","link":"https:\/\/agora.xtec.cat\/insllicamunt2\/el-far-dhipatia\/grups\/projecte-de-lhort-amunt\/","title":{"rendered":"Projecte de l&#8217;hort Amunt"},"content":{"rendered":"<p style=\"text-align: justify;\">A la tornada de les vacances de Nadal, varem rebre l\u2019enc\u00e0rrec que hav\u00edem fet a terres Padr\u00f3s de dos sacs d\u2019un metre c\u00fabic de terra i un sac d\u2019un metre c\u00fabic d\u2019adob.<\/p>\n<p style=\"text-align: center;\"><img loading=\"lazy\" decoding=\"async\" class=\"aligncenter\" src=\"https:\/\/lh3.googleusercontent.com\/-CPrROiHntA0\/Vqx2dipVyDI\/AAAAAAAAQ1c\/abjM3iXsQE8\/s800-Ic42\/20160111_115335.jpg\" alt=\"\" width=\"600\" height=\"338\" \/><\/p>\n<p style=\"text-align: justify;\">Amb una sola pala i per torns els alumnes van traslladar la terra i l\u2019adob als dos espais destinats a l&#8217;hort. Van necessitar m\u00e9s de deu hores de treball per acabar la tasca.<\/p>\n<p style=\"text-align: center;\"><img loading=\"lazy\" decoding=\"async\" class=\"aligncenter\" src=\"https:\/\/lh3.googleusercontent.com\/-gjVZq0CbNVU\/Vqx2fGuELGI\/AAAAAAAAQ1c\/atAkE30ytrw\/s640-Ic42\/20160113_142225.jpg\" alt=\"\" width=\"360\" height=\"640\" \/><\/p>\n<p style=\"text-align: justify;\">Un cop transportada la terra preparada per la sembra es va allisar i dibuixar solcs per fer passar l\u2019aigua de rec.<\/p>\n<p style=\"text-align: center;\"><img loading=\"lazy\" decoding=\"async\" class=\"aligncenter\" src=\"https:\/\/lh3.googleusercontent.com\/-lsUAk6vhtnM\/Vqx2ei1jRcI\/AAAAAAAAQ1c\/cGnOZg68aqY\/s800-Ic42\/20160111_115415.jpg\" alt=\"\" width=\"600\" height=\"338\" \/><\/p>\n<p style=\"text-align: justify;\">Ens hem basat en el Calendari de Pr\u00e0ctiques agr\u00edcoles de sembres i plantacions del Calendari dels Pagesos i l\u2019Almanac del Cordill de l\u2019any 2016 pel planter : enciams, escaroles, cebes, cols, coliflors, julivert, bledes. Tamb\u00e9 dues plantes arom\u00e0tiques, la lavanda i el roman\u00ed que ens previndran de possibles plagues. Tamb\u00e9 un esqueix de gerani.<\/p>\n<p style=\"text-align: center;\"><img loading=\"lazy\" decoding=\"async\" class=\"aligncenter\" src=\"https:\/\/lh3.googleusercontent.com\/-acT47wRqx7M\/Vqx2gHYC0DI\/AAAAAAAAQ1c\/d_GwZYrbPQU\/s640-Ic42\/20160115_140700.jpg\" alt=\"\" width=\"360\" height=\"640\" \/><\/p>\n<p style=\"text-align: justify;\">Cada dia anotem la temperatura i el temps que fa en un full de registre. Reguem un parell de cops a la setmana en funci\u00f3 de la sequedat de la terra.<\/p>\n<p style=\"text-align: center;\"><img loading=\"lazy\" decoding=\"async\" class=\"aligncenter\" src=\"https:\/\/lh3.googleusercontent.com\/-A2sEbXZiIRY\/Vqx2hhzURxI\/AAAAAAAAQ1c\/4TY5cufiG_w\/s640-Ic42\/20160115_142843.jpg\" alt=\"\" width=\"360\" height=\"640\" \/><\/p>\n<p style=\"text-align: justify;\">Acabat de plantar i amb els canalons excavats, l&#8217;Hort Amunt fa goig de deb\u00f2!<\/p>\n<p style=\"text-align: center;\"><img loading=\"lazy\" decoding=\"async\" class=\"aligncenter\" src=\"https:\/\/lh3.googleusercontent.com\/-0jr6LzUjy6o\/Vqx2irDha_I\/AAAAAAAAQ1c\/z8JbZ_4UalU\/s800-Ic42\/20160127_113812.jpg\" alt=\"\" width=\"600\" height=\"338\" \/><\/p>\n<p style=\"text-align: justify;\">El m\u00e9s important \u00e9s que l\u00b4alumnat est\u00e0 engrescat, participa activament i sent com a seu el projecte.<\/p>\n<p style=\"text-align: center;\"><img loading=\"lazy\" decoding=\"async\" class=\"aligncenter\" src=\"https:\/\/lh3.googleusercontent.com\/-jdqJ2sT_E30\/Vqx2i_Q08nI\/AAAAAAAAQ1c\/Y3sl5DR1aPs\/s640-Ic42\/20160122_132856.jpg\" alt=\"\" width=\"360\" height=\"640\" \/><\/p>\n<p style=\"text-align: justify;\">Ara esperem que quan pugin les temperatures i gr\u00e0cies al rec peri\u00f2dic l&#8217;hort comenci a cr\u00e9ixer i donar fruit.<\/p>\n<p style=\"text-align: center;\"><img loading=\"lazy\" decoding=\"async\" class=\"aligncenter\" src=\"https:\/\/lh3.googleusercontent.com\/-M3ut_eiIatU\/Vqx2kKuLvcI\/AAAAAAAAQ1c\/voR5L_XBd68\/s800-Ic42\/20160127_114726.jpg\" alt=\"\" width=\"600\" height=\"338\" \/><\/p>\n","protected":false},"excerpt":{"rendered":"<p>A la tornada de les vacances de Nadal, varem rebre l\u2019enc\u00e0rrec que hav\u00edem fet a terres Padr\u00f3s de dos sacs d\u2019un metre c\u00fabic de terra i un sac d\u2019un metre c\u00fabic d\u2019adob.<\/p>\n<p>Amb una sola pala i per torns els alumnes van traslladar la terra i&hellip;  <a href=\"https:\/\/agora.xtec.cat\/insllicamunt2\/el-far-dhipatia\/grups\/projecte-de-lhort-amunt\/\" title=\"Read Projecte de l&#8217;hort Amunt\">Llegeix m\u00e9s\u00bb<\/a><\/p>\n","protected":false},"author":66,"featured_media":1719,"comment_status":"open","ping_status":"open","sticky":false,"template":"","format":"standard","meta":{"_bbp_topic_count":0,"_bbp_reply_count":0,"_bbp_total_topic_count":0,"_bbp_total_reply_count":0,"_bbp_voice_count":0,"_bbp_anonymous_reply_count":0,"_bbp_topic_count_hidden":0,"_bbp_reply_count_hidden":0,"_bbp_forum_subforum_count":0,"footnotes":""},"categories":[5,6,7,93,520,99,3,98,29,399],"tags":[715,700,702,709,701,705,707,706,703,704,698,712,588,708,710,716,547,697,711,713,699,714],"class_list":["post-1718","post","type-post","status-publish","format-standard","has-post-thumbnail","hentry","category-2n-deso","category-3r-deso","category-4t-deso","category-activitats-daula","category-amunt","category-articles","category-grups","category-noticies-breus","category-portada","category-projectes","tag-adob","tag-almanac","tag-almanac-del-cordill","tag-bledes","tag-calendari-dels-pagesos","tag-cebes","tag-coliflors","tag-cols","tag-enciams","tag-escaroles","tag-full-de-registre","tag-gerani","tag-hort","tag-julivert","tag-lavanda","tag-padros","tag-projecte-amunt","tag-rec","tag-romani","tag-solcs","tag-temperatures","tag-terra"],"post_mailing_queue_ids":[],"_links":{"self":[{"href":"https:\/\/agora.xtec.cat\/insllicamunt2\/wp-json\/wp\/v2\/posts\/1718","targetHints":{"allow":["GET"]}}],"collection":[{"href":"https:\/\/agora.xtec.cat\/insllicamunt2\/wp-json\/wp\/v2\/posts"}],"about":[{"href":"https:\/\/agora.xtec.cat\/insllicamunt2\/wp-json\/wp\/v2\/types\/post"}],"author":[{"embeddable":true,"href":"https:\/\/agora.xtec.cat\/insllicamunt2\/wp-json\/wp\/v2\/users\/66"}],"replies":[{"embeddable":true,"href":"https:\/\/agora.xtec.cat\/insllicamunt2\/wp-json\/wp\/v2\/comments?post=1718"}],"version-history":[{"count":1,"href":"https:\/\/agora.xtec.cat\/insllicamunt2\/wp-json\/wp\/v2\/posts\/1718\/revisions"}],"predecessor-version":[{"id":1720,"href":"https:\/\/agora.xtec.cat\/insllicamunt2\/wp-json\/wp\/v2\/posts\/1718\/revisions\/1720"}],"wp:featuredmedia":[{"embeddable":true,"href":"https:\/\/agora.xtec.cat\/insllicamunt2\/wp-json\/wp\/v2\/media\/1719"}],"wp:attachment":[{"href":"https:\/\/agora.xtec.cat\/insllicamunt2\/wp-json\/wp\/v2\/media?parent=1718"}],"wp:term":[{"taxonomy":"category","embeddable":true,"href":"https:\/\/agora.xtec.cat\/insllicamunt2\/wp-json\/wp\/v2\/categories?post=1718"},{"taxonomy":"post_tag","embeddable":true,"href":"https:\/\/agora.xtec.cat\/insllicamunt2\/wp-json\/wp\/v2\/tags?post=1718"}],"curies":[{"name":"wp","href":"https:\/\/api.w.org\/{rel}","templated":true}]}}