{"id":1712,"date":"2016-02-09T09:00:26","date_gmt":"2016-02-09T08:00:26","guid":{"rendered":"http:\/\/agora.xtec.cat\/insllicamunt2\/?p=1712"},"modified":"2016-05-09T08:43:36","modified_gmt":"2016-05-09T07:43:36","slug":"iniciem-el-treball-dinvestigacio-en-ecologia-al-camp-de-proves-de-la-zona-verda-de-linstitut","status":"publish","type":"post","link":"https:\/\/agora.xtec.cat\/insllicamunt2\/el-far-dhipatia\/grups\/iniciem-el-treball-dinvestigacio-en-ecologia-al-camp-de-proves-de-la-zona-verda-de-linstitut\/","title":{"rendered":"Iniciem el treball d&#8217;investigaci\u00f3 en ecologia al camp de proves de la zona verda de l&#8217;institut"},"content":{"rendered":"<p style=\"text-align: justify;\">Els alumnes de l&#8217;optativa de Biologia i Geologia de 4t d&#8217;ESO estudiarem ecologia al tercer trimestre d&#8217;una manera pr\u00e0ctica i amb dades reals. Per a obtenir les dades, hem d&#8217;anticipar el treball preparant el camp de proves i fer el seguiment al llarg d&#8217;aquests propers mesos.<\/p>\n<p style=\"text-align: center;\"><img loading=\"lazy\" decoding=\"async\" class=\"aligncenter\" src=\"https:\/\/lh3.googleusercontent.com\/-Hh1sBdp8KlQ\/VquioRQv5gI\/AAAAAAAAQxQ\/i4X9zKJWSDA\/s800-Ic42\/IMG_3547.JPG\" alt=\"\" width=\"600\" height=\"450\" \/><\/p>\n<p style=\"text-align: justify;\">Amb l&#8217;objectiu d&#8217;aprendre de forma experimental els processos de successi\u00f3 biol\u00f2gica en sistemes ecol\u00f2gics, hem iniciat una investigaci\u00f3 al camp de proves de la zona verda de l&#8217;institut sobre l&#8217;evoluci\u00f3 en el temps de la vegetaci\u00f3 herb\u00e0cia a partir de diversos mecanismes de pertorbaci\u00f3: incendi, contaminaci\u00f3 qu\u00edmica, desforestaci\u00f3 i estr\u00e8s h\u00eddric.<\/p>\n<p style=\"text-align: center;\"><img loading=\"lazy\" decoding=\"async\" class=\"aligncenter\" src=\"https:\/\/lh3.googleusercontent.com\/-Ezq-rBlOTDg\/VqukDaTr4kI\/AAAAAAAAQx4\/PydUHe7ro68\/s800-Ic42\/IMG_3642.JPG\" alt=\"\" width=\"600\" height=\"450\" \/><\/p>\n<p style=\"text-align: justify;\">A la zona verda hem delimitat amb estaques i corda 6 quadrants de 1 m<sup><sub>2<\/sub><\/sup> de superf\u00edcie cadascun, disposats aleat\u00f2riament en el terreny a una certa dist\u00e0ncia en dues columnes i tres fileres. A cada quadrant es realitzar\u00e0 una prova diferent.<\/p>\n<p style=\"text-align: center;\"><img loading=\"lazy\" decoding=\"async\" class=\"aligncenter\" src=\"https:\/\/lh3.googleusercontent.com\/-7Ac9aVqnZ9k\/VquipBbatMI\/AAAAAAAAQxQ\/FCCNAygddRs\/s800-Ic42\/IMG_3577.JPG\" alt=\"\" width=\"600\" height=\"450\" \/><\/p>\n<p style=\"text-align: justify;\">Una vegada delimitats els quadrants s&#8217;ha procedit a reproduir artificialment les diverses pertorbacions. Per a cada prova, s&#8217;ha escollit aleat\u00f2riament un determinat quadrant:<\/p>\n<p>&nbsp;<\/p>\n<table class=\" aligncenter\" style=\"width: 270px; height: 270px; background-color: #ffffff; border-color: #ffffff;\" border=\"0\" cellspacing=\"20\" cellpadding=\"20\">\n<tbody>\n<tr>\n<td style=\"width: 20px; height: 20px; text-align: center; vertical-align: middle;\">Quadrant 1: Incendi<\/td>\n<td style=\"width: 20px; height: 20px; text-align: center; vertical-align: middle;\">Quadrant 4: Control<\/td>\n<\/tr>\n<tr>\n<td style=\"vertical-align: middle; text-align: center;\">Quadrant 2: Control<\/td>\n<td style=\"vertical-align: middle; text-align: center;\">Quadrant 5: Estr\u00e8s h\u00eddric<\/td>\n<\/tr>\n<tr>\n<td style=\"vertical-align: middle; text-align: center;\">Quadrant 3: Contaminaci\u00f3 qu\u00edmica<\/td>\n<td style=\"vertical-align: middle; text-align: center;\">Quadrant 6: Desforestaci\u00f3<\/td>\n<\/tr>\n<\/tbody>\n<\/table>\n<p>&nbsp;<\/p>\n<p style=\"text-align: center;\"><img loading=\"lazy\" decoding=\"async\" class=\"aligncenter\" src=\"https:\/\/lh3.googleusercontent.com\/-1xx3ByJNxLo\/VquirDAwUnI\/AAAAAAAAQxQ\/IfRgJau6m18\/s800-Ic42\/IMG_3626.JPG\" alt=\"\" width=\"600\" height=\"450\" \/><\/p>\n<p style=\"text-align: justify;\">Per tal d&#8217;estudiar la colonitzaci\u00f3 del medi despr\u00e9s d&#8217;un incendi, la Nazareth i la Maria v\u00e0rem ruixar amb alcohol la superf\u00edcie vegetal del quadrant 1 i posteriorment el professor, amb precauci\u00f3, hi va calar foc. Durant els propers mesos observarem i anotarem tots els canvis que es produeixin a la parcel\u00b7la per poder recollir dades per realitzar el nostre treball.<\/p>\n<p style=\"text-align: center;\"><img loading=\"lazy\" decoding=\"async\" class=\"aligncenter\" src=\"https:\/\/lh3.googleusercontent.com\/-YVKUOreufqQ\/VquinWahVoI\/AAAAAAAAQxQ\/3fn4z72rC9k\/s800-Ic42\/IMG_3551.JPG\" alt=\"\" width=\"600\" height=\"450\" \/><\/p>\n<p style=\"text-align: center;\">A les fotografies es pot observar la parcel\u00b7la abans i despr\u00e9s de l&#8217;incendi.<\/p>\n<p style=\"text-align: center;\"><img loading=\"lazy\" decoding=\"async\" class=\"aligncenter\" src=\"https:\/\/lh3.googleusercontent.com\/-J27TXWi_Gq0\/VquisHysrcI\/AAAAAAAAQxQ\/m7-IbfKgDA4\/s800-Ic42\/IMG_3627.JPG\" alt=\"\" width=\"600\" height=\"450\" \/><\/p>\n<p style=\"text-align: justify;\">Bona part de la porci\u00f3 a\u00e8ria de les plantes es va cremar. Les arrels, per\u00f2, probablement s&#8217;hauran mantingut intactes.<\/p>\n<p style=\"text-align: center;\"><img loading=\"lazy\" decoding=\"async\" class=\"aligncenter\" src=\"https:\/\/lh3.googleusercontent.com\/-ua31d0CyGLE\/VquixuET-QI\/AAAAAAAAQxQ\/QQuvs_Ugpvs\/s800-Ic42\/IMG_3644.JPG\" alt=\"\" width=\"600\" height=\"450\" \/><\/p>\n<p style=\"text-align: justify;\">Amb l&#8217;objectiu d&#8217;analitzar els efectes de la contaminaci\u00f3 puntual de la vegetaci\u00f3, la Judith i l&#8217;H\u00e9ctor han ruixat lleixiu a sobre de la vegetaci\u00f3 del quadrant 3 amb un petit aspersor.<\/p>\n<p style=\"text-align: center;\"><img loading=\"lazy\" decoding=\"async\" class=\"aligncenter\" src=\"https:\/\/lh3.googleusercontent.com\/-Uc-cdWmzuSg\/VqukFNlJGEI\/AAAAAAAAQyA\/3o5OYNOBf7A\/s640-Ic42\/IMG_3643.JPG\" alt=\"\" width=\"600\" height=\"450\" \/><\/p>\n<p style=\"text-align: justify;\">Amb molt de compte han ruixat totes les plantes perqu\u00e8 quedessin ben mullades amb el lleixiu, per\u00f2 sense que el producte qu\u00edmic arribi a penetrar a l&#8217;interior del subs\u00f2l.<\/p>\n<p style=\"text-align: center;\"><img loading=\"lazy\" decoding=\"async\" class=\"aligncenter\" src=\"https:\/\/lh3.googleusercontent.com\/-kKiWml0RziI\/VquivsTAzLI\/AAAAAAAAQxQ\/qydHmE3G48c\/s800-Ic42\/IMG_3635.JPG\" alt=\"\" width=\"600\" height=\"450\" \/><\/p>\n<p style=\"text-align: justify;\">Els efectes del contaminant no s&#8217;han notat immediatament, per\u00f2 al cap de pocs dies la part a\u00e8ria de les plantes s&#8217;ha assecat. Caldr\u00e0 observar si algunes de les plantes existents resisteixen i rebroten o es moren definitivament. D&#8217;altra part, caldr\u00e0 observar si les plantes mortes s\u00f3n substitu\u00efdes per nous exemplars que colonitzen l&#8217;espai.<\/p>\n<p style=\"text-align: center;\"><img loading=\"lazy\" decoding=\"async\" class=\"aligncenter\" src=\"https:\/\/lh3.googleusercontent.com\/-jkQUdMaYe18\/VqukGQVHcmI\/AAAAAAAAQx8\/96HReCXsles\/s640-Ic42\/IMG_3650.JPG\" alt=\"\" width=\"600\" height=\"450\" \/><\/p>\n<p style=\"text-align: justify;\">Per a estudiar els efectes de l&#8217;estr\u00e8s h\u00eddric sobre la vegetaci\u00f3 herb\u00e0cia hem procedit a realitzar l&#8217;experiment a l&#8217;inrev\u00e9s del que es podria esperar. Aprofitant el per\u00edode de sequera que pateix Catalunya, l&#8217;Ignasi i l&#8217;Ariadna hem decidit proporcionar a la vegetaci\u00f3 del quadrant 5 suficient aigua com per que l&#8217;herba no pateixi d&#8217;estr\u00e8s h\u00eddric: aboquem un cubell i mig d&#8217;aigua dues vegades a la setmana. El resultat el compararem amb els quadrants de control, que no tenen altra aportaci\u00f3 d&#8217;aigua que la de pluja.<\/p>\n<p style=\"text-align: center;\"><img loading=\"lazy\" decoding=\"async\" class=\"aligncenter\" src=\"https:\/\/lh3.googleusercontent.com\/-aNqe6D5xBU8\/VqukDM1WYjI\/AAAAAAAAQxo\/HrN7GnlGcaY\/s640-Ic42\/IMG_3633.JPG\" alt=\"\" width=\"600\" height=\"450\" \/><\/p>\n<p style=\"text-align: center;\">La fotografia superior \u00e9s l&#8217;estat de la vegetaci\u00f3 just abans del primer rec.<\/p>\n<p style=\"text-align: center;\"><img loading=\"lazy\" decoding=\"async\" class=\"aligncenter\" src=\"https:\/\/lh3.googleusercontent.com\/-R-Hj8TWZY1A\/VquiunDSQ_I\/AAAAAAAAQxQ\/FGwcn_4vhvg\/s800-Ic42\/IMG_3630.JPG\" alt=\"\" width=\"600\" height=\"450\" \/><\/p>\n<p style=\"text-align: justify;\">La Judit i l&#8217;Albine hem eliminat mec\u00e0nicament les plantes del quadrant 6 amb l&#8217;objectiu de reproduir la desforestaci\u00f3. Amb una aixada vam treure les herbes i posteriorment vam allisar la superf\u00edcie de terra. Tot i no excavar profundament, vam intentar eliminar totes les arrels superficials.<\/p>\n<p style=\"text-align: center;\"><img loading=\"lazy\" decoding=\"async\" class=\"aligncenter\" src=\"https:\/\/lh3.googleusercontent.com\/-vd09eaz2RfE\/VqukCUxMceI\/AAAAAAAAQxs\/q6dOSCfRTi8\/s800-Ic42\/IMG_3636.JPG\" alt=\"\" width=\"600\" height=\"450\" \/><\/p>\n<p style=\"text-align: justify;\">Durant els propers mesos anotarem les noves plantes que recolonitzin l&#8217;espai. La recolonitzaci\u00f3 es pot produir gr\u00e0cies al romanent de llavors del substrat, per propagaci\u00f3 de les plantes marginals, o per propagaci\u00f3 a\u00e8ria.<\/p>\n<p style=\"text-align: center;\"><img loading=\"lazy\" decoding=\"async\" class=\"aligncenter\" src=\"https:\/\/lh3.googleusercontent.com\/-L_igulZlHMA\/VquitlVwaeI\/AAAAAAAAQxQ\/nNSG325AmLw\/s800-Ic42\/IMG_3629.JPG\" alt=\"\" width=\"600\" height=\"450\" \/><\/p>\n<p style=\"text-align: justify;\">Els quadrants 2 i 4 s\u00f3n de control. Aix\u00f2 vol dir que no intervenim de cap manera en les superf\u00edcies delimitades.<\/p>\n<p style=\"text-align: justify;\">En qualsevol experimentaci\u00f3 cient\u00edfica \u00e9s necessari crear proves de control amb l&#8217;objectiu de discriminar possibles variables no tingudes en compte que poguessin condicionar els resultats. Aix\u00ed, per exemple, imaginem que al nostre camp de proves no considerem cap quadrant de control i una nit qualsevol es produeix una intensa gelada que perjudica seriosament la vegetaci\u00f3 en estudi i de la qual no en som conscients. Els efectes apareixeran tant al quadrant de control com a la resta, i aix\u00f2 ens permetr\u00e0 concloure que hi ha alguna variable que no hem tingut en compte. Si no dispos\u00e9ssim d&#8217;aquestes dades, podr\u00edem interpretar que el comportament de les plantes \u00e9s degut a alguna de les variables en estudi, i no la temperatura!<\/p>\n<p style=\"text-align: center;\"><img loading=\"lazy\" decoding=\"async\" class=\"aligncenter\" src=\"https:\/\/lh3.googleusercontent.com\/-0qnP7TKfP2c\/Vqui5MSo21I\/AAAAAAAAQxQ\/PGuow0Ww_KE\/s800-Ic42\/IMG_3651.JPG\" alt=\"\" width=\"600\" height=\"450\" \/><\/p>\n<p style=\"text-align: justify;\">El quadrant 4 es troba a prop d&#8217;un arbre de morera que, tot i estar actualment podat i sense fulles, aviat formar\u00e0 una copa densa que li proporcionar\u00e0 ombra forces hores al dia. En canvi, el quadrant 2 es troba fora de la influ\u00e8ncia de l&#8217;arbre i li tocar\u00e0 el Sol totes les hores. D&#8217;aquesta manera, ser\u00e0 possible estudiar les difer\u00e8ncies en la vegetaci\u00f3 en cadascun dels quadrants en funci\u00f3 de l&#8217;ombra projectada sobre el terra. El Carlos i la Noelia controlaran els canvis produ\u00efts al quadrant 4, mentre que la Meritxell i la Mireia s&#8217;encarregaran d&#8217;analitzar el quadrant 2.<\/p>\n<p style=\"text-align: center;\"><img loading=\"lazy\" decoding=\"async\" class=\"aligncenter\" src=\"https:\/\/lh3.googleusercontent.com\/-st6onrzZ6CA\/VquiwYCtlKI\/AAAAAAAAQxQ\/Iq8NgEBw7zo\/s800-Ic42\/IMG_3638.JPG\" alt=\"\" width=\"600\" height=\"450\" \/><\/p>\n<p style=\"text-align: justify;\">El camp de proves est\u00e0 en marxa. Ara es tracta de recollir peri\u00f2dicament dades de diversitat i recobriment vegetal a cadascun dels quadrants.<\/p>\n<p style=\"text-align: center;\"><img loading=\"lazy\" decoding=\"async\" class=\"aligncenter\" src=\"https:\/\/lh3.googleusercontent.com\/-DZTv0gOwsVs\/Vqui6IOCnYI\/AAAAAAAAQxQ\/FksopXIcPXI\/s800-Ic42\/IMG_3658.JPG\" alt=\"\" width=\"600\" height=\"450\" \/><\/p>\n","protected":false},"excerpt":{"rendered":"<p>Els alumnes de l&#8217;optativa de Biologia i Geologia de 4t d&#8217;ESO estudiarem ecologia al tercer trimestre d&#8217;una manera pr\u00e0ctica i amb dades reals. Per a obtenir les dades, hem d&#8217;anticipar el treball preparant el camp de proves i fer el seguiment al llarg d&#8217;aquests propers&hellip;  <a href=\"https:\/\/agora.xtec.cat\/insllicamunt2\/el-far-dhipatia\/grups\/iniciem-el-treball-dinvestigacio-en-ecologia-al-camp-de-proves-de-la-zona-verda-de-linstitut\/\" title=\"Read Iniciem el treball d&#8217;investigaci\u00f3 en ecologia al camp de proves de la zona verda de l&#8217;institut\">Llegeix m\u00e9s\u00bb<\/a><\/p>\n","protected":false},"author":89,"featured_media":1715,"comment_status":"open","ping_status":"open","sticky":false,"template":"","format":"standard","meta":{"_bbp_topic_count":0,"_bbp_reply_count":0,"_bbp_total_topic_count":0,"_bbp_total_reply_count":0,"_bbp_voice_count":0,"_bbp_anonymous_reply_count":0,"_bbp_topic_count_hidden":0,"_bbp_reply_count_hidden":0,"_bbp_forum_subforum_count":0,"footnotes":""},"categories":[7,93,99,347,3,346,98,29],"tags":[1213,767,694,768,368,695,770,693,90,771,692,769],"class_list":["post-1712","post","type-post","status-publish","format-standard","has-post-thumbnail","hentry","category-4t-deso","category-activitats-daula","category-articles","category-biologia-i-geologia","category-grups","category-materies","category-noticies-breus","category-portada","tag-biologia-i-geologia","tag-camp-de-proves","tag-contaminacio","tag-desforestacio","tag-ecologia","tag-estres-hidric","tag-experimentacio","tag-incendi","tag-laboratori-de-ciencies","tag-projecte-de-recerca","tag-successions","tag-treball-practic"],"post_mailing_queue_ids":[],"_links":{"self":[{"href":"https:\/\/agora.xtec.cat\/insllicamunt2\/wp-json\/wp\/v2\/posts\/1712","targetHints":{"allow":["GET"]}}],"collection":[{"href":"https:\/\/agora.xtec.cat\/insllicamunt2\/wp-json\/wp\/v2\/posts"}],"about":[{"href":"https:\/\/agora.xtec.cat\/insllicamunt2\/wp-json\/wp\/v2\/types\/post"}],"author":[{"embeddable":true,"href":"https:\/\/agora.xtec.cat\/insllicamunt2\/wp-json\/wp\/v2\/users\/89"}],"replies":[{"embeddable":true,"href":"https:\/\/agora.xtec.cat\/insllicamunt2\/wp-json\/wp\/v2\/comments?post=1712"}],"version-history":[{"count":3,"href":"https:\/\/agora.xtec.cat\/insllicamunt2\/wp-json\/wp\/v2\/posts\/1712\/revisions"}],"predecessor-version":[{"id":1830,"href":"https:\/\/agora.xtec.cat\/insllicamunt2\/wp-json\/wp\/v2\/posts\/1712\/revisions\/1830"}],"wp:featuredmedia":[{"embeddable":true,"href":"https:\/\/agora.xtec.cat\/insllicamunt2\/wp-json\/wp\/v2\/media\/1715"}],"wp:attachment":[{"href":"https:\/\/agora.xtec.cat\/insllicamunt2\/wp-json\/wp\/v2\/media?parent=1712"}],"wp:term":[{"taxonomy":"category","embeddable":true,"href":"https:\/\/agora.xtec.cat\/insllicamunt2\/wp-json\/wp\/v2\/categories?post=1712"},{"taxonomy":"post_tag","embeddable":true,"href":"https:\/\/agora.xtec.cat\/insllicamunt2\/wp-json\/wp\/v2\/tags?post=1712"}],"curies":[{"name":"wp","href":"https:\/\/api.w.org\/{rel}","templated":true}]}}