{"id":1689,"date":"2015-12-12T16:05:14","date_gmt":"2015-12-12T15:05:14","guid":{"rendered":"http:\/\/agora.xtec.cat\/insllicamunt2\/?p=1689"},"modified":"2016-05-09T08:56:34","modified_gmt":"2016-05-09T07:56:34","slug":"geologia-per-a-que-serveix","status":"publish","type":"post","link":"https:\/\/agora.xtec.cat\/insllicamunt2\/el-far-dhipatia\/grups\/geologia-per-a-que-serveix\/","title":{"rendered":"Geologia. Per a qu\u00e8 serveix?"},"content":{"rendered":"<p style=\"text-align: justify;\">L&#8217;Alba Gil \u00e9s Doctora en Geologia per la Universitat de Barcelona, experta en Geof\u00edsica i adscrita a l&#8217;Institut de Ci\u00e8ncies de la Terra Jaume Almera &#8211; CSIC i a la Universitat de Barcelona. El passat 10 de desembre va venir al nostre institut a donar-nos una confer\u00e8ncia poc abans de marxar al Regne Unit per realitzar tasques d&#8217;investigaci\u00f3 dins d&#8217;un programa post-doc.<\/p>\n<p style=\"text-align: center;\"><img loading=\"lazy\" decoding=\"async\" class=\"aligncenter\" src=\"https:\/\/lh3.googleusercontent.com\/-ZUAZ0h5N1sc\/VqobU5WUqFI\/AAAAAAAAQiA\/h6UE-FJPCnk\/s800-Ic42\/IMG_3656.JPG\" alt=\"\" width=\"600\" height=\"450\" \/><\/p>\n<p style=\"text-align: justify;\">A la xerrada van assistir els alumnes de 4t d&#8217;ESO en el marc del Cicle de Confer\u00e8ncies organitzat per l&#8217;\u00e0rea de Lleng\u00fces, i es va celebrar a la sala de confer\u00e8ncies del Casal de la Gent Gran de Lli\u00e7\u00e0 d&#8217;Amunt.<\/p>\n<p style=\"text-align: justify;\">La confer\u00e8ncia, titulada &#8220;Geologia. Per a qu\u00e8 serveix?&#8221;, va permetre als alumnes con\u00e8ixer amb detall els diferents camps professionals dels ge\u00f2legs, des de la mineria fins a la vulcanologia, en tot un ventall d&#8217;\u00e0rees des de la geologia aplicada fins al coneixement fonamental.<\/p>\n<p style=\"text-align: center;\"><img loading=\"lazy\" decoding=\"async\" class=\"aligncenter\" src=\"https:\/\/lh3.googleusercontent.com\/-8QeNdwRaaG8\/VqobVfFyioI\/AAAAAAAAQiA\/vPMG0bDo56w\/s800-Ic42\/IMG_3657.JPG\" alt=\"\" width=\"600\" height=\"450\" \/><\/p>\n<p style=\"text-align: justify;\">La mineria tradicional \u00e9s una ind\u00fastria actualment en retroc\u00e9s a la Pen\u00ednsula Ib\u00e8rica com a conseq\u00fc\u00e8ncia de l&#8217;explotaci\u00f3 continuada de recursos. Els ge\u00f2legs estudien el terreny per cercar nous jaciments i determinar la configuraci\u00f3 m\u00e9s adequada de les mines: mines subterr\u00e0nies o mines a cel obert. Actualment, les terres rares, elements tra\u00e7a i minerals rars, han obert una nova via d&#8217;investigaci\u00f3 en l&#8217;explotaci\u00f3 de recursos minerals per a usos en electr\u00f2nica i telefonia m\u00f2bil (com el coltan), nanotecnologia, etc.<\/p>\n<p style=\"text-align: center;\"><img loading=\"lazy\" decoding=\"async\" class=\"aligncenter\" src=\"https:\/\/lh3.googleusercontent.com\/-vXqhRYzYVMc\/VqobTDmfuHI\/AAAAAAAAQiA\/cX-_xdYLDsk\/s800-Ic42\/IMG_3634.JPG\" alt=\"\" width=\"600\" height=\"450\" \/><\/p>\n<p style=\"text-align: justify;\">L&#8217;obra civil \u00e9s el conjunt d&#8217;infraestructures empla\u00e7ades a l&#8217;entorn, com carreteres, ports, aeroports, ponts, preses, canals, etc. El disseny, la construcci\u00f3 i el manteniment d&#8217;aquestes obres \u00e9s responsabilitat dels enginyers, per\u00f2 els ge\u00f2legs s\u00f3n responsables de l&#8217;estudi del terreny per determinar el comportament del subs\u00f2l en la distribuci\u00f3 de c\u00e0rregues i en l&#8217;assentament inicial i futur de les infraestructures.<\/p>\n<p style=\"text-align: center;\"><img loading=\"lazy\" decoding=\"async\" class=\"aligncenter\" src=\"https:\/\/lh3.googleusercontent.com\/-sKZvL0fSCD4\/VqobTu5tsjI\/AAAAAAAAQiA\/2TafHIqVeE4\/s800-Ic42\/IMG_3640.JPG\" alt=\"\" width=\"600\" height=\"450\" \/><\/p>\n<p style=\"text-align: justify;\">La prevenci\u00f3 de desastres naturals exigeix una investigaci\u00f3 acurada dels processos naturals, en general, i dels processos geol\u00f2gics, en particular. La predicci\u00f3 de terratr\u00e8mols i de tsunamis associats, els moviments de masses en processos gravitacionals, erupcions vulc\u00e0niques, inundacions&#8230; En tots aquests camps el ge\u00f2leg \u00e9s essencial tant per a entendre les causes com per a predir els desastres i intervenir en la seva prevenci\u00f3.<\/p>\n<p style=\"text-align: center;\"><img loading=\"lazy\" decoding=\"async\" class=\"aligncenter\" src=\"https:\/\/lh3.googleusercontent.com\/-h2xgk9sU9Ac\/VqobUTibg4I\/AAAAAAAAQiA\/cnJqonIGZx4\/s800-Ic42\/IMG_3647.JPG\" alt=\"\" width=\"600\" height=\"450\" \/><\/p>\n<p style=\"text-align: justify;\">El canvi clim\u00e0tic \u00e9s actualment una evid\u00e8ncia. Arreu del planeta s&#8217;observen fen\u00f2mens que demostren els efectes de l&#8217;escalfament global. Els ge\u00f2legs contribueixen a entendre aquests fen\u00f2mens i a realitzar previsions de futur tot estudiant els esdeveniments del passat: paleoambients i paleoclimes, fen\u00f2mens de canvi clim\u00e0tic del passat que poden ser clau en la previsi\u00f3 del futur.<\/p>\n<p style=\"text-align: justify;\">Els ge\u00f2legs tamb\u00e9 poden donar llum a mesures pal\u00b7liatives de la contaminaci\u00f3, com per exemple estudiar la viabilitat i els efectes d&#8217;injectar CO<sub>2<\/sub> al subs\u00f2l per fixar-lo i aix\u00ed disminuir-ne la seva concentraci\u00f3 a l&#8217;atmosfera.<\/p>\n<p style=\"text-align: center;\"><img loading=\"lazy\" decoding=\"async\" class=\"aligncenter\" src=\"https:\/\/lh3.googleusercontent.com\/-0xU2e8j8QCU\/VqobUPY0MgI\/AAAAAAAAQiA\/Ii28rBfM2R4\/s800-Ic42\/IMG_3654.JPG\" alt=\"\" width=\"600\" height=\"450\" \/><\/p>\n<p style=\"text-align: justify;\">El ge\u00f2leg tamb\u00e9 \u00e9s responsable de l&#8217;estudi dels aq\u00fc\u00edfers, de determinar la seva capacitat de c\u00e0rrega i de renovaci\u00f3, cartografiar la seva extensi\u00f3 i profunditat i determinar les mesures d&#8217;\u00fas responsable.<\/p>\n<p style=\"text-align: justify;\">Finalment, com en tota \u00e0rea de coneixement, el ge\u00f2leg contribueix mitjan\u00e7ant la investigaci\u00f3 al progr\u00e9s i a la recerca de nous camps de treball i d&#8217;aplicaci\u00f3.<\/p>\n<p style=\"text-align: justify;\">Des d&#8217;aqu\u00ed volem agrair a l&#8217;Alba Gil aquesta confer\u00e8ncia tan interessant i desitjar-li molts \u00e8xits en la nova etapa d&#8217;investigaci\u00f3 al Regne Unit.<\/p>\n","protected":false},"excerpt":{"rendered":"<p>L&#8217;Alba Gil \u00e9s Doctora en Geologia per la Universitat de Barcelona, experta en Geof\u00edsica i adscrita a l&#8217;Institut de Ci\u00e8ncies de la Terra Jaume Almera &#8211; CSIC i a la Universitat de Barcelona. El passat 10 de desembre va venir al nostre institut a donar-nos&hellip;  <a href=\"https:\/\/agora.xtec.cat\/insllicamunt2\/el-far-dhipatia\/grups\/geologia-per-a-que-serveix\/\" title=\"Read Geologia. Per a qu\u00e8 serveix?\">Llegeix m\u00e9s\u00bb<\/a><\/p>\n","protected":false},"author":27,"featured_media":1692,"comment_status":"open","ping_status":"open","sticky":false,"template":"","format":"standard","meta":{"_bbp_topic_count":0,"_bbp_reply_count":0,"_bbp_total_topic_count":0,"_bbp_total_reply_count":0,"_bbp_voice_count":0,"_bbp_anonymous_reply_count":0,"_bbp_topic_count_hidden":0,"_bbp_reply_count_hidden":0,"_bbp_forum_subforum_count":0,"footnotes":""},"categories":[7,93,99,347,348,3,346,98,29],"tags":[675,1213,385,677,678,676,74],"class_list":["post-1689","post","type-post","status-publish","format-standard","has-post-thumbnail","hentry","category-4t-deso","category-activitats-daula","category-articles","category-biologia-i-geologia","category-castella","category-grups","category-materies","category-noticies-breus","category-portada","tag-alba-gil","tag-biologia-i-geologia","tag-castella","tag-cicle-de-conferencies","tag-ciencies-de-la-terra","tag-conferencia","tag-geologia"],"post_mailing_queue_ids":[],"_links":{"self":[{"href":"https:\/\/agora.xtec.cat\/insllicamunt2\/wp-json\/wp\/v2\/posts\/1689","targetHints":{"allow":["GET"]}}],"collection":[{"href":"https:\/\/agora.xtec.cat\/insllicamunt2\/wp-json\/wp\/v2\/posts"}],"about":[{"href":"https:\/\/agora.xtec.cat\/insllicamunt2\/wp-json\/wp\/v2\/types\/post"}],"author":[{"embeddable":true,"href":"https:\/\/agora.xtec.cat\/insllicamunt2\/wp-json\/wp\/v2\/users\/27"}],"replies":[{"embeddable":true,"href":"https:\/\/agora.xtec.cat\/insllicamunt2\/wp-json\/wp\/v2\/comments?post=1689"}],"version-history":[{"count":3,"href":"https:\/\/agora.xtec.cat\/insllicamunt2\/wp-json\/wp\/v2\/posts\/1689\/revisions"}],"predecessor-version":[{"id":1697,"href":"https:\/\/agora.xtec.cat\/insllicamunt2\/wp-json\/wp\/v2\/posts\/1689\/revisions\/1697"}],"wp:featuredmedia":[{"embeddable":true,"href":"https:\/\/agora.xtec.cat\/insllicamunt2\/wp-json\/wp\/v2\/media\/1692"}],"wp:attachment":[{"href":"https:\/\/agora.xtec.cat\/insllicamunt2\/wp-json\/wp\/v2\/media?parent=1689"}],"wp:term":[{"taxonomy":"category","embeddable":true,"href":"https:\/\/agora.xtec.cat\/insllicamunt2\/wp-json\/wp\/v2\/categories?post=1689"},{"taxonomy":"post_tag","embeddable":true,"href":"https:\/\/agora.xtec.cat\/insllicamunt2\/wp-json\/wp\/v2\/tags?post=1689"}],"curies":[{"name":"wp","href":"https:\/\/api.w.org\/{rel}","templated":true}]}}