{"id":1681,"date":"2016-01-28T14:27:04","date_gmt":"2016-01-28T13:27:04","guid":{"rendered":"http:\/\/agora.xtec.cat\/insllicamunt2\/?p=1681"},"modified":"2016-05-09T08:51:20","modified_gmt":"2016-05-09T07:51:20","slug":"cor-claveria-lalianca","status":"publish","type":"post","link":"https:\/\/agora.xtec.cat\/insllicamunt2\/el-far-dhipatia\/portada\/cor-claveria-lalianca\/","title":{"rendered":"Cor Claveri\u00e0 l&#8217;Alian\u00e7a"},"content":{"rendered":"<p style=\"text-align: justify;\">Aquest any 2016 l\u2019entitat cultural COR CLAVERI\u00c0 L\u2019ALIAN\u00c7A celebra 100 ANYS de traject\u00f2ria en el m\u00f3n del cant coral al nostre municipi.<\/p>\n<p style=\"text-align: center;\"><a href=\"http:\/\/agora.xtec.cat\/insllicamunt2\/wp-content\/uploads\/usu1100\/2016\/01\/orfeo-llissani.jpg\"><img loading=\"lazy\" decoding=\"async\" class=\"aligncenter size-full wp-image-1683\" src=\"http:\/\/agora.xtec.cat\/insllicamunt2\/wp-content\/uploads\/usu1100\/2016\/01\/orfeo-llissani.jpg\" alt=\"orfeo-llissani\" width=\"700\" height=\"446\" srcset=\"https:\/\/agora.xtec.cat\/insllicamunt2\/wp-content\/uploads\/usu1100\/2016\/01\/orfeo-llissani.jpg 700w, https:\/\/agora.xtec.cat\/insllicamunt2\/wp-content\/uploads\/usu1100\/2016\/01\/orfeo-llissani-300x191.jpg 300w\" sizes=\"auto, (max-width: 700px) 100vw, 700px\" \/><\/a><\/p>\n<p style=\"text-align: justify;\">Al llarg de tot aquest temps ha estat una entitat cultural molt important al municipi i per aix\u00f2 l\u2019Ajuntament de Lli\u00e7\u00e0 d\u2019Amunt presentar\u00e0 una candidatura per a qu\u00e8 la Generalitat de Catalunya concedeixi la distingida Creu de Sant Jordi a l\u2019entitat per la seva tasca ininterrompuda i impecable en la vida cultural del nostre municipi.<\/p>\n<p><a href=\"http:\/\/agora.xtec.cat\/insllicamunt2\/wp-content\/uploads\/usu1100\/2016\/01\/cor-clave-2016.jpg\"><img loading=\"lazy\" decoding=\"async\" class=\"aligncenter size-full wp-image-1682\" src=\"http:\/\/agora.xtec.cat\/insllicamunt2\/wp-content\/uploads\/usu1100\/2016\/01\/cor-clave-2016.jpg\" alt=\"cor-clave-2016\" width=\"700\" height=\"477\" srcset=\"https:\/\/agora.xtec.cat\/insllicamunt2\/wp-content\/uploads\/usu1100\/2016\/01\/cor-clave-2016.jpg 700w, https:\/\/agora.xtec.cat\/insllicamunt2\/wp-content\/uploads\/usu1100\/2016\/01\/cor-clave-2016-300x204.jpg 300w\" sizes=\"auto, (max-width: 700px) 100vw, 700px\" \/><\/a><\/p>\n<p style=\"text-align: justify;\">Si vols donar el teu recolzament a la petici\u00f3 de la Creu de Sant Jordi per aquesta entitat, adhereix-te a la campanya de recollida de signatures de suport que trobar\u00e0s al seg\u00fcent <a href=\"http:\/\/www.llicamunt.cat\/ca\/pag547\/recollida-de-signatures.htm\" target=\"_blank\">ENLLA\u00c7<\/a>.<\/p>\n<p style=\"text-align: justify;\">Regidoria de Cultura<br \/>\nAjuntament de Lli\u00e7\u00e0 d\u2019Amunt<\/p>\n","protected":false},"excerpt":{"rendered":"<p>Aquest any 2016 l\u2019entitat cultural COR CLAVERI\u00c0 L\u2019ALIAN\u00c7A celebra 100 ANYS de traject\u00f2ria en el m\u00f3n del cant coral al nostre municipi.<br \/>\n<a href=\"http:\/\/agora.xtec.cat\/insllicamunt2\/wp-content\/uploads\/usu1100\/2016\/01\/orfeo-llissani.jpg\"><\/a><br \/>\nAl llarg de tot aquest temps ha estat una entitat cultural molt important al municipi i per aix\u00f2 l\u2019Ajuntament de Lli\u00e7\u00e0 d\u2019Amunt presentar\u00e0&hellip;  <a href=\"https:\/\/agora.xtec.cat\/insllicamunt2\/el-far-dhipatia\/portada\/cor-claveria-lalianca\/\" title=\"Read Cor Claveri\u00e0 l&#8217;Alian\u00e7a\">Llegeix m\u00e9s\u00bb<\/a><\/p>\n","protected":false},"author":32,"featured_media":1682,"comment_status":"open","ping_status":"open","sticky":false,"template":"","format":"standard","meta":{"_bbp_topic_count":0,"_bbp_reply_count":0,"_bbp_total_topic_count":0,"_bbp_total_reply_count":0,"_bbp_voice_count":0,"_bbp_anonymous_reply_count":0,"_bbp_topic_count_hidden":0,"_bbp_reply_count_hidden":0,"_bbp_forum_subforum_count":0,"footnotes":""},"categories":[94,99,593,98,29],"tags":[666,667,545,669,665,662,663,664,670,668,71,70,671],"class_list":["post-1681","post","type-post","status-publish","format-standard","has-post-thumbnail","hentry","category-activitats-fora-del-centre","category-articles","category-comunitat-educativa","category-noticies-breus","category-portada","tag-666","tag-667","tag-ajuntament","tag-cant-coral","tag-centenari","tag-cor","tag-cor-claveria","tag-cor-llicani","tag-coral","tag-creu-de-sant-jordi","tag-lalianca","tag-llica-damunt","tag-regidoria-de-cultura"],"post_mailing_queue_ids":[],"_links":{"self":[{"href":"https:\/\/agora.xtec.cat\/insllicamunt2\/wp-json\/wp\/v2\/posts\/1681","targetHints":{"allow":["GET"]}}],"collection":[{"href":"https:\/\/agora.xtec.cat\/insllicamunt2\/wp-json\/wp\/v2\/posts"}],"about":[{"href":"https:\/\/agora.xtec.cat\/insllicamunt2\/wp-json\/wp\/v2\/types\/post"}],"author":[{"embeddable":true,"href":"https:\/\/agora.xtec.cat\/insllicamunt2\/wp-json\/wp\/v2\/users\/32"}],"replies":[{"embeddable":true,"href":"https:\/\/agora.xtec.cat\/insllicamunt2\/wp-json\/wp\/v2\/comments?post=1681"}],"version-history":[{"count":2,"href":"https:\/\/agora.xtec.cat\/insllicamunt2\/wp-json\/wp\/v2\/posts\/1681\/revisions"}],"predecessor-version":[{"id":3288,"href":"https:\/\/agora.xtec.cat\/insllicamunt2\/wp-json\/wp\/v2\/posts\/1681\/revisions\/3288"}],"wp:featuredmedia":[{"embeddable":true,"href":"https:\/\/agora.xtec.cat\/insllicamunt2\/wp-json\/wp\/v2\/media\/1682"}],"wp:attachment":[{"href":"https:\/\/agora.xtec.cat\/insllicamunt2\/wp-json\/wp\/v2\/media?parent=1681"}],"wp:term":[{"taxonomy":"category","embeddable":true,"href":"https:\/\/agora.xtec.cat\/insllicamunt2\/wp-json\/wp\/v2\/categories?post=1681"},{"taxonomy":"post_tag","embeddable":true,"href":"https:\/\/agora.xtec.cat\/insllicamunt2\/wp-json\/wp\/v2\/tags?post=1681"}],"curies":[{"name":"wp","href":"https:\/\/api.w.org\/{rel}","templated":true}]}}