{"id":1438,"date":"2015-12-20T20:16:54","date_gmt":"2015-12-20T19:16:54","guid":{"rendered":"http:\/\/agora.xtec.cat\/insllicamunt2\/?p=1438"},"modified":"2016-05-09T08:53:31","modified_gmt":"2016-05-09T07:53:31","slug":"festa-de-nadal-2015","status":"publish","type":"post","link":"https:\/\/agora.xtec.cat\/insllicamunt2\/el-far-dhipatia\/grups\/festa-de-nadal-2015\/","title":{"rendered":"Preparant la Festa de Nadal 2015"},"content":{"rendered":"<p style=\"text-align: center;\">El Nadal s&#8217;acosta i a l&#8217;Hip\u00e0tia no podia faltar un bon\u00a0comiat de l&#8217;any 2015.<\/p>\n<p style=\"text-align: center;\"><img loading=\"lazy\" decoding=\"async\" class=\"aligncenter\" src=\"https:\/\/lh3.googleusercontent.com\/-C2B9xY6ojO4\/Vnb2hN0UnbI\/AAAAAAAAQRw\/q81YPsfOMwI\/s800-Ic42\/DSC_0075.JPG\" alt=\"\" width=\"450\" height=\"800\" \/><\/p>\n<p style=\"text-align: justify;\">La festa de Nadal ve carregada d&#8217;actuacions de ball, can\u00e7ons, representacions teatrals i, a m\u00e9s a m\u00e9s, ens esperen unes boniques sorpreses.\u00a0El 2015 no podia acabar sense el reconeixement a l&#8217;esfor\u00e7 i il\u00b7lusi\u00f3 que tots li hem posat a cada projecte. Aix\u00ed que\u2026 Dimarts 22 de desembre, de 8.10h a 11h, toca gaudir de tot all\u00f2\u00a0bo que ens ha portat aquest any, i del que ens portar\u00e0 el seg\u00fcent!<\/p>\n<p style=\"text-align: center;\"><img loading=\"lazy\" decoding=\"async\" class=\"aligncenter\" src=\"https:\/\/lh3.googleusercontent.com\/-I4HU81cPDto\/Vnb2gd4St8I\/AAAAAAAAQRw\/FBep2JQ7z80\/s800-Ic42\/DSC_0071.JPG\" alt=\"\" width=\"600\" height=\"338\" \/><\/p>\n<p style=\"text-align: justify;\">Convidem a mares i pares a venir a gaudir de la Festa que hem organitzat entre tots.\u00a0Aqui teniu la programaci\u00f3 dels actes:<\/p>\n<p style=\"text-align: justify; padding-left: 60px;\">8.30h &#8211; Presentaci\u00f3 de la Festa de Nadal<\/p>\n<p style=\"text-align: justify; padding-left: 60px;\">8.40h &#8211; \u201cEls Planetes\u201d Teatre, alumnes dels Dilluns Oberts<\/p>\n<p style=\"text-align: justify; padding-left: 60px;\">9.15h &#8211; Seasons of love i\u00a0Santa Claus is coming to town (3r i 4t)<\/p>\n<p style=\"text-align: justify; padding-left: 60px;\">9.25h &#8211; Arts Marcials (2nA) i\u00a0Txa txa txa (2nB)<\/p>\n<p style=\"text-align: justify; padding-left: 60px;\">9.35h &#8211; Sense tu i\u00a0Los chicos del coro (1r)<\/p>\n<p style=\"text-align: justify; padding-left: 60px;\">9.45h &#8211; Audiovisuals treballats a classe de Castell\u00e0 i\u00a0d\u2019Alemany<\/p>\n<p style=\"text-align: justify; padding-left: 60px;\">9.55h &#8211; O Tannenbaum (Deutsh ESO Weihnachtslied)<\/p>\n<p style=\"text-align: justify; padding-left: 60px;\">10.00h &#8211; Ioga-Pilates i\u00a0Remix dance (4tA)<\/p>\n<p style=\"text-align: justify; padding-left: 60px;\">10.10h &#8211; Nirvana i\u00a0Cupsong (3r)<\/p>\n<p style=\"text-align: justify; padding-left: 60px;\">10.20h &#8211; Arts Marcials, Sorry i\u00a0Flamenco (4tB)<\/p>\n<p style=\"text-align: justify; padding-left: 60px;\">10.35h &#8211; Quan Somrius (Profes)<\/p>\n<p style=\"text-align: justify; padding-left: 60px;\">10.40h &#8211; Al.leluia de Leonard Cohen (Alumnat ESO)<\/p>\n<p style=\"text-align: justify; padding-left: 60px;\">10.45h &#8211; Fi de Festa<\/p>\n<p style=\"padding-left: 60px; text-align: center;\"><img loading=\"lazy\" decoding=\"async\" class=\"aligncenter\" src=\"https:\/\/lh3.googleusercontent.com\/-jWt4Gz9FY4U\/Vnb2h_DwemI\/AAAAAAAAQRw\/CuLk8MRFwkQ\/s800-Ic42\/IMG_20151218_162506.JPG\" alt=\"\" width=\"600\" height=\"613\" \/><\/p>\n<p style=\"text-align: center;\">TOT L\u2019HIP\u00c0TIA D\u2019ALEXANDRIA US DESITJA<\/p>\n<p style=\"text-align: center;\">MOLT BONES FESTES !!!<\/p>\n","protected":false},"excerpt":{"rendered":"<p>El Nadal s&#8217;acosta i a l&#8217;Hip\u00e0tia no podia faltar un bon\u00a0comiat de l&#8217;any 2015.<\/p>\n<p>La festa de Nadal ve carregada d&#8217;actuacions de ball, can\u00e7ons, representacions teatrals i, a m\u00e9s a m\u00e9s, ens esperen unes boniques sorpreses.\u00a0El 2015 no podia acabar sense el reconeixement a l&#8217;esfor\u00e7 i&hellip;  <a href=\"https:\/\/agora.xtec.cat\/insllicamunt2\/el-far-dhipatia\/grups\/festa-de-nadal-2015\/\" title=\"Read Preparant la Festa de Nadal 2015\">Llegeix m\u00e9s\u00bb<\/a><\/p>\n","protected":false},"author":82,"featured_media":1441,"comment_status":"open","ping_status":"open","sticky":false,"template":"","format":"standard","meta":{"_bbp_topic_count":0,"_bbp_reply_count":0,"_bbp_total_topic_count":0,"_bbp_total_reply_count":0,"_bbp_voice_count":0,"_bbp_anonymous_reply_count":0,"_bbp_topic_count_hidden":0,"_bbp_reply_count_hidden":0,"_bbp_forum_subforum_count":0,"footnotes":""},"categories":[4,5,6,7,101,3,98,29],"tags":[600,72],"class_list":["post-1438","post","type-post","status-publish","format-standard","has-post-thumbnail","hentry","category-1r-deso","category-2n-deso","category-3r-deso","category-4t-deso","category-activitats-de-centre","category-grups","category-noticies-breus","category-portada","tag-festa","tag-nadal"],"post_mailing_queue_ids":[],"_links":{"self":[{"href":"https:\/\/agora.xtec.cat\/insllicamunt2\/wp-json\/wp\/v2\/posts\/1438","targetHints":{"allow":["GET"]}}],"collection":[{"href":"https:\/\/agora.xtec.cat\/insllicamunt2\/wp-json\/wp\/v2\/posts"}],"about":[{"href":"https:\/\/agora.xtec.cat\/insllicamunt2\/wp-json\/wp\/v2\/types\/post"}],"author":[{"embeddable":true,"href":"https:\/\/agora.xtec.cat\/insllicamunt2\/wp-json\/wp\/v2\/users\/82"}],"replies":[{"embeddable":true,"href":"https:\/\/agora.xtec.cat\/insllicamunt2\/wp-json\/wp\/v2\/comments?post=1438"}],"version-history":[{"count":3,"href":"https:\/\/agora.xtec.cat\/insllicamunt2\/wp-json\/wp\/v2\/posts\/1438\/revisions"}],"predecessor-version":[{"id":1457,"href":"https:\/\/agora.xtec.cat\/insllicamunt2\/wp-json\/wp\/v2\/posts\/1438\/revisions\/1457"}],"wp:featuredmedia":[{"embeddable":true,"href":"https:\/\/agora.xtec.cat\/insllicamunt2\/wp-json\/wp\/v2\/media\/1441"}],"wp:attachment":[{"href":"https:\/\/agora.xtec.cat\/insllicamunt2\/wp-json\/wp\/v2\/media?parent=1438"}],"wp:term":[{"taxonomy":"category","embeddable":true,"href":"https:\/\/agora.xtec.cat\/insllicamunt2\/wp-json\/wp\/v2\/categories?post=1438"},{"taxonomy":"post_tag","embeddable":true,"href":"https:\/\/agora.xtec.cat\/insllicamunt2\/wp-json\/wp\/v2\/tags?post=1438"}],"curies":[{"name":"wp","href":"https:\/\/api.w.org\/{rel}","templated":true}]}}