{"id":1372,"date":"2015-12-15T13:33:58","date_gmt":"2015-12-15T12:33:58","guid":{"rendered":"http:\/\/agora.xtec.cat\/insllicamunt2\/?p=1372"},"modified":"2016-05-09T08:55:37","modified_gmt":"2016-05-09T07:55:37","slug":"donacio-de-material-al-laboratori-de-ciencies","status":"publish","type":"post","link":"https:\/\/agora.xtec.cat\/insllicamunt2\/el-far-dhipatia\/portada\/donacio-de-material-al-laboratori-de-ciencies\/","title":{"rendered":"Donaci\u00f3 de material al laboratori de Ci\u00e8ncies"},"content":{"rendered":"<p style=\"text-align: justify;\">El Departament Cient\u00edfic i Tecnol\u00f2gic vol agrair sincerament a l&#8217;Albert la donaci\u00f3 d\u2019un contenidor per a petits animals.<\/p>\n<p style=\"text-align: center;\"><a href=\"http:\/\/agora.xtec.cat\/insllicamunt2\/wp-content\/uploads\/usu1100\/2015\/12\/IMG_0368.jpg\"><img loading=\"lazy\" decoding=\"async\" class=\"aligncenter size-full wp-image-1373\" src=\"http:\/\/agora.xtec.cat\/insllicamunt2\/wp-content\/uploads\/usu1100\/2015\/12\/IMG_0368.jpg\" alt=\"IMG_0368\" width=\"600\" height=\"450\" srcset=\"https:\/\/agora.xtec.cat\/insllicamunt2\/wp-content\/uploads\/usu1100\/2015\/12\/IMG_0368.jpg 600w, https:\/\/agora.xtec.cat\/insllicamunt2\/wp-content\/uploads\/usu1100\/2015\/12\/IMG_0368-300x225.jpg 300w, https:\/\/agora.xtec.cat\/insllicamunt2\/wp-content\/uploads\/usu1100\/2015\/12\/IMG_0368-200x150.jpg 200w\" sizes=\"auto, (max-width: 600px) 100vw, 600px\" \/><\/a><\/p>\n<p>Aquest contenidor ser\u00e0 utilitzat a la mat\u00e8ria de Biologia i Geologia de 1r d\u2019ESO per a les investigacions relacionades amb insectes.<\/p>\n<p>Novament, moltes gr\u00e0cies, Albert!<\/p>\n","protected":false},"excerpt":{"rendered":"<p>El Departament Cient\u00edfic i Tecnol\u00f2gic vol agrair sincerament a l&#8217;Albert la donaci\u00f3 d\u2019un contenidor per a petits animals.<br \/>\n<a href=\"http:\/\/agora.xtec.cat\/insllicamunt2\/wp-content\/uploads\/usu1100\/2015\/12\/IMG_0368.jpg\"><\/a><br \/>\nAquest contenidor ser\u00e0 utilitzat a la mat\u00e8ria de Biologia i Geologia de 1r d\u2019ESO per a les investigacions relacionades amb insectes.<br \/>\nNovament, moltes gr\u00e0cies, Albert!<\/p>\n","protected":false},"author":27,"featured_media":1373,"comment_status":"open","ping_status":"open","sticky":false,"template":"","format":"standard","meta":{"_bbp_topic_count":0,"_bbp_reply_count":0,"_bbp_total_topic_count":0,"_bbp_total_reply_count":0,"_bbp_voice_count":0,"_bbp_anonymous_reply_count":0,"_bbp_topic_count_hidden":0,"_bbp_reply_count_hidden":0,"_bbp_forum_subforum_count":0,"footnotes":""},"categories":[347,98,29],"tags":[269,268,90,466],"class_list":["post-1372","post","type-post","status-publish","format-standard","has-post-thumbnail","hentry","category-biologia-i-geologia","category-noticies-breus","category-portada","tag-aquari","tag-donacions","tag-laboratori-de-ciencies","tag-terrari"],"post_mailing_queue_ids":[],"_links":{"self":[{"href":"https:\/\/agora.xtec.cat\/insllicamunt2\/wp-json\/wp\/v2\/posts\/1372","targetHints":{"allow":["GET"]}}],"collection":[{"href":"https:\/\/agora.xtec.cat\/insllicamunt2\/wp-json\/wp\/v2\/posts"}],"about":[{"href":"https:\/\/agora.xtec.cat\/insllicamunt2\/wp-json\/wp\/v2\/types\/post"}],"author":[{"embeddable":true,"href":"https:\/\/agora.xtec.cat\/insllicamunt2\/wp-json\/wp\/v2\/users\/27"}],"replies":[{"embeddable":true,"href":"https:\/\/agora.xtec.cat\/insllicamunt2\/wp-json\/wp\/v2\/comments?post=1372"}],"version-history":[{"count":2,"href":"https:\/\/agora.xtec.cat\/insllicamunt2\/wp-json\/wp\/v2\/posts\/1372\/revisions"}],"predecessor-version":[{"id":3291,"href":"https:\/\/agora.xtec.cat\/insllicamunt2\/wp-json\/wp\/v2\/posts\/1372\/revisions\/3291"}],"wp:featuredmedia":[{"embeddable":true,"href":"https:\/\/agora.xtec.cat\/insllicamunt2\/wp-json\/wp\/v2\/media\/1373"}],"wp:attachment":[{"href":"https:\/\/agora.xtec.cat\/insllicamunt2\/wp-json\/wp\/v2\/media?parent=1372"}],"wp:term":[{"taxonomy":"category","embeddable":true,"href":"https:\/\/agora.xtec.cat\/insllicamunt2\/wp-json\/wp\/v2\/categories?post=1372"},{"taxonomy":"post_tag","embeddable":true,"href":"https:\/\/agora.xtec.cat\/insllicamunt2\/wp-json\/wp\/v2\/tags?post=1372"}],"curies":[{"name":"wp","href":"https:\/\/api.w.org\/{rel}","templated":true}]}}