{"id":13548,"date":"2023-06-16T10:34:14","date_gmt":"2023-06-16T08:34:14","guid":{"rendered":"https:\/\/agora.xtec.cat\/insllicamunt2\/?p=13548"},"modified":"2023-06-16T13:21:57","modified_gmt":"2023-06-16T11:21:57","slug":"promocio-xi-2021-2025","status":"publish","type":"post","link":"https:\/\/agora.xtec.cat\/insllicamunt2\/no-classificat\/promocio-xi-2021-2025\/","title":{"rendered":"Promoci\u00f3 XI: 2021-2025"},"content":{"rendered":"<p>I per fi arribem als petits de la casa, als nois i noies de 2n d\u2019ESO que componen la promoci\u00f3 XI de l\u2019Hip\u00e0tia. Entreu per la porta del centre en un any que es preveia molt important per tota la comunitat educativa de l\u2019institut Hip\u00e0tia d\u2019Alexandria: la celebraci\u00f3 al mar\u00e7 de la Festa del Des\u00e8 Aniversari, que s\u2019anul\u00b7la definitivament per les restriccions covid i la incertesa del futur del centre.<\/p>\n<p>Vosaltres hereteu tot all\u00f2 que s\u2019ha anat construint els anys anteriors. El plat fort sempre s\u00f3n el viatges i, al desembre de 1r, participeu en el tradicional Camp d\u2019Aprenentatge de la Noguera a Sant Lloren\u00e7 de Montgai, i a l\u2019octubre de 2n, repetim l\u2019estada a l\u2019Entorn d\u2019Aprenentatge de Pujalt.<\/p>\n<p>Durant el vostre 1r curs tamb\u00e9 gaudiu d\u2019altres activitats establertes com la caminada d\u2019inici de curs, la visita a la Tarragona Romana, la Jornada de la Ci\u00e8ncia, la Festa de Nadal, el Dia de la Pau, la celebraci\u00f3 del Dia Pi, la creaci\u00f3 art\u00edstica del 8M, la Diada de Sant Jordi a l\u2019Alian\u00e7a, el projecte \u201cApadrinem el Tenes\u201d, etc.<\/p>\n<p>I, aquest curs de 2n d\u2019ESO, a banda de les activitats de cada any, ens agradaria remarcar dos moments molt especials.<\/p>\n<p>El primer: el Carnestoltes 2023. Donat que \u00e9s el darrer curs de l\u2019Hip\u00e0tia es proposa homenatjar la seva figura i caracteritzar-nos del personatge d\u2019Hip\u00e0tia. Un grup d\u2019alumnes de 2n A s\u2019engresca molt i la seva caracteritzaci\u00f3 resulta guanyadora del concurs de disfresses. Com a premi l\u2019Ampa els convida a esmorzar al Casal d\u2019Avis.<\/p>\n<p>El segon: l\u2019Olimp\u00edada atl\u00e8tica 2n d\u2019ESO compartida amb el 1r curs de l\u2019Institut Escola Miquel Mart\u00ed i Pol. \u00c9s la nostra manera de \u201cpassar el relleu\u201d d\u2019aquest esdeveniment esportiu al nou centre. La jornada transcorre amb un ambient de germanor on prima la competici\u00f3 sana i la cooperaci\u00f3. En la cursa de relleus els equips estan formats per membres dels dos centres, una prova emocionant i carregada de simbolisme.<\/p>\n<p>Nois i noies de la promoci\u00f3 XI: en aquests dos anys que porteu a l\u2019Hip\u00e0tia heu demostrat ser un grup entusiasta on cadasc\u00fa de vosaltres suma i aporta al grup. Probablement sereu l\u2019\u00fanica promoci\u00f3 que no acabi la secund\u00e0ria a l\u2019actual edifici, a les vostres mans queda portar l\u2019ess\u00e8ncia i la llum de l\u2019Hip\u00e0tia amb vosaltres.<\/p>\n<table style=\"border-collapse: collapse; width: 100%;\">\n<tbody>\n<tr>\n<td style=\"width: 50%;\"><iframe loading=\"lazy\" src=\"\/\/www.youtube.com\/embed\/2bSmg2VQ6Vg\" width=\"560\" height=\"314\" allowfullscreen=\"allowfullscreen\"><\/iframe><\/td>\n<td style=\"width: 50%;\"><iframe loading=\"lazy\" src=\"\/\/www.youtube.com\/embed\/DVCTHDB0Oo4\" width=\"560\" height=\"314\" allowfullscreen=\"allowfullscreen\"><\/iframe><\/td>\n<\/tr>\n<tr>\n<td style=\"width: 50%;\"><iframe loading=\"lazy\" src=\"\/\/www.youtube.com\/embed\/ljFmPop-46E\" width=\"560\" height=\"314\" allowfullscreen=\"allowfullscreen\"><\/iframe><\/td>\n<td style=\"width: 50%;\"><iframe loading=\"lazy\" src=\"\/\/www.youtube.com\/embed\/SIV5a6VbSCc\" width=\"560\" height=\"314\" allowfullscreen=\"allowfullscreen\"><\/iframe><\/td>\n<\/tr>\n<\/tbody>\n<\/table>\n<p>&nbsp;<\/p>\n","protected":false},"excerpt":{"rendered":"<p>I per fi arribem als petits de la casa, als nois i noies de 2n d\u2019ESO que componen la promoci\u00f3 XI de l\u2019Hip\u00e0tia. Entreu per la porta del centre en un any que es preveia molt important per tota la comunitat educativa de l\u2019institut Hip\u00e0tia&hellip;  <a href=\"https:\/\/agora.xtec.cat\/insllicamunt2\/no-classificat\/promocio-xi-2021-2025\/\" title=\"Read Promoci\u00f3 XI: 2021-2025\">Llegeix m\u00e9s\u00bb<\/a><\/p>\n","protected":false},"author":1,"featured_media":13556,"comment_status":"open","ping_status":"closed","sticky":false,"template":"","format":"standard","meta":{"_bbp_topic_count":0,"_bbp_reply_count":0,"_bbp_total_topic_count":0,"_bbp_total_reply_count":0,"_bbp_voice_count":0,"_bbp_anonymous_reply_count":0,"_bbp_topic_count_hidden":0,"_bbp_reply_count_hidden":0,"_bbp_forum_subforum_count":0,"footnotes":""},"categories":[1,29],"tags":[1861],"class_list":["post-13548","post","type-post","status-publish","format-standard","has-post-thumbnail","hentry","category-no-classificat","category-portada","tag-promocio20212025"],"post_mailing_queue_ids":[],"_links":{"self":[{"href":"https:\/\/agora.xtec.cat\/insllicamunt2\/wp-json\/wp\/v2\/posts\/13548","targetHints":{"allow":["GET"]}}],"collection":[{"href":"https:\/\/agora.xtec.cat\/insllicamunt2\/wp-json\/wp\/v2\/posts"}],"about":[{"href":"https:\/\/agora.xtec.cat\/insllicamunt2\/wp-json\/wp\/v2\/types\/post"}],"author":[{"embeddable":true,"href":"https:\/\/agora.xtec.cat\/insllicamunt2\/wp-json\/wp\/v2\/users\/1"}],"replies":[{"embeddable":true,"href":"https:\/\/agora.xtec.cat\/insllicamunt2\/wp-json\/wp\/v2\/comments?post=13548"}],"version-history":[{"count":3,"href":"https:\/\/agora.xtec.cat\/insllicamunt2\/wp-json\/wp\/v2\/posts\/13548\/revisions"}],"predecessor-version":[{"id":13557,"href":"https:\/\/agora.xtec.cat\/insllicamunt2\/wp-json\/wp\/v2\/posts\/13548\/revisions\/13557"}],"wp:featuredmedia":[{"embeddable":true,"href":"https:\/\/agora.xtec.cat\/insllicamunt2\/wp-json\/wp\/v2\/media\/13556"}],"wp:attachment":[{"href":"https:\/\/agora.xtec.cat\/insllicamunt2\/wp-json\/wp\/v2\/media?parent=13548"}],"wp:term":[{"taxonomy":"category","embeddable":true,"href":"https:\/\/agora.xtec.cat\/insllicamunt2\/wp-json\/wp\/v2\/categories?post=13548"},{"taxonomy":"post_tag","embeddable":true,"href":"https:\/\/agora.xtec.cat\/insllicamunt2\/wp-json\/wp\/v2\/tags?post=13548"}],"curies":[{"name":"wp","href":"https:\/\/api.w.org\/{rel}","templated":true}]}}