{"id":13543,"date":"2023-06-16T10:31:32","date_gmt":"2023-06-16T08:31:32","guid":{"rendered":"https:\/\/agora.xtec.cat\/insllicamunt2\/?p=13543"},"modified":"2023-06-16T12:55:44","modified_gmt":"2023-06-16T10:55:44","slug":"promocio-ix-2019-2023","status":"publish","type":"post","link":"https:\/\/agora.xtec.cat\/insllicamunt2\/no-classificat\/promocio-ix-2019-2023\/","title":{"rendered":"Promoci\u00f3 IX: 2019-2023"},"content":{"rendered":"<p>Avui donem pas a les promocions de l\u2019Hip\u00e0tia que encara s\u00f3n al centre.<\/p>\n<p>Alumnes de 4t d\u2019ESO: aquesta tarda celebrareu la vostra graduaci\u00f3 i sereu l\u2019\u00faltima promoci\u00f3 purament hipatiana. Fa nom\u00e9s una setmana que heu tornat del vostre viatge de Menorca i de segur que s\u00f3n molts els records que us emporteu del vostre pas per l\u2019Hip\u00e0tia.<\/p>\n<p>Una traject\u00f2ria tamb\u00e9 marcada per la pand\u00e8mia que us agafa a 1r d\u2019ESO, per\u00f2 que afortunadament \u00e9s posterior a la vostra estada al Camp d\u2019Aprenentatge de la Noguera i la tamb\u00e9 tradicional visita a Tarragona. A 2n no \u00e9s possible fer cap viatge per\u00f2 gaudiu amb els companys de 3r (promo VIII) d\u2019una jornada de platja. I, ja a 3r d\u2019ESO, retornem a la idea de l\u2019experi\u00e8ncia europea i oferim l\u2019estada al camp d\u2019aprenentatge de Pa\u00efsos Baixos. La incertesa de la encara postpand\u00e8mia i l\u2019esclat de la guerra d\u2019Ucra\u00efna no garantiza que puguem assolir els objectius establerts i decidim optar per un viatge cultural m\u00e9s a prop: Fran\u00e7a, la destinaci\u00f3 habitual a 2n.<\/p>\n<p>Com a novetats de la vostra promoci\u00f3 destacar que el novembre de 2019 se celebra la primera Jornada de la Ci\u00e8ncia a nivell de centre, i quan feu 1r d\u2019ESO, enceteu activitats com el projecte d\u2019intercanvi de cartes \u201cAmistad\u201d, el projecte \u201cEval\u00fa, hist\u00f2ria d\u2019un autoconfinament\u201d i el 1rB guanya el tercer premi del concurs del Carnestoltes.<\/p>\n<p>A 3r d\u2019ESO reprenem el projecte de Drets Humans i dins del concurs \u201cArt comprom\u00e8s\u201d dissenyeu unes bosses Tote Bag que es posen a la venda i la recaudaci\u00f3 va destinada a la ONG Proactiva Open Arms. Tamb\u00e9 us organitzeu per col\u00b7laborar en la campanya de recollida d\u2019aliments de l\u2019Ajuntament en benefici d\u2019Ucra\u00efna.<\/p>\n<p>A l\u2019inici del vostre 3r tamb\u00e9 neix l\u2019Assemblea Feminista amb el suport i l\u2019implicaci\u00f3 de moltes noies de la promoci\u00f3. Pel 25N t\u00e9 lloc el seu primer acte reivindicatiu amb la lectura d\u2019un manifest, un minut de silenci i l\u2019exposici\u00f3 de cartells art\u00edstics. Des de les tutories s\u2019impulsen tamb\u00e9 activitats al voltant del 8M i al vest\u00edbul s\u2019instala una creaci\u00f3 art\u00edstica col\u00b7laborativa per reivindicar la for\u00e7a de l\u2019uni\u00f3.<\/p>\n<p>A l\u2019octubre de 4t d\u2019ESO inaugureu les jornades d\u2019\u00c0gora filos\u00f2fica al riu Tenes i, al desembre, en el marc de la primera Festa del Solstici d\u2019Hivern, guanyeu el concurs de guarniment d\u2019aula i coreografia. El premi \u00e9s una sortida al Salting de Granollers, que gaudiu com nens petits. Des d\u2019inform\u00e0tica s\u2019estrena el primer cicle de Podcast Hip\u00e0tia on l\u2019alumnat comparteix pensaments i reflexions sobre temes diversos. A m\u00e9s, l\u2019alumnat del projecte AMUNT instal\u00b7la plaques al sostre per millorar l\u2019ac\u00fastica de les aules. Tot all\u00f2, m\u00e9s moltes de les activitats que ja s\u2019han explicat a articles anteriors.<\/p>\n<p>Nois i noies de la promoci\u00f3 IX: el curs vinent comen\u00e7areu l\u2019educaci\u00f3 postobligat\u00f2ria i fareu un pas endavant en el vostre creixement personal i acad\u00e8mic. Us desitgem molta sort i \u00e8xit all\u00e0 on aneu.<\/p>\n<table style=\"border-collapse: collapse; width: 100%;\">\n<tbody>\n<tr>\n<td style=\"width: 50%;\"><iframe loading=\"lazy\" src=\"\/\/www.youtube.com\/embed\/QqgdXaHNf6M\" width=\"560\" height=\"314\" allowfullscreen=\"allowfullscreen\"><\/iframe><\/td>\n<td style=\"width: 50%;\"><iframe loading=\"lazy\" src=\"\/\/www.youtube.com\/embed\/M7hpwNwNRhQ\" width=\"560\" height=\"314\" allowfullscreen=\"allowfullscreen\"><\/iframe><\/td>\n<\/tr>\n<tr>\n<td style=\"width: 50%;\"><iframe loading=\"lazy\" src=\"\/\/www.youtube.com\/embed\/z5Sm_xpVlX8\" width=\"560\" height=\"314\" allowfullscreen=\"allowfullscreen\"><\/iframe><\/td>\n<td style=\"width: 50%;\"><iframe loading=\"lazy\" src=\"\/\/www.youtube.com\/embed\/gglfBa5gC7w\" width=\"560\" height=\"314\" allowfullscreen=\"allowfullscreen\"><\/iframe><\/td>\n<\/tr>\n<\/tbody>\n<\/table>\n","protected":false},"excerpt":{"rendered":"<p>Avui donem pas a les promocions de l\u2019Hip\u00e0tia que encara s\u00f3n al centre.<br \/>\nAlumnes de 4t d\u2019ESO: aquesta tarda celebrareu la vostra graduaci\u00f3 i sereu l\u2019\u00faltima promoci\u00f3 purament hipatiana. Fa nom\u00e9s una setmana que heu tornat del vostre viatge de Menorca i de segur que s\u00f3n&hellip;  <a href=\"https:\/\/agora.xtec.cat\/insllicamunt2\/no-classificat\/promocio-ix-2019-2023\/\" title=\"Read Promoci\u00f3 IX: 2019-2023\">Llegeix m\u00e9s\u00bb<\/a><\/p>\n","protected":false},"author":1,"featured_media":13544,"comment_status":"open","ping_status":"closed","sticky":false,"template":"","format":"standard","meta":{"_bbp_topic_count":0,"_bbp_reply_count":0,"_bbp_total_topic_count":0,"_bbp_total_reply_count":0,"_bbp_voice_count":0,"_bbp_anonymous_reply_count":0,"_bbp_topic_count_hidden":0,"_bbp_reply_count_hidden":0,"_bbp_forum_subforum_count":0,"footnotes":""},"categories":[1,29],"tags":[1859],"class_list":["post-13543","post","type-post","status-publish","format-standard","has-post-thumbnail","hentry","category-no-classificat","category-portada","tag-promocio20192023"],"post_mailing_queue_ids":[],"_links":{"self":[{"href":"https:\/\/agora.xtec.cat\/insllicamunt2\/wp-json\/wp\/v2\/posts\/13543","targetHints":{"allow":["GET"]}}],"collection":[{"href":"https:\/\/agora.xtec.cat\/insllicamunt2\/wp-json\/wp\/v2\/posts"}],"about":[{"href":"https:\/\/agora.xtec.cat\/insllicamunt2\/wp-json\/wp\/v2\/types\/post"}],"author":[{"embeddable":true,"href":"https:\/\/agora.xtec.cat\/insllicamunt2\/wp-json\/wp\/v2\/users\/1"}],"replies":[{"embeddable":true,"href":"https:\/\/agora.xtec.cat\/insllicamunt2\/wp-json\/wp\/v2\/comments?post=13543"}],"version-history":[{"count":2,"href":"https:\/\/agora.xtec.cat\/insllicamunt2\/wp-json\/wp\/v2\/posts\/13543\/revisions"}],"predecessor-version":[{"id":13550,"href":"https:\/\/agora.xtec.cat\/insllicamunt2\/wp-json\/wp\/v2\/posts\/13543\/revisions\/13550"}],"wp:featuredmedia":[{"embeddable":true,"href":"https:\/\/agora.xtec.cat\/insllicamunt2\/wp-json\/wp\/v2\/media\/13544"}],"wp:attachment":[{"href":"https:\/\/agora.xtec.cat\/insllicamunt2\/wp-json\/wp\/v2\/media?parent=13543"}],"wp:term":[{"taxonomy":"category","embeddable":true,"href":"https:\/\/agora.xtec.cat\/insllicamunt2\/wp-json\/wp\/v2\/categories?post=13543"},{"taxonomy":"post_tag","embeddable":true,"href":"https:\/\/agora.xtec.cat\/insllicamunt2\/wp-json\/wp\/v2\/tags?post=13543"}],"curies":[{"name":"wp","href":"https:\/\/api.w.org\/{rel}","templated":true}]}}