{"id":13535,"date":"2023-06-15T13:03:48","date_gmt":"2023-06-15T11:03:48","guid":{"rendered":"https:\/\/agora.xtec.cat\/insllicamunt2\/?p=13535"},"modified":"2023-06-16T10:08:03","modified_gmt":"2023-06-16T08:08:03","slug":"promocio-viii-2018-2022","status":"publish","type":"post","link":"https:\/\/agora.xtec.cat\/insllicamunt2\/no-classificat\/promocio-viii-2018-2022\/","title":{"rendered":"Promoci\u00f3 VIII: 2018-2022"},"content":{"rendered":"<p>Ara presentem la promoci\u00f3 VIII de l\u2019Hip\u00e0tia, caracteritzada per ser la promo amb menys paritat de g\u00e8nere de la hist\u00f2ria de l\u2019Hip\u00e0tia, ni m\u00e9s ni menys que 41 nois vs. 17 noies. Nom\u00e9s aterrar al centre ens adonem de seguida que aqu\u00ed tindrem feina. Quina energia!<\/p>\n<p>Per\u00f2 nosaltres no ens acoquinem i ens atrevim a fer dues sortides amb pernoctaci\u00f3 a 1r d\u2019ESO. La primera estada, a l\u2019octubre, aneu al meravell\u00f3s entorn natural de Baronia de Rialb on feu activitats esportives i de cohesi\u00f3. La segona estada t\u00e9 lloc al gener i durant tres dies participeu en el Camp d\u2019Aprenentatge de La Noguera, a Sant Lloren\u00e7 de Montgai, per treballar el Projecte de la Prehist\u00f2ria<i>.<\/i><\/p>\n<p>A 2n us arriba la pand\u00e8mia i ja no podeu fer el viatge a Fran\u00e7a. Els dos cursos seg\u00fcents els passem amb la mascareta posada a classe, les finestres obertes i asseguts individualment. A 3r tampoc no es pot plantejar cap viatge i us toca conformar-vos amb una jornada de platja. Es rescata la Olimp\u00edada t\u00edpica de 2n perqu\u00e8 no deixeu de viure aquesta experi\u00e8ncia, per\u00f2 tot plegat \u00e9s bastant feixuc.<\/p>\n<p>El premi a la vostra resili\u00e8ncia \u00e9s el merescut viatge a Menorca de 4t d\u2019ESO, que com qualsevol viatge significa una oportunitat \u00fanica d\u2019enriquiment cultural i descoberta de llocs nous, per\u00f2 que despr\u00e9s de la dura pand\u00e8mia i postpand\u00e8mia adquireix un valor especial a nivell personal i social. Les experi\u00e8ncies viscudes i els vincles creats quedaran per sempre en la mem\u00f2ria de cadascun de vosaltres.<\/p>\n<p>A nivell de centre, a l\u2019inici del vostre 1r d\u2019ESO, l\u2019Hip\u00e0tia s\u2019hi suma al projecte Avancem, un programa d\u2019innovaci\u00f3 pedag\u00f2gica del Departament d\u2019Educaci\u00f3 que pret\u00e9n aprofundir en l\u2019aprenentatge integrat de les lleng\u00fces.<\/p>\n<p>I en cursar 2n d\u2019ESO estreneu el Projecte STEAM, acr\u00f2nim procedent de l\u2019angl\u00e8s <i>Science, Technology, Engineering, Arts and Maths<\/i>, el qual, amb un nou enfocament metodol\u00f2gic, aposta pel treball globalitzat de les mat\u00e8ries de ci\u00e8ncies i engloba les mat\u00e8ries curriculars de 2n Tecnologia, Matem\u00e0tiques i F\u00edsica i Qu\u00edmica en una sola mat\u00e8ria.<\/p>\n<p>A continuaci\u00f3, donem pas als v\u00eddeos que ens recorden alguns dels moments que heu viscut al centre:<\/p>\n<table style=\"border-collapse: collapse; width: 100%;\">\n<tbody>\n<tr>\n<td style=\"width: 50%;\"><iframe loading=\"lazy\" src=\"\/\/www.youtube.com\/embed\/lnRt8gdJy_E\" width=\"560\" height=\"314\" allowfullscreen=\"allowfullscreen\"><\/iframe><\/td>\n<td style=\"width: 50%;\"><iframe loading=\"lazy\" src=\"\/\/www.youtube.com\/embed\/Epkgts5AiEM\" width=\"560\" height=\"314\" allowfullscreen=\"allowfullscreen\"><\/iframe><\/td>\n<\/tr>\n<tr>\n<td style=\"width: 50%;\"><iframe loading=\"lazy\" src=\"\/\/www.youtube.com\/embed\/-J138LGKsTo\" width=\"560\" height=\"314\" allowfullscreen=\"allowfullscreen\"><\/iframe><\/td>\n<td style=\"width: 50%;\"><iframe loading=\"lazy\" src=\"\/\/www.youtube.com\/embed\/7TcbooLRgRk\" width=\"560\" height=\"314\" allowfullscreen=\"allowfullscreen\"><\/iframe><\/td>\n<\/tr>\n<\/tbody>\n<\/table>\n","protected":false},"excerpt":{"rendered":"<p>Ara presentem la promoci\u00f3 VIII de l\u2019Hip\u00e0tia, caracteritzada per ser la promo amb menys paritat de g\u00e8nere de la hist\u00f2ria de l\u2019Hip\u00e0tia, ni m\u00e9s ni menys que 41 nois vs. 17 noies. Nom\u00e9s aterrar al centre ens adonem de seguida que aqu\u00ed tindrem feina. Quina&hellip;  <a href=\"https:\/\/agora.xtec.cat\/insllicamunt2\/no-classificat\/promocio-viii-2018-2022\/\" title=\"Read Promoci\u00f3 VIII: 2018-2022\">Llegeix m\u00e9s\u00bb<\/a><\/p>\n","protected":false},"author":1,"featured_media":13536,"comment_status":"open","ping_status":"closed","sticky":false,"template":"","format":"standard","meta":{"_bbp_topic_count":0,"_bbp_reply_count":0,"_bbp_total_topic_count":0,"_bbp_total_reply_count":0,"_bbp_voice_count":0,"_bbp_anonymous_reply_count":0,"_bbp_topic_count_hidden":0,"_bbp_reply_count_hidden":0,"_bbp_forum_subforum_count":0,"footnotes":""},"categories":[1,29],"tags":[1858,1857],"class_list":["post-13535","post","type-post","status-publish","format-standard","has-post-thumbnail","hentry","category-no-classificat","category-portada","tag-promocio2018-2022","tag-promocio20182022"],"post_mailing_queue_ids":[],"_links":{"self":[{"href":"https:\/\/agora.xtec.cat\/insllicamunt2\/wp-json\/wp\/v2\/posts\/13535","targetHints":{"allow":["GET"]}}],"collection":[{"href":"https:\/\/agora.xtec.cat\/insllicamunt2\/wp-json\/wp\/v2\/posts"}],"about":[{"href":"https:\/\/agora.xtec.cat\/insllicamunt2\/wp-json\/wp\/v2\/types\/post"}],"author":[{"embeddable":true,"href":"https:\/\/agora.xtec.cat\/insllicamunt2\/wp-json\/wp\/v2\/users\/1"}],"replies":[{"embeddable":true,"href":"https:\/\/agora.xtec.cat\/insllicamunt2\/wp-json\/wp\/v2\/comments?post=13535"}],"version-history":[{"count":2,"href":"https:\/\/agora.xtec.cat\/insllicamunt2\/wp-json\/wp\/v2\/posts\/13535\/revisions"}],"predecessor-version":[{"id":13542,"href":"https:\/\/agora.xtec.cat\/insllicamunt2\/wp-json\/wp\/v2\/posts\/13535\/revisions\/13542"}],"wp:featuredmedia":[{"embeddable":true,"href":"https:\/\/agora.xtec.cat\/insllicamunt2\/wp-json\/wp\/v2\/media\/13536"}],"wp:attachment":[{"href":"https:\/\/agora.xtec.cat\/insllicamunt2\/wp-json\/wp\/v2\/media?parent=13535"}],"wp:term":[{"taxonomy":"category","embeddable":true,"href":"https:\/\/agora.xtec.cat\/insllicamunt2\/wp-json\/wp\/v2\/categories?post=13535"},{"taxonomy":"post_tag","embeddable":true,"href":"https:\/\/agora.xtec.cat\/insllicamunt2\/wp-json\/wp\/v2\/tags?post=13535"}],"curies":[{"name":"wp","href":"https:\/\/api.w.org\/{rel}","templated":true}]}}