{"id":13533,"date":"2023-06-15T11:15:59","date_gmt":"2023-06-15T09:15:59","guid":{"rendered":"https:\/\/agora.xtec.cat\/insllicamunt2\/?p=13533"},"modified":"2023-06-15T13:17:00","modified_gmt":"2023-06-15T11:17:00","slug":"promocio-vii-2017-2021","status":"publish","type":"post","link":"https:\/\/agora.xtec.cat\/insllicamunt2\/no-classificat\/promocio-vii-2017-2021\/","title":{"rendered":"Promoci\u00f3 VII: 2017-2021"},"content":{"rendered":"<p>L\u2019Hip\u00e0tia \u00e9s un projecte educatiu consolidat que referma activitats i viv\u00e8ncies, com ara les festes tradicionals de Nadal, Carnestoltes i Sant Jordi, les jornades l\u00fadiques de tutoria, les sortides per l\u2019entorn, el projecte Tenes amb la pedalada, les olimp\u00edades atl\u00e8tiques, la visita a museus, teatres i la redacci\u00f3 El 9 nou, la Gal\u00b7la per la Pau, la participaci\u00f3 a la Marat\u00f3 de TV3, etc., i que no cessa en el seu afany de incorporar de noves.<\/p>\n<p>Al llarg de la vostra etapa incorporem nous projectes com el projecte Colors, Hip\u00e0tia la mestra, TAS, Atenci\u00f3, Consum, Trenquem Barreres, Suport Vital B\u00e0sic, I tu qu\u00e8 fas?, Drets Humans, etc. Quan curseu 2n d\u2019ESO es crea a l\u2019horari una franja de projectes per afavorir el treball globalitzat i la transversalitat dels projectes.<\/p>\n<p>La pand\u00e8mia us agafa a 3r d\u2019ESO, just uns dies abans de rebre el grup d\u2019intercanvi de Berl\u00edn. Aquest curs ten\u00edeu l\u2019opci\u00f3 de triar entre dos viatges en format intercanvi, Alemanya i Gr\u00e8cia, que finalment no es poden portar a terme. Durant el curs hav\u00edem fet un intercanvi ling\u00fc\u00edstic amb els companys i les companyes de les respectives escoles, fins i tot, amb l\u2019escola d\u2019Atenes compartim el projecte e-Twinning \u201c<i>Values and Rights in a Democratic Europe<\/i>\u201d.<\/p>\n<p>A l\u2019inici de curs hav\u00edeu fet una acampada de tutoria a l\u2019Ermita de Santa Justa de Lli\u00e7\u00e0 d\u2019Amunt, activitat de cohesi\u00f3 de grup en qu\u00e8 us heu d\u2019autogestionar i que resulta tot un aprenentatge.<\/p>\n<p>Malauradament, a 4t d\u2019ESO, encara en context postpand\u00e8mic, no \u00e9s possible fer el tradicional viatge de fi d\u2019etapa a Menorca i, com alternativa, aneu a Port Aventura.<\/p>\n<p>No podem deixar de mencionar la vostra peculiar Festa de graduaci\u00f3: al pati per ser un espai obert, amb restriccions d\u2019aforament i mantenint la dist\u00e0ncia de seguretat entre fam\u00edlies, i sempre amb la mascareta posada. Qui ens ho diria&#8230;<\/p>\n<p>Promoci\u00f3 VII, aqu\u00ed va el vostre homenatge:<\/p>\n<table style=\"border-collapse: collapse; width: 100%;\">\n<tbody>\n<tr>\n<td style=\"width: 50%;\"><iframe loading=\"lazy\" src=\"\/\/www.youtube.com\/embed\/ULOkWXuQARI\" width=\"560\" height=\"314\" allowfullscreen=\"allowfullscreen\"><\/iframe><\/td>\n<td style=\"width: 50%;\"><iframe loading=\"lazy\" src=\"\/\/www.youtube.com\/embed\/lnJeovW_ruk\" width=\"560\" height=\"314\" allowfullscreen=\"allowfullscreen\"><\/iframe><\/td>\n<\/tr>\n<tr>\n<td style=\"width: 50%;\"><iframe loading=\"lazy\" src=\"\/\/www.youtube.com\/embed\/ZUMNOU_kEss\" width=\"560\" height=\"314\" allowfullscreen=\"allowfullscreen\"><\/iframe><\/td>\n<td style=\"width: 50%;\"><\/td>\n<\/tr>\n<\/tbody>\n<\/table>\n","protected":false},"excerpt":{"rendered":"<p>L\u2019Hip\u00e0tia \u00e9s un projecte educatiu consolidat que referma activitats i viv\u00e8ncies, com ara les festes tradicionals de Nadal, Carnestoltes i Sant Jordi, les jornades l\u00fadiques de tutoria, les sortides per l\u2019entorn, el projecte Tenes amb la pedalada, les olimp\u00edades atl\u00e8tiques, la visita a museus, teatres&hellip;  <a href=\"https:\/\/agora.xtec.cat\/insllicamunt2\/no-classificat\/promocio-vii-2017-2021\/\" title=\"Read Promoci\u00f3 VII: 2017-2021\">Llegeix m\u00e9s\u00bb<\/a><\/p>\n","protected":false},"author":1,"featured_media":13540,"comment_status":"open","ping_status":"closed","sticky":false,"template":"","format":"standard","meta":{"_bbp_topic_count":0,"_bbp_reply_count":0,"_bbp_total_topic_count":0,"_bbp_total_reply_count":0,"_bbp_voice_count":0,"_bbp_anonymous_reply_count":0,"_bbp_topic_count_hidden":0,"_bbp_reply_count_hidden":0,"_bbp_forum_subforum_count":0,"footnotes":""},"categories":[1,29],"tags":[1856],"class_list":["post-13533","post","type-post","status-publish","format-standard","has-post-thumbnail","hentry","category-no-classificat","category-portada","tag-promocio20172021"],"post_mailing_queue_ids":[],"_links":{"self":[{"href":"https:\/\/agora.xtec.cat\/insllicamunt2\/wp-json\/wp\/v2\/posts\/13533","targetHints":{"allow":["GET"]}}],"collection":[{"href":"https:\/\/agora.xtec.cat\/insllicamunt2\/wp-json\/wp\/v2\/posts"}],"about":[{"href":"https:\/\/agora.xtec.cat\/insllicamunt2\/wp-json\/wp\/v2\/types\/post"}],"author":[{"embeddable":true,"href":"https:\/\/agora.xtec.cat\/insllicamunt2\/wp-json\/wp\/v2\/users\/1"}],"replies":[{"embeddable":true,"href":"https:\/\/agora.xtec.cat\/insllicamunt2\/wp-json\/wp\/v2\/comments?post=13533"}],"version-history":[{"count":3,"href":"https:\/\/agora.xtec.cat\/insllicamunt2\/wp-json\/wp\/v2\/posts\/13533\/revisions"}],"predecessor-version":[{"id":13541,"href":"https:\/\/agora.xtec.cat\/insllicamunt2\/wp-json\/wp\/v2\/posts\/13533\/revisions\/13541"}],"wp:featuredmedia":[{"embeddable":true,"href":"https:\/\/agora.xtec.cat\/insllicamunt2\/wp-json\/wp\/v2\/media\/13540"}],"wp:attachment":[{"href":"https:\/\/agora.xtec.cat\/insllicamunt2\/wp-json\/wp\/v2\/media?parent=13533"}],"wp:term":[{"taxonomy":"category","embeddable":true,"href":"https:\/\/agora.xtec.cat\/insllicamunt2\/wp-json\/wp\/v2\/categories?post=13533"},{"taxonomy":"post_tag","embeddable":true,"href":"https:\/\/agora.xtec.cat\/insllicamunt2\/wp-json\/wp\/v2\/tags?post=13533"}],"curies":[{"name":"wp","href":"https:\/\/api.w.org\/{rel}","templated":true}]}}