{"id":13526,"date":"2023-06-14T12:02:25","date_gmt":"2023-06-14T10:02:25","guid":{"rendered":"https:\/\/agora.xtec.cat\/insllicamunt2\/?p=13526"},"modified":"2023-06-14T13:26:58","modified_gmt":"2023-06-14T11:26:58","slug":"promocio-vi-2016-2020","status":"publish","type":"post","link":"https:\/\/agora.xtec.cat\/insllicamunt2\/no-classificat\/promocio-vi-2016-2020\/","title":{"rendered":"Promoci\u00f3 VI: 2016-2020"},"content":{"rendered":"<p>La promoci\u00f3 VI que abarca els cursos 2016-20 sempre quedar\u00e0 en el record com la promoci\u00f3 de la pand\u00e8mia, aquells que no vau poder tancar l\u2019etapa de la secund\u00e0ria a l\u2019Hip\u00e0tia, celebrar la festa de la vostra graduaci\u00f3 o gaudir del viatge de 4t a Menorca.<\/p>\n<p>Aquesta espina l\u2019hem portat clavada des de llavors i sempre hem tingut la ferma idea de trobar el moment adient per poder acomiadar-vos com us ho mereixeu. Les circumst\u00e0ncies no van permetre que fos a la Festa del X\u00e8 aniversari de l\u2019Institut Hip\u00e0tia d\u2019Alexandria, tal com ten\u00edem planificat, per\u00f2, ara s\u00ed, el vostre comiat ha arribat!<\/p>\n<p>Nois i noies de la promoci\u00f3 VI de l\u2019Hip\u00e0tia: aquest dissabte 17 de juny, a les 18:30 h, al Parc de la Riera, i en el marc de la Festa de Comiat de l\u2019Hip\u00e0tia, rebreu el vostre merescut reconeixement.<\/p>\n<p>Per\u00f2 recapitulem, perqu\u00e8 no tot van ser penes. Sou la promoci\u00f3 que comen\u00e7a l\u2019ESO a l\u2019institut amb una novetat important: l\u2019\u00fas de la tauleta digital com a eina de treball principal a l\u2019aula. En aquell moment som centre capdavanter en crear un entorn virtual d\u2019aprenentatge que va anar millorant amb els anys. Tot un encert, perqu\u00e8 quan va venir la pand\u00e8mia, ja ten\u00edem la feina feta i ens va resultar f\u00e0cil continuar l\u2019activitat lectiva des de casa.<\/p>\n<p>D\u2019altra banda, no vau poder anar a Menorca, per\u00f2 sou el grup que a 3r d\u2019ESO teniu l\u2019oportunitat per primer cop d\u2019escollir entre tres viatges dins del Projecte Europa: It\u00e0lia i Alemanya en format intercanvi, i Pa\u00efsos Baixos com a camp d\u2019aprenentatge. Tres experi\u00e8ncies a Europa que compartiu amb tota la comunitat educativa a l\u2019exposici\u00f3 portada a terme a l\u2019Alian\u00e7a amb motiu del Dia d\u2019Europa. I, com les promocions anteriors, tamb\u00e9 gaudiu del viatge a Fran\u00e7a de 2n i de l\u2019estada al Montseny, de 1r d\u2019ESO.<\/p>\n<p>Aqu\u00ed tenim alguns v\u00eddeos que ens mostren els moments viscuts del vostre pas per l\u2019Hip\u00e0tia:<\/p>\n<table style=\"border-collapse: collapse; width: 100%;\">\n<tbody>\n<tr>\n<td style=\"width: 50%;\"><iframe loading=\"lazy\" src=\"\/\/www.youtube.com\/embed\/I5Ja7CP-D1c\" width=\"560\" height=\"314\" allowfullscreen=\"allowfullscreen\"><\/iframe><\/td>\n<td style=\"width: 50%;\"><iframe loading=\"lazy\" src=\"\/\/www.youtube.com\/embed\/sbnZweqZpcc\" width=\"560\" height=\"314\" allowfullscreen=\"allowfullscreen\"><\/iframe><\/td>\n<\/tr>\n<tr>\n<td style=\"width: 50%;\"><iframe loading=\"lazy\" src=\"\/\/www.youtube.com\/embed\/13jIqy5lYSc\" width=\"560\" height=\"314\" allowfullscreen=\"allowfullscreen\"><\/iframe><\/td>\n<td style=\"width: 50%;\"><iframe loading=\"lazy\" src=\"\/\/www.youtube.com\/embed\/oud98SgMozE\" width=\"560\" height=\"314\" allowfullscreen=\"allowfullscreen\"><\/iframe><\/td>\n<\/tr>\n<\/tbody>\n<\/table>\n","protected":false},"excerpt":{"rendered":"<p>La promoci\u00f3 VI que abarca els cursos 2016-20 sempre quedar\u00e0 en el record com la promoci\u00f3 de la pand\u00e8mia, aquells que no vau poder tancar l\u2019etapa de la secund\u00e0ria a l\u2019Hip\u00e0tia, celebrar la festa de la vostra graduaci\u00f3 o gaudir del viatge de 4t a&hellip;  <a href=\"https:\/\/agora.xtec.cat\/insllicamunt2\/no-classificat\/promocio-vi-2016-2020\/\" title=\"Read Promoci\u00f3 VI: 2016-2020\">Llegeix m\u00e9s\u00bb<\/a><\/p>\n","protected":false},"author":1,"featured_media":13531,"comment_status":"open","ping_status":"closed","sticky":false,"template":"","format":"standard","meta":{"_bbp_topic_count":0,"_bbp_reply_count":0,"_bbp_total_topic_count":0,"_bbp_total_reply_count":0,"_bbp_voice_count":0,"_bbp_anonymous_reply_count":0,"_bbp_topic_count_hidden":0,"_bbp_reply_count_hidden":0,"_bbp_forum_subforum_count":0,"footnotes":""},"categories":[1,29],"tags":[1261],"class_list":["post-13526","post","type-post","status-publish","format-standard","has-post-thumbnail","hentry","category-no-classificat","category-portada","tag-promocio-2012-2016"],"post_mailing_queue_ids":[],"_links":{"self":[{"href":"https:\/\/agora.xtec.cat\/insllicamunt2\/wp-json\/wp\/v2\/posts\/13526","targetHints":{"allow":["GET"]}}],"collection":[{"href":"https:\/\/agora.xtec.cat\/insllicamunt2\/wp-json\/wp\/v2\/posts"}],"about":[{"href":"https:\/\/agora.xtec.cat\/insllicamunt2\/wp-json\/wp\/v2\/types\/post"}],"author":[{"embeddable":true,"href":"https:\/\/agora.xtec.cat\/insllicamunt2\/wp-json\/wp\/v2\/users\/1"}],"replies":[{"embeddable":true,"href":"https:\/\/agora.xtec.cat\/insllicamunt2\/wp-json\/wp\/v2\/comments?post=13526"}],"version-history":[{"count":3,"href":"https:\/\/agora.xtec.cat\/insllicamunt2\/wp-json\/wp\/v2\/posts\/13526\/revisions"}],"predecessor-version":[{"id":13532,"href":"https:\/\/agora.xtec.cat\/insllicamunt2\/wp-json\/wp\/v2\/posts\/13526\/revisions\/13532"}],"wp:featuredmedia":[{"embeddable":true,"href":"https:\/\/agora.xtec.cat\/insllicamunt2\/wp-json\/wp\/v2\/media\/13531"}],"wp:attachment":[{"href":"https:\/\/agora.xtec.cat\/insllicamunt2\/wp-json\/wp\/v2\/media?parent=13526"}],"wp:term":[{"taxonomy":"category","embeddable":true,"href":"https:\/\/agora.xtec.cat\/insllicamunt2\/wp-json\/wp\/v2\/categories?post=13526"},{"taxonomy":"post_tag","embeddable":true,"href":"https:\/\/agora.xtec.cat\/insllicamunt2\/wp-json\/wp\/v2\/tags?post=13526"}],"curies":[{"name":"wp","href":"https:\/\/api.w.org\/{rel}","templated":true}]}}