{"id":13523,"date":"2023-06-14T11:12:10","date_gmt":"2023-06-14T09:12:10","guid":{"rendered":"https:\/\/agora.xtec.cat\/insllicamunt2\/?p=13523"},"modified":"2023-06-14T12:08:21","modified_gmt":"2023-06-14T10:08:21","slug":"promocio-v-2015-2019","status":"publish","type":"post","link":"https:\/\/agora.xtec.cat\/insllicamunt2\/no-classificat\/promocio-v-2015-2019\/","title":{"rendered":"Promoci\u00f3 V: 2015-2019"},"content":{"rendered":"<p>La promoci\u00f3 m\u00e9s art\u00edstica de l\u2019Hip\u00e0tia. Els vostres balls a les festes de Nadal, Carnestoltes i Sant Jordi han estat sempre memorables. Com tamb\u00e9 ho va ser el ball final improvisat a les escales de l\u2019institut al m\u00e9s pur estil \u201cHigh School Musical\u201d. Impressionant tamb\u00e9 el mix de balls que vareu representar a l\u2019Alian\u00e7a durant la vostra graduaci\u00f3 de 4t. Per nosaltres sempre sereu la promoci\u00f3 dels \u201cbailongos\u201d \ud83d\ude09<\/p>\n<p>Amb aquest tarann\u00e0 no \u00e9s estrany que f\u00f3ssiu els promotors, a trav\u00e9s de l\u2019Assemblea de delegats i delegades, del 1r Carnestoltes celebrat a l\u2019Hip\u00e0tia al febrer de 2016.<\/p>\n<p>El carnestoltes a l\u2019Hip\u00e0tia arrela per convertir-se en una festa l\u00fadica per\u00f2 que es vincula al Pla lector de centre: la disfressa, la desfilada i la coreografia de cada grup-classe havia d\u2019estar relacionada amb un llibre llegit a l\u2019aula o una lectura complementaria.<\/p>\n<p>Al mar\u00e7 del mateix any l\u2019Hip\u00e0tia s\u2019afegeix a la celebraci\u00f3 mundial del Dia Pi i incorpora al seu calendari la gran diada matem\u00e0tica amb la 1\u00aa Festa del Dia Pi organizada pel Departament cientificotecnol\u00f2gic.<\/p>\n<p>Tot us anava b\u00e9 i a tot us apuntaveu! Com, per exemple, a les caminades solid\u00e0ries Barcelona Magic Line (BML), activitat solid\u00e0ria oberta a tota la comunitat educativa i que es potenciava des de la mat\u00e8ria d\u2019Educaci\u00f3 f\u00edsica i l\u2019AMPA.<\/p>\n<p>Arribem a 4t d\u2019ESO i per fi \u00e9s el vostre torn d\u2019escenificar un musical. L\u2019obra escollida \u00e9s \u201cEls Miserables\u201d que es representa com sempre a l\u2019Ateneu l\u2019Alian\u00e7a de Lli\u00e7\u00e0 d\u2019Amunt. Com no, tot l\u2019auditori es va emocionar amb la vostra representaci\u00f3.<\/p>\n<p>La vostra alegria ha fet de vosaltres una de les promocions m\u00e9s cohesionades, v\u00e9s per on que les orles de la graduaci\u00f3 van sortir de color rosa, casualitat?<\/p>\n<p>Us deixem amb alguns v\u00eddeos del vostre pas per l\u2019institut:<\/p>\n<table style=\"border-collapse: collapse; width: 100%;\">\n<tbody>\n<tr>\n<td style=\"width: 33.3333%;\"><iframe loading=\"lazy\" src=\"\/\/www.youtube.com\/embed\/77foLpH0ExY\" width=\"560\" height=\"314\" allowfullscreen=\"allowfullscreen\"><\/iframe><\/td>\n<td style=\"width: 33.3333%;\"><iframe loading=\"lazy\" src=\"\/\/www.youtube.com\/embed\/aNWL1LzHFvo\" width=\"560\" height=\"314\" allowfullscreen=\"allowfullscreen\"><\/iframe><\/td>\n<td style=\"width: 33.3333%;\"><iframe loading=\"lazy\" src=\"\/\/www.youtube.com\/embed\/lX-l_edIa1A\" width=\"560\" height=\"314\" allowfullscreen=\"allowfullscreen\"><\/iframe><\/td>\n<\/tr>\n<tr>\n<td style=\"width: 33.3333%;\"><iframe loading=\"lazy\" src=\"\/\/www.youtube.com\/embed\/FycVNuO_GCw\" width=\"560\" height=\"314\" allowfullscreen=\"allowfullscreen\"><\/iframe><\/td>\n<td style=\"width: 33.3333%;\"><iframe loading=\"lazy\" src=\"\/\/www.youtube.com\/embed\/vkBjaWVgGbs\" width=\"560\" height=\"314\" allowfullscreen=\"allowfullscreen\"><\/iframe><\/td>\n<td style=\"width: 33.3333%;\"><iframe loading=\"lazy\" src=\"\/\/www.youtube.com\/embed\/9SQ-8sEhjxg\" width=\"560\" height=\"314\" allowfullscreen=\"allowfullscreen\"><\/iframe><\/td>\n<\/tr>\n<\/tbody>\n<\/table>\n","protected":false},"excerpt":{"rendered":"<p>La promoci\u00f3 m\u00e9s art\u00edstica de l\u2019Hip\u00e0tia. Els vostres balls a les festes de Nadal, Carnestoltes i Sant Jordi han estat sempre memorables. Com tamb\u00e9 ho va ser el ball final improvisat a les escales de l\u2019institut al m\u00e9s pur estil \u201cHigh School Musical\u201d. Impressionant tamb\u00e9&hellip;  <a href=\"https:\/\/agora.xtec.cat\/insllicamunt2\/no-classificat\/promocio-v-2015-2019\/\" title=\"Read Promoci\u00f3 V: 2015-2019\">Llegeix m\u00e9s\u00bb<\/a><\/p>\n","protected":false},"author":1,"featured_media":13524,"comment_status":"open","ping_status":"closed","sticky":false,"template":"","format":"standard","meta":{"_bbp_topic_count":0,"_bbp_reply_count":0,"_bbp_total_topic_count":0,"_bbp_total_reply_count":0,"_bbp_voice_count":0,"_bbp_anonymous_reply_count":0,"_bbp_topic_count_hidden":0,"_bbp_reply_count_hidden":0,"_bbp_forum_subforum_count":0,"footnotes":""},"categories":[1,29],"tags":[],"class_list":["post-13523","post","type-post","status-publish","format-standard","has-post-thumbnail","hentry","category-no-classificat","category-portada"],"post_mailing_queue_ids":[],"_links":{"self":[{"href":"https:\/\/agora.xtec.cat\/insllicamunt2\/wp-json\/wp\/v2\/posts\/13523","targetHints":{"allow":["GET"]}}],"collection":[{"href":"https:\/\/agora.xtec.cat\/insllicamunt2\/wp-json\/wp\/v2\/posts"}],"about":[{"href":"https:\/\/agora.xtec.cat\/insllicamunt2\/wp-json\/wp\/v2\/types\/post"}],"author":[{"embeddable":true,"href":"https:\/\/agora.xtec.cat\/insllicamunt2\/wp-json\/wp\/v2\/users\/1"}],"replies":[{"embeddable":true,"href":"https:\/\/agora.xtec.cat\/insllicamunt2\/wp-json\/wp\/v2\/comments?post=13523"}],"version-history":[{"count":3,"href":"https:\/\/agora.xtec.cat\/insllicamunt2\/wp-json\/wp\/v2\/posts\/13523\/revisions"}],"predecessor-version":[{"id":13529,"href":"https:\/\/agora.xtec.cat\/insllicamunt2\/wp-json\/wp\/v2\/posts\/13523\/revisions\/13529"}],"wp:featuredmedia":[{"embeddable":true,"href":"https:\/\/agora.xtec.cat\/insllicamunt2\/wp-json\/wp\/v2\/media\/13524"}],"wp:attachment":[{"href":"https:\/\/agora.xtec.cat\/insllicamunt2\/wp-json\/wp\/v2\/media?parent=13523"}],"wp:term":[{"taxonomy":"category","embeddable":true,"href":"https:\/\/agora.xtec.cat\/insllicamunt2\/wp-json\/wp\/v2\/categories?post=13523"},{"taxonomy":"post_tag","embeddable":true,"href":"https:\/\/agora.xtec.cat\/insllicamunt2\/wp-json\/wp\/v2\/tags?post=13523"}],"curies":[{"name":"wp","href":"https:\/\/api.w.org\/{rel}","templated":true}]}}