{"id":13520,"date":"2023-06-13T13:46:08","date_gmt":"2023-06-13T11:46:08","guid":{"rendered":"https:\/\/agora.xtec.cat\/insllicamunt2\/?p=13520"},"modified":"2023-06-13T13:47:45","modified_gmt":"2023-06-13T11:47:45","slug":"promocio-iv-2014-2018","status":"publish","type":"post","link":"https:\/\/agora.xtec.cat\/insllicamunt2\/el-far-dhipatia\/portada\/promocio-iv-2014-2018\/","title":{"rendered":"Promoci\u00f3 IV: 2014-2018"},"content":{"rendered":"<p>Amb la promoci\u00f3 IV de l\u2019Hip\u00e0tia omplim el centre amb tots els nivells de l\u2019ESO. La plantilla de docents arriba a la vintena.<\/p>\n<p>El Far d\u2019Hip\u00e0tia, la nostra revista digital, publica el seu primer article en novembre del 2014. Aviat es converteix en una finestra oberta que dona llum al centre, a trav\u00e9s de la qual professorat i alumnat relaten amb dedicaci\u00f3 i il\u00b7lusi\u00f3 per tota la comunitat educativa all\u00f2 que fem de portes endins.<\/p>\n<p>Durant el vostre 1r d\u2019ESO, l\u2019Institut Hip\u00e0tia d\u2019Alexandria s\u2019acull al projecte del Departament d\u2019Educaci\u00f3 \u201cApadrinem un element del Patrimoni\u201d i apadrinem el tram del riu Tenes al seu pas per Lli\u00e7\u00e0 d\u2019Amunt. El curs seg\u00fcent participem en el Projecte Rius de l\u2019Associaci\u00f3 H\u00e0bitats. La nostra vinculaci\u00f3 amb el riu esdev\u00e9 en el Projecte Tenes que incorpora cada any noves activitats: al 2015 t\u00e9 lloc la primera plantada de l\u2019arbre per part de l\u2019alumnat de 4t (promoci\u00f3 I) a la llera del riu per simbolitzar l\u2019arrelament del nostre alumnat amb l\u2019entorn i, al 2016, s\u2019incorpora la pedalada\/caminada i el recital de poesia. El curs 2018-2019, el Departament d\u2019Educaci\u00f3 reconeix el Projecte Tenes com a projecte d\u2019innovaci\u00f3 pedag\u00f2gica.<\/p>\n<p>Des de l\u2019inici hav\u00edem apostat pel treball globalitzat i mica en mica anem ampliant el nostre ventall de projectes. Aquesta promoci\u00f3 s\u2019implica de valent. Al vostre 2n curs estreneu la 1\u00aa Festa esportiva de Nadal de l\u2019Hip\u00e0tia. El curs seg\u00fcent, dins del Projecte \u201cSense barreres\u201d de 3r, us atreviu a organitzar la Festa de l\u2019esport inclusiu per l\u2019alumnat de 1r, una activitat dissenyada per ampliar la sensibilitzaci\u00f3 de tothom per l\u2019esport adaptat. I, a 4t, pugeu el llist\u00f3 i us involucreu en projectes externs de caire solidari a partir del projecte de ci\u00e8ncies socials \u201c<i>World conflicts<\/i>\u201d.<\/p>\n<p>El \u201c<i>West Side story\u201d<\/i> \u00e9s el musical que representeu a 4t, actuaci\u00f3 amb qu\u00e8 mostreu les vostres dots d\u2019artistes i us llu\u00efu davant la comunitat educativa.<\/p>\n<p>Pel que fa als viatges, gaudiu de l\u2019estada al Montseny de 1r, el viatge a Fran\u00e7a de 2n, el viatge a Berl\u00edn de 3r i el viatge a Menorca de 4t. A m\u00e9s, a 3r d\u2019ESO, dos alumnes participen en la primera immersi\u00f3 ling\u00fc\u00edstica de tres setmanes a Berl\u00edn, i a 4t, un grup de cinc alumnes fan una estada de tres setmanes a Nuremberg i quatre m\u00e9s s\u2019afegeixen a l\u2019intercanvi d\u2019una setmana de la promoci\u00f3 V.<\/p>\n<p>Us deixem amb alguns v\u00eddeos dels anys compartits a l\u2019Hip\u00e0tia:<\/p>\n<table style=\"border-collapse: collapse; width: 100%;\">\n<tbody>\n<tr>\n<td style=\"width: 50%;\"><iframe loading=\"lazy\" src=\"\/\/www.youtube.com\/embed\/HX49w4H7-JI\" width=\"560\" height=\"314\" allowfullscreen=\"allowfullscreen\"><\/iframe><\/td>\n<td style=\"width: 50%;\"><iframe loading=\"lazy\" src=\"\/\/www.youtube.com\/embed\/TfUchmIetyw\" width=\"560\" height=\"314\" allowfullscreen=\"allowfullscreen\"><\/iframe><\/td>\n<\/tr>\n<tr>\n<td style=\"width: 50%;\"><iframe loading=\"lazy\" src=\"\/\/www.youtube.com\/embed\/TCiR0mkn-HE\" width=\"560\" height=\"314\" allowfullscreen=\"allowfullscreen\"><\/iframe><\/td>\n<td style=\"width: 50%;\"><iframe loading=\"lazy\" src=\"\/\/www.youtube.com\/embed\/1oYSOOXBHSU\" width=\"560\" height=\"314\" allowfullscreen=\"allowfullscreen\"><\/iframe><\/td>\n<\/tr>\n<\/tbody>\n<\/table>\n","protected":false},"excerpt":{"rendered":"<p>Amb la promoci\u00f3 IV de l\u2019Hip\u00e0tia omplim el centre amb tots els nivells de l\u2019ESO. La plantilla de docents arriba a la vintena.<br \/>\nEl Far d\u2019Hip\u00e0tia, la nostra revista digital, publica el seu primer article en novembre del 2014. Aviat es converteix en una finestra oberta&hellip;  <a href=\"https:\/\/agora.xtec.cat\/insllicamunt2\/el-far-dhipatia\/portada\/promocio-iv-2014-2018\/\" title=\"Read Promoci\u00f3 IV: 2014-2018\">Llegeix m\u00e9s\u00bb<\/a><\/p>\n","protected":false},"author":1,"featured_media":13522,"comment_status":"open","ping_status":"closed","sticky":false,"template":"","format":"standard","meta":{"_bbp_topic_count":0,"_bbp_reply_count":0,"_bbp_total_topic_count":0,"_bbp_total_reply_count":0,"_bbp_voice_count":0,"_bbp_anonymous_reply_count":0,"_bbp_topic_count_hidden":0,"_bbp_reply_count_hidden":0,"_bbp_forum_subforum_count":0,"footnotes":""},"categories":[29],"tags":[1855],"class_list":["post-13520","post","type-post","status-publish","format-standard","has-post-thumbnail","hentry","category-portada","tag-promocio20142018"],"post_mailing_queue_ids":[],"_links":{"self":[{"href":"https:\/\/agora.xtec.cat\/insllicamunt2\/wp-json\/wp\/v2\/posts\/13520","targetHints":{"allow":["GET"]}}],"collection":[{"href":"https:\/\/agora.xtec.cat\/insllicamunt2\/wp-json\/wp\/v2\/posts"}],"about":[{"href":"https:\/\/agora.xtec.cat\/insllicamunt2\/wp-json\/wp\/v2\/types\/post"}],"author":[{"embeddable":true,"href":"https:\/\/agora.xtec.cat\/insllicamunt2\/wp-json\/wp\/v2\/users\/1"}],"replies":[{"embeddable":true,"href":"https:\/\/agora.xtec.cat\/insllicamunt2\/wp-json\/wp\/v2\/comments?post=13520"}],"version-history":[{"count":1,"href":"https:\/\/agora.xtec.cat\/insllicamunt2\/wp-json\/wp\/v2\/posts\/13520\/revisions"}],"predecessor-version":[{"id":13521,"href":"https:\/\/agora.xtec.cat\/insllicamunt2\/wp-json\/wp\/v2\/posts\/13520\/revisions\/13521"}],"wp:featuredmedia":[{"embeddable":true,"href":"https:\/\/agora.xtec.cat\/insllicamunt2\/wp-json\/wp\/v2\/media\/13522"}],"wp:attachment":[{"href":"https:\/\/agora.xtec.cat\/insllicamunt2\/wp-json\/wp\/v2\/media?parent=13520"}],"wp:term":[{"taxonomy":"category","embeddable":true,"href":"https:\/\/agora.xtec.cat\/insllicamunt2\/wp-json\/wp\/v2\/categories?post=13520"},{"taxonomy":"post_tag","embeddable":true,"href":"https:\/\/agora.xtec.cat\/insllicamunt2\/wp-json\/wp\/v2\/tags?post=13520"}],"curies":[{"name":"wp","href":"https:\/\/api.w.org\/{rel}","templated":true}]}}