{"id":13515,"date":"2023-06-13T09:28:48","date_gmt":"2023-06-13T07:28:48","guid":{"rendered":"https:\/\/agora.xtec.cat\/insllicamunt2\/?p=13515"},"modified":"2023-06-13T13:35:32","modified_gmt":"2023-06-13T11:35:32","slug":"promocio-iii-2013-2017","status":"publish","type":"post","link":"https:\/\/agora.xtec.cat\/insllicamunt2\/no-classificat\/promocio-iii-2013-2017\/","title":{"rendered":"Promoci\u00f3 III: 2013-2017"},"content":{"rendered":"<p>L\u2019Hip\u00e0tia va creixent i ja som 6 grups-classe de 1r a 3r d\u2019ESO acompanyats per 16 docents.<\/p>\n<p>Des de l\u2019inici apostem pel treball globalitzat i mica en mica anem ampliant el nostre ventall de projectes. Tot el claustre participa en el Projecte d\u2019innovaci\u00f3 pedag\u00f2gica anomenat ILEC (Impuls de la lectura), l\u2019objectiu del qual \u00e9s potenciar la lectura sistem\u00e0tica en totes les \u00e0rees i mat\u00e8ries del curr\u00edculum per millorar els resultats acad\u00e8mic de l\u2019alumnat. En aquesta l\u00ednia instaurem el Pla lector del centre i potenciem l\u2019\u00fas de la biblioteca amb la finalitat de desenvolupar el gust per la lectura.<\/p>\n<p>Tamb\u00e9 anem un pas enll\u00e0 en el nostre prop\u00f2sit d\u2019atendre tota la diversitat de l\u2019alumnat i, en el curs 2015-16, iniciem el Projecte Amunt de diversificaci\u00f3 curricular per alumnes de 3r (promoci\u00f3 III) i de 4t (promoci\u00f3 II).<\/p>\n<p>La promoci\u00f3 III viatja per primer cop al Montseny dins del Treball de S\u00edntesi de 1r, i tamb\u00e9 gaudeix del viatge a Fran\u00e7a de 2n i del viatge a Menorca de 4t. Pel que fa al viatge de 3r es mant\u00e9 posada la mirada en Europa, per\u00f2 decidim canviar de ciutat i viatjar a Berl\u00edn, on visitem una escola amb qui pr\u00e8viament hav\u00edem fet un intercanvi ling\u00fc\u00edstic.<\/p>\n<p>Aquesta trobada a Berl\u00edn marca l\u2019inici del nostre programa d\u2019intercanvis que arrenca amb for\u00e7a el curs 2016-17: setze alumnes de la promoci\u00f3 V (2n d\u2019ESO) fan una estada d\u2019una setmana a Berl\u00edn, dues alumnes de la promoci\u00f3 IV (3r d\u2019ESO) fan una immersi\u00f3 ling\u00fc\u00edstica de tres setmanes tamb\u00e9 a Berl\u00edn i quatre alumnes de la promoci\u00f3 III (4t ESO) fan una estada de tres setmanes a Nuremberg.<\/p>\n<p>Respecte a la vessant art\u00edstica, l\u2019alumnat de la promoci\u00f3 III participa del musical de <em>Grease<\/em> a 1r i tamb\u00e9 de la segona edici\u00f3 del musical Mar i Cel a 3r d\u2019ESO. A finals de l\u2019etapa, alguns artistes i m\u00fasics d\u2019aquesta promoci\u00f3 i l\u2019anterior, units per la m\u00fasica i per una forta amistat, creen el grup de m\u00fasica anomenat \u201c<em>Police Line<\/em>\u201d.<\/p>\n<p>No us ho perdeu! \u201c<em>Police Line<\/em>\u201d estar\u00e0 amb tots nosaltres aquest dissabte 17 de juny durant la Festa de comiat de l\u2019Institut Hip\u00e0tia d\u2019Alexandria. Molt\u00edssimes gr\u00e0cies nois i noies de \u201c<em>Police Line<\/em>\u201d per amenitzar-nos la festa amb la vostra m\u00fasica.<\/p>\n<p>Us deixem amb alguns v\u00eddeos de la promoci\u00f3 III hipatiana:<\/p>\n<table style=\"border-collapse: collapse; width: 100%;\">\n<tbody>\n<tr>\n<td style=\"width: 50%;\"><iframe loading=\"lazy\" src=\"\/\/www.youtube.com\/embed\/YrvI3K1PCs8\" width=\"560\" height=\"314\" allowfullscreen=\"allowfullscreen\"><\/iframe><\/td>\n<td style=\"width: 50%;\"><iframe loading=\"lazy\" src=\"\/\/www.youtube.com\/embed\/AZv6RButJeY\" width=\"560\" height=\"314\" allowfullscreen=\"allowfullscreen\"><\/iframe><\/td>\n<\/tr>\n<tr>\n<td style=\"width: 50%;\"><iframe loading=\"lazy\" src=\"\/\/www.youtube.com\/embed\/qhORJhi4qu8\" width=\"560\" height=\"314\" allowfullscreen=\"allowfullscreen\"><\/iframe><\/td>\n<td style=\"width: 50%;\"><iframe loading=\"lazy\" src=\"\/\/www.youtube.com\/embed\/9h6BMqduGW4\" width=\"560\" height=\"314\" allowfullscreen=\"allowfullscreen\"><\/iframe><\/td>\n<\/tr>\n<\/tbody>\n<\/table>\n","protected":false},"excerpt":{"rendered":"<p>L\u2019Hip\u00e0tia va creixent i ja som 6 grups-classe de 1r a 3r d\u2019ESO acompanyats per 16 docents.<br \/>\nDes de l\u2019inici apostem pel treball globalitzat i mica en mica anem ampliant el nostre ventall de projectes. Tot el claustre participa en el Projecte d\u2019innovaci\u00f3 pedag\u00f2gica anomenat ILEC&hellip;  <a href=\"https:\/\/agora.xtec.cat\/insllicamunt2\/no-classificat\/promocio-iii-2013-2017\/\" title=\"Read Promoci\u00f3 III: 2013-2017\">Llegeix m\u00e9s\u00bb<\/a><\/p>\n","protected":false},"author":1,"featured_media":13516,"comment_status":"open","ping_status":"closed","sticky":false,"template":"","format":"standard","meta":{"_bbp_topic_count":0,"_bbp_reply_count":0,"_bbp_total_topic_count":0,"_bbp_total_reply_count":0,"_bbp_voice_count":0,"_bbp_anonymous_reply_count":0,"_bbp_topic_count_hidden":0,"_bbp_reply_count_hidden":0,"_bbp_forum_subforum_count":0,"footnotes":""},"categories":[1,29],"tags":[1854],"class_list":["post-13515","post","type-post","status-publish","format-standard","has-post-thumbnail","hentry","category-no-classificat","category-portada","tag-promocio20132017"],"post_mailing_queue_ids":[],"_links":{"self":[{"href":"https:\/\/agora.xtec.cat\/insllicamunt2\/wp-json\/wp\/v2\/posts\/13515","targetHints":{"allow":["GET"]}}],"collection":[{"href":"https:\/\/agora.xtec.cat\/insllicamunt2\/wp-json\/wp\/v2\/posts"}],"about":[{"href":"https:\/\/agora.xtec.cat\/insllicamunt2\/wp-json\/wp\/v2\/types\/post"}],"author":[{"embeddable":true,"href":"https:\/\/agora.xtec.cat\/insllicamunt2\/wp-json\/wp\/v2\/users\/1"}],"replies":[{"embeddable":true,"href":"https:\/\/agora.xtec.cat\/insllicamunt2\/wp-json\/wp\/v2\/comments?post=13515"}],"version-history":[{"count":3,"href":"https:\/\/agora.xtec.cat\/insllicamunt2\/wp-json\/wp\/v2\/posts\/13515\/revisions"}],"predecessor-version":[{"id":13519,"href":"https:\/\/agora.xtec.cat\/insllicamunt2\/wp-json\/wp\/v2\/posts\/13515\/revisions\/13519"}],"wp:featuredmedia":[{"embeddable":true,"href":"https:\/\/agora.xtec.cat\/insllicamunt2\/wp-json\/wp\/v2\/media\/13516"}],"wp:attachment":[{"href":"https:\/\/agora.xtec.cat\/insllicamunt2\/wp-json\/wp\/v2\/media?parent=13515"}],"wp:term":[{"taxonomy":"category","embeddable":true,"href":"https:\/\/agora.xtec.cat\/insllicamunt2\/wp-json\/wp\/v2\/categories?post=13515"},{"taxonomy":"post_tag","embeddable":true,"href":"https:\/\/agora.xtec.cat\/insllicamunt2\/wp-json\/wp\/v2\/tags?post=13515"}],"curies":[{"name":"wp","href":"https:\/\/api.w.org\/{rel}","templated":true}]}}