{"id":13400,"date":"2023-05-23T05:40:37","date_gmt":"2023-05-23T03:40:37","guid":{"rendered":"https:\/\/agora.xtec.cat\/insllicamunt2\/?p=13400"},"modified":"2023-05-23T10:43:30","modified_gmt":"2023-05-23T08:43:30","slug":"poesia-vora-laigua","status":"publish","type":"post","link":"https:\/\/agora.xtec.cat\/insllicamunt2\/no-classificat\/poesia-vora-laigua\/","title":{"rendered":"Poesia vora l&#8217;aigua"},"content":{"rendered":"<p>El passat dijous 18 de maig, sota un cel ennuvolat \u00a0i una temperatura ambiental for\u00e7a fresca, l\u2019Hip\u00e0tia en ple va anar una vegada m\u00e9s, i aquesta volta per darrer cop, al Parc del Tenes i cloure d\u2019aquesta manera les jornades dedicades al projecte <em><strong>L\u2019Hip\u00e0tia al Tenes<\/strong><\/em>.<\/p>\n<p>Com ja \u00e9s habitual aquesta cloenda es va fer amb un recital de poesia en qu\u00e8 es va poder gaudir, entre d&#8217;altres, des dels versos de Guerau de Liost o Jacint Verdaguer fins als de Rosa Leveroni o Maria Merc\u00e8 Mar\u00e7al. No obstant aix\u00f2, v\u00e0rem gaudir tamb\u00e9 de poesia nascuda de la pr\u00f2pia inspiraci\u00f3 dels i les alumnes i que va servir per criticar situacions actuals d\u2019injust\u00edcia o desigualtat, amb refer\u00e8ncies clares a Vladimir Putin o el m\u00f3n de Disney . D\u2019aquesta manera, una mostra de l\u2019alumnat de tots els nivells hipatians de l\u2019ESO va desfilar per davant del micr\u00f2fon. Abans, el director de l&#8217;institut havia adre\u00e7at unes paraules a tot l&#8217;auditori en les quals va voler remarcar la continu\u00eftat d&#8217;aquest projecte, tan estimat dins de l&#8217;univers hipati\u00e0, i la seva perviv\u00e8ncia, ben segur que adaptada a altres necessitats o maneres de fer a l&#8217;INS Lli\u00e7\u00e0.<\/p>\n<p>Com \u00e9s habitual, els i les alumnes de 4t van deixar el seu testimoni en forma d\u2019arbre. Aquest any, degut a la sequera, plantar el tradicional pi a aquestes al\u00e7ades primaverals hauria dificultat el seu arrelament, per la qual cosa el pi va ser plantat ja fa uns quants dies i en aquesta ocasi\u00f3, enlloc del seu plantament, es va regar amb aigua del riu, juntament amb alguna palada de terra . El simbolisme hi va ser present de la mateixa manera i el testimoni igualment perdur\u00e0.<\/p>\n<p>Al final de l\u2019acte, en qu\u00e8 tamb\u00e9 van assistir membres de l\u2019ajuntament als quals volem agrair la seva pres\u00e8ncia, la pertina\u00e7 amena\u00e7a \u00a0dels n\u00favols va confirmar que no era trivial i vam haver de marxar vers l\u2019Hip\u00e0tia amb una certa cuita per no acabar xops!<\/p>\n<p>Us compartim algunes imatges!<\/p>\n\n\t\t<style type=\"text\/css\">\n\t\t\t#gallery-1 {\n\t\t\t\tmargin: auto;\n\t\t\t}\n\t\t\t#gallery-1 .gallery-item {\n\t\t\t\tfloat: left;\n\t\t\t\tmargin-top: 10px;\n\t\t\t\ttext-align: center;\n\t\t\t\twidth: 33%;\n\t\t\t}\n\t\t\t#gallery-1 img {\n\t\t\t\tborder: 2px solid #cfcfcf;\n\t\t\t}\n\t\t\t#gallery-1 .gallery-caption {\n\t\t\t\tmargin-left: 0;\n\t\t\t}\n\t\t\t\/* see gallery_shortcode() in wp-includes\/media.php *\/\n\t\t<\/style>\n\t\t<div id='gallery-1' class='gallery galleryid-13400 gallery-columns-3 gallery-size-thumbnail'><dl class='gallery-item'>\n\t\t\t<dt class='gallery-icon landscape'>\n\t\t\t\t<a href='https:\/\/agora.xtec.cat\/insllicamunt2\/no-classificat\/poesia-vora-laigua\/attachment\/01-img-20230518-wa0010\/'><img loading=\"lazy\" decoding=\"async\" width=\"150\" height=\"150\" src=\"https:\/\/agora.xtec.cat\/insllicamunt2\/wp-content\/uploads\/usu1100\/2023\/05\/01-IMG-20230518-WA0010-150x150.jpg\" class=\"attachment-thumbnail size-thumbnail\" alt=\"\" aria-describedby=\"gallery-1-13407\" \/><\/a>\n\t\t\t<\/dt>\n\t\t\t\t<dd class='wp-caption-text gallery-caption' id='gallery-1-13407'>\n\t\t\t\tPreparant l&#8217;acte\n\t\t\t\t<\/dd><\/dl><dl class='gallery-item'>\n\t\t\t<dt class='gallery-icon landscape'>\n\t\t\t\t<a href='https:\/\/agora.xtec.cat\/insllicamunt2\/no-classificat\/poesia-vora-laigua\/attachment\/03-img-20230518-wa0007\/'><img loading=\"lazy\" decoding=\"async\" width=\"150\" height=\"150\" src=\"https:\/\/agora.xtec.cat\/insllicamunt2\/wp-content\/uploads\/usu1100\/2023\/05\/03-IMG-20230518-WA0007-150x150.jpg\" class=\"attachment-thumbnail size-thumbnail\" alt=\"\" aria-describedby=\"gallery-1-13409\" \/><\/a>\n\t\t\t<\/dt>\n\t\t\t\t<dd class='wp-caption-text gallery-caption' id='gallery-1-13409'>\n\t\t\t\tEsperant l&#8217;inici de l&#8217;acte\n\t\t\t\t<\/dd><\/dl><dl class='gallery-item'>\n\t\t\t<dt class='gallery-icon landscape'>\n\t\t\t\t<a href='https:\/\/agora.xtec.cat\/insllicamunt2\/no-classificat\/poesia-vora-laigua\/attachment\/02-img-20230518-wa0014\/'><img loading=\"lazy\" decoding=\"async\" width=\"150\" height=\"150\" src=\"https:\/\/agora.xtec.cat\/insllicamunt2\/wp-content\/uploads\/usu1100\/2023\/05\/02-IMG-20230518-WA0014-150x150.jpg\" class=\"attachment-thumbnail size-thumbnail\" alt=\"\" aria-describedby=\"gallery-1-13408\" \/><\/a>\n\t\t\t<\/dt>\n\t\t\t\t<dd class='wp-caption-text gallery-caption' id='gallery-1-13408'>\n\t\t\t\tParla el director\n\t\t\t\t<\/dd><\/dl><br style=\"clear: both\" \/><dl class='gallery-item'>\n\t\t\t<dt class='gallery-icon landscape'>\n\t\t\t\t<a href='https:\/\/agora.xtec.cat\/insllicamunt2\/no-classificat\/poesia-vora-laigua\/attachment\/06-img-20230522-wa0005\/'><img loading=\"lazy\" decoding=\"async\" width=\"150\" height=\"150\" src=\"https:\/\/agora.xtec.cat\/insllicamunt2\/wp-content\/uploads\/usu1100\/2023\/05\/06-IMG-20230522-WA0005-150x150.jpg\" class=\"attachment-thumbnail size-thumbnail\" alt=\"\" aria-describedby=\"gallery-1-13411\" \/><\/a>\n\t\t\t<\/dt>\n\t\t\t\t<dd class='wp-caption-text gallery-caption' id='gallery-1-13411'>\n\t\t\t\tAlumnes de 2n\n\t\t\t\t<\/dd><\/dl><dl class='gallery-item'>\n\t\t\t<dt class='gallery-icon landscape'>\n\t\t\t\t<a href='https:\/\/agora.xtec.cat\/insllicamunt2\/no-classificat\/poesia-vora-laigua\/attachment\/07-1684777862161\/'><img loading=\"lazy\" decoding=\"async\" width=\"150\" height=\"150\" src=\"https:\/\/agora.xtec.cat\/insllicamunt2\/wp-content\/uploads\/usu1100\/2023\/05\/07-1684777862161-150x150.jpg\" class=\"attachment-thumbnail size-thumbnail\" alt=\"\" aria-describedby=\"gallery-1-13412\" \/><\/a>\n\t\t\t<\/dt>\n\t\t\t\t<dd class='wp-caption-text gallery-caption' id='gallery-1-13412'>\n\t\t\t\tAlumnes de 3r\n\t\t\t\t<\/dd><\/dl><dl class='gallery-item'>\n\t\t\t<dt class='gallery-icon landscape'>\n\t\t\t\t<a href='https:\/\/agora.xtec.cat\/insllicamunt2\/no-classificat\/poesia-vora-laigua\/attachment\/09-img-20230522-wa0006\/'><img loading=\"lazy\" decoding=\"async\" width=\"150\" height=\"150\" src=\"https:\/\/agora.xtec.cat\/insllicamunt2\/wp-content\/uploads\/usu1100\/2023\/05\/09-IMG-20230522-WA0006-150x150.jpg\" class=\"attachment-thumbnail size-thumbnail\" alt=\"\" aria-describedby=\"gallery-1-13414\" \/><\/a>\n\t\t\t<\/dt>\n\t\t\t\t<dd class='wp-caption-text gallery-caption' id='gallery-1-13414'>\n\t\t\t\tAlumnes de 4t\n\t\t\t\t<\/dd><\/dl><br style=\"clear: both\" \/><dl class='gallery-item'>\n\t\t\t<dt class='gallery-icon landscape'>\n\t\t\t\t<a href='https:\/\/agora.xtec.cat\/insllicamunt2\/no-classificat\/poesia-vora-laigua\/attachment\/08-img-20230518-wa0016\/'><img loading=\"lazy\" decoding=\"async\" width=\"150\" height=\"150\" src=\"https:\/\/agora.xtec.cat\/insllicamunt2\/wp-content\/uploads\/usu1100\/2023\/05\/08-IMG-20230518-WA0016-150x150.jpg\" class=\"attachment-thumbnail size-thumbnail\" alt=\"\" aria-describedby=\"gallery-1-13413\" \/><\/a>\n\t\t\t<\/dt>\n\t\t\t\t<dd class='wp-caption-text gallery-caption' id='gallery-1-13413'>\n\t\t\t\tAlumnes de 4t\n\t\t\t\t<\/dd><\/dl><dl class='gallery-item'>\n\t\t\t<dt class='gallery-icon landscape'>\n\t\t\t\t<a href='https:\/\/agora.xtec.cat\/insllicamunt2\/no-classificat\/poesia-vora-laigua\/attachment\/11-img-20230518-wa0018\/'><img loading=\"lazy\" decoding=\"async\" width=\"150\" height=\"150\" src=\"https:\/\/agora.xtec.cat\/insllicamunt2\/wp-content\/uploads\/usu1100\/2023\/05\/11-IMG-20230518-WA0018-150x150.jpg\" class=\"attachment-thumbnail size-thumbnail\" alt=\"\" aria-describedby=\"gallery-1-13416\" \/><\/a>\n\t\t\t<\/dt>\n\t\t\t\t<dd class='wp-caption-text gallery-caption' id='gallery-1-13416'>\n\t\t\t\tAlumnes de 4t arranjant el nou pi\n\t\t\t\t<\/dd><\/dl><dl class='gallery-item'>\n\t\t\t<dt class='gallery-icon landscape'>\n\t\t\t\t<a href='https:\/\/agora.xtec.cat\/insllicamunt2\/no-classificat\/poesia-vora-laigua\/attachment\/10-img-20230518-wa0009\/'><img loading=\"lazy\" decoding=\"async\" width=\"150\" height=\"150\" src=\"https:\/\/agora.xtec.cat\/insllicamunt2\/wp-content\/uploads\/usu1100\/2023\/05\/10-IMG-20230518-WA0009-150x150.jpg\" class=\"attachment-thumbnail size-thumbnail\" alt=\"\" aria-describedby=\"gallery-1-13415\" \/><\/a>\n\t\t\t<\/dt>\n\t\t\t\t<dd class='wp-caption-text gallery-caption' id='gallery-1-13415'>\n\t\t\t\tAlumnes de 4t arranjant el nou pi\n\t\t\t\t<\/dd><\/dl><br style=\"clear: both\" \/>\n\t\t<\/div>\n\n<p>&nbsp;<\/p>\n<p>&nbsp;<\/p>\n<p>&nbsp;<\/p>\n","protected":false},"excerpt":{"rendered":"<p>El passat dijous 18 de maig, sota un cel ennuvolat \u00a0i una temperatura ambiental for\u00e7a fresca, l\u2019Hip\u00e0tia en ple va anar una vegada m\u00e9s, i aquesta volta per darrer cop, al Parc del Tenes i cloure d\u2019aquesta manera les jornades dedicades al projecte L\u2019Hip\u00e0tia al&hellip;  <a href=\"https:\/\/agora.xtec.cat\/insllicamunt2\/no-classificat\/poesia-vora-laigua\/\" title=\"Read Poesia vora l&#8217;aigua\">Llegeix m\u00e9s\u00bb<\/a><\/p>\n","protected":false},"author":1,"featured_media":13410,"comment_status":"open","ping_status":"closed","sticky":false,"template":"","format":"standard","meta":{"_bbp_topic_count":0,"_bbp_reply_count":0,"_bbp_total_topic_count":0,"_bbp_total_reply_count":0,"_bbp_voice_count":0,"_bbp_anonymous_reply_count":0,"_bbp_topic_count_hidden":0,"_bbp_reply_count_hidden":0,"_bbp_forum_subforum_count":0,"footnotes":""},"categories":[5,6,7,94,800,99,1,29],"tags":[],"class_list":["post-13400","post","type-post","status-publish","format-standard","has-post-thumbnail","hentry","category-2n-deso","category-3r-deso","category-4t-deso","category-activitats-fora-del-centre","category-apadrinem-el-riu-tenes","category-articles","category-no-classificat","category-portada"],"post_mailing_queue_ids":[],"_links":{"self":[{"href":"https:\/\/agora.xtec.cat\/insllicamunt2\/wp-json\/wp\/v2\/posts\/13400","targetHints":{"allow":["GET"]}}],"collection":[{"href":"https:\/\/agora.xtec.cat\/insllicamunt2\/wp-json\/wp\/v2\/posts"}],"about":[{"href":"https:\/\/agora.xtec.cat\/insllicamunt2\/wp-json\/wp\/v2\/types\/post"}],"author":[{"embeddable":true,"href":"https:\/\/agora.xtec.cat\/insllicamunt2\/wp-json\/wp\/v2\/users\/1"}],"replies":[{"embeddable":true,"href":"https:\/\/agora.xtec.cat\/insllicamunt2\/wp-json\/wp\/v2\/comments?post=13400"}],"version-history":[{"count":3,"href":"https:\/\/agora.xtec.cat\/insllicamunt2\/wp-json\/wp\/v2\/posts\/13400\/revisions"}],"predecessor-version":[{"id":13419,"href":"https:\/\/agora.xtec.cat\/insllicamunt2\/wp-json\/wp\/v2\/posts\/13400\/revisions\/13419"}],"wp:featuredmedia":[{"embeddable":true,"href":"https:\/\/agora.xtec.cat\/insllicamunt2\/wp-json\/wp\/v2\/media\/13410"}],"wp:attachment":[{"href":"https:\/\/agora.xtec.cat\/insllicamunt2\/wp-json\/wp\/v2\/media?parent=13400"}],"wp:term":[{"taxonomy":"category","embeddable":true,"href":"https:\/\/agora.xtec.cat\/insllicamunt2\/wp-json\/wp\/v2\/categories?post=13400"},{"taxonomy":"post_tag","embeddable":true,"href":"https:\/\/agora.xtec.cat\/insllicamunt2\/wp-json\/wp\/v2\/tags?post=13400"}],"curies":[{"name":"wp","href":"https:\/\/api.w.org\/{rel}","templated":true}]}}