{"id":13278,"date":"2023-03-24T11:47:45","date_gmt":"2023-03-24T10:47:45","guid":{"rendered":"https:\/\/agora.xtec.cat\/insllicamunt2\/?p=13278"},"modified":"2023-03-24T13:39:10","modified_gmt":"2023-03-24T12:39:10","slug":"concurs-foto-matematica","status":"publish","type":"post","link":"https:\/\/agora.xtec.cat\/insllicamunt2\/no-classificat\/concurs-foto-matematica\/","title":{"rendered":"Concurs Foto Matem\u00e0tica"},"content":{"rendered":"<p>Torna el concurs de fotografia matem\u00e0tica! Hi podeu participar tot l&#8217;alumnat de l&#8217;Hip\u00e0tia, les seves fam\u00edlies, el professorat i el personal PAS! Recordeu que cada foto haur\u00e0 de dur un t\u00edtol que faci refer\u00e8ncia, d&#8217;alguna manera, al contingut matem\u00e0tic de l&#8217;obra, amb gr\u00e0cia i originalitat i que les fotografies han de ser pr\u00f2pies i originals. La data l\u00edmit de presentaci\u00f3 de les fotografies \u00e9s el proper 13 d&#8217;abril.<\/p>\n<p>Una fotografia matem\u00e0tica pot ser una eina did\u00e0ctica que faciliti un aprenentatge de la mat\u00e8ria, ha de ser una eina que ajudi a perdre una visi\u00f3 herm\u00e8tica d\u2019unes matem\u00e0tiques poc \u00fatils. La senzillesa en la seva execuci\u00f3 permet que qualsevol tipus d\u2019estudiant pugui sentir-se c\u00f2mode treballant matem\u00e0tiques a l\u2019aula i pot valorar els conceptes matem\u00e0tics com propers i assequibles. La nostra tasca, com a docents ser\u00e0 la de saber treure tot el profit did\u00e0ctic a aquest recurs dins el context tecnol\u00f2gic en qu\u00e8 vivim.<\/p>\n<p>La vida quotidiana est\u00e0 plena de l\u00ednies paral\u00b7leles, el\u00b7lipses, simetries i angles de tota mena desfilant constantment davant els nostres ulls&#8230;&#8230; Nom\u00e9s ens cal obrir-los, enfocar i disparar!<\/p>\n<p><img loading=\"lazy\" decoding=\"async\" class=\"aligncenter size-full wp-image-13280\" src=\"https:\/\/agora.xtec.cat\/insllicamunt2\/wp-content\/uploads\/usu1100\/2023\/03\/Cartell-Fotomatematica_page-0001.jpg\" alt=\"\" width=\"1241\" height=\"1755\" srcset=\"https:\/\/agora.xtec.cat\/insllicamunt2\/wp-content\/uploads\/usu1100\/2023\/03\/Cartell-Fotomatematica_page-0001.jpg 1241w, https:\/\/agora.xtec.cat\/insllicamunt2\/wp-content\/uploads\/usu1100\/2023\/03\/Cartell-Fotomatematica_page-0001-212x300.jpg 212w, https:\/\/agora.xtec.cat\/insllicamunt2\/wp-content\/uploads\/usu1100\/2023\/03\/Cartell-Fotomatematica_page-0001-724x1024.jpg 724w, https:\/\/agora.xtec.cat\/insllicamunt2\/wp-content\/uploads\/usu1100\/2023\/03\/Cartell-Fotomatematica_page-0001-768x1086.jpg 768w, https:\/\/agora.xtec.cat\/insllicamunt2\/wp-content\/uploads\/usu1100\/2023\/03\/Cartell-Fotomatematica_page-0001-1086x1536.jpg 1086w\" sizes=\"auto, (max-width: 1241px) 100vw, 1241px\" \/><\/p>\n<p>&nbsp;<\/p>\n<p>&nbsp;<\/p>\n<p>&nbsp;<\/p>\n<p>&nbsp;<\/p>\n","protected":false},"excerpt":{"rendered":"<p>Torna el concurs de fotografia matem\u00e0tica! Hi podeu participar tot l&#8217;alumnat de l&#8217;Hip\u00e0tia, les seves fam\u00edlies, el professorat i el personal PAS! Recordeu que cada foto haur\u00e0 de dur un t\u00edtol que faci refer\u00e8ncia, d&#8217;alguna manera, al contingut matem\u00e0tic de l&#8217;obra, amb gr\u00e0cia i originalitat&hellip;  <a href=\"https:\/\/agora.xtec.cat\/insllicamunt2\/no-classificat\/concurs-foto-matematica\/\" title=\"Read Concurs Foto Matem\u00e0tica\">Llegeix m\u00e9s\u00bb<\/a><\/p>\n","protected":false},"author":1,"featured_media":13285,"comment_status":"open","ping_status":"closed","sticky":false,"template":"","format":"standard","meta":{"_bbp_topic_count":0,"_bbp_reply_count":0,"_bbp_total_topic_count":0,"_bbp_total_reply_count":0,"_bbp_voice_count":0,"_bbp_anonymous_reply_count":0,"_bbp_topic_count_hidden":0,"_bbp_reply_count_hidden":0,"_bbp_forum_subforum_count":0,"footnotes":""},"categories":[5,6,7,99,354,1,29],"tags":[],"class_list":["post-13278","post","type-post","status-publish","format-standard","has-post-thumbnail","hentry","category-2n-deso","category-3r-deso","category-4t-deso","category-articles","category-matematiques","category-no-classificat","category-portada"],"post_mailing_queue_ids":[],"_links":{"self":[{"href":"https:\/\/agora.xtec.cat\/insllicamunt2\/wp-json\/wp\/v2\/posts\/13278","targetHints":{"allow":["GET"]}}],"collection":[{"href":"https:\/\/agora.xtec.cat\/insllicamunt2\/wp-json\/wp\/v2\/posts"}],"about":[{"href":"https:\/\/agora.xtec.cat\/insllicamunt2\/wp-json\/wp\/v2\/types\/post"}],"author":[{"embeddable":true,"href":"https:\/\/agora.xtec.cat\/insllicamunt2\/wp-json\/wp\/v2\/users\/1"}],"replies":[{"embeddable":true,"href":"https:\/\/agora.xtec.cat\/insllicamunt2\/wp-json\/wp\/v2\/comments?post=13278"}],"version-history":[{"count":3,"href":"https:\/\/agora.xtec.cat\/insllicamunt2\/wp-json\/wp\/v2\/posts\/13278\/revisions"}],"predecessor-version":[{"id":13286,"href":"https:\/\/agora.xtec.cat\/insllicamunt2\/wp-json\/wp\/v2\/posts\/13278\/revisions\/13286"}],"wp:featuredmedia":[{"embeddable":true,"href":"https:\/\/agora.xtec.cat\/insllicamunt2\/wp-json\/wp\/v2\/media\/13285"}],"wp:attachment":[{"href":"https:\/\/agora.xtec.cat\/insllicamunt2\/wp-json\/wp\/v2\/media?parent=13278"}],"wp:term":[{"taxonomy":"category","embeddable":true,"href":"https:\/\/agora.xtec.cat\/insllicamunt2\/wp-json\/wp\/v2\/categories?post=13278"},{"taxonomy":"post_tag","embeddable":true,"href":"https:\/\/agora.xtec.cat\/insllicamunt2\/wp-json\/wp\/v2\/tags?post=13278"}],"curies":[{"name":"wp","href":"https:\/\/api.w.org\/{rel}","templated":true}]}}