{"id":13125,"date":"2022-10-26T12:09:41","date_gmt":"2022-10-26T10:09:41","guid":{"rendered":"https:\/\/agora.xtec.cat\/insllicamunt2\/?p=13125"},"modified":"2022-10-26T12:09:41","modified_gmt":"2022-10-26T10:09:41","slug":"olimpiada-atletica-un-projecte-compartit","status":"publish","type":"post","link":"https:\/\/agora.xtec.cat\/insllicamunt2\/el-far-dhipatia\/portada\/olimpiada-atletica-un-projecte-compartit\/","title":{"rendered":"Olimp\u00edada Atl\u00e8tica: un projecte compartit"},"content":{"rendered":"<p>L&#8217;equip AMUNT de l&#8217;Hip\u00e0tia, organitzador de l&#8217;Olimp\u00edada Atl\u00e8tica 1r ESO del IE Miquel Mart\u00ed i Pol, ha exposat aquesta setmana en aquest institut escola l&#8217;experi\u00e8ncia viscuda de l&#8217;Olimp\u00edada en les darreres edicions amb 2n ESO a l&#8217;Hip\u00e0tia. Tanmateix, els han convidat a assistir a la VIII edici\u00f3 de l&#8217;Olimp\u00edada que es portar\u00e0 a terme a finals de mar\u00e7 de 2023 a les pistes de Parets. A la vegada, des del Mart\u00ed i Pol, han convidat a 2n ESO de l&#8217;Hip\u00e0tia a les jornades l\u00fadic-esportives que es portaran a terme cap a finals del darrer trimestre del curs.<\/p>\n<p>Aquest compartir projectes junts ens resulta un bonic gest que vol simbolitzar el relleu de l&#8217;experi\u00e8ncia viscuda entre els dos centres educatius.<\/p>\n<p><img loading=\"lazy\" decoding=\"async\" class=\"aligncenter size-full wp-image-13127\" src=\"https:\/\/agora.xtec.cat\/insllicamunt2\/wp-content\/uploads\/usu1100\/2022\/10\/1666777146766.jpg\" alt=\"\" width=\"2048\" height=\"1537\" srcset=\"https:\/\/agora.xtec.cat\/insllicamunt2\/wp-content\/uploads\/usu1100\/2022\/10\/1666777146766.jpg 2048w, https:\/\/agora.xtec.cat\/insllicamunt2\/wp-content\/uploads\/usu1100\/2022\/10\/1666777146766-300x225.jpg 300w, https:\/\/agora.xtec.cat\/insllicamunt2\/wp-content\/uploads\/usu1100\/2022\/10\/1666777146766-1024x769.jpg 1024w, https:\/\/agora.xtec.cat\/insllicamunt2\/wp-content\/uploads\/usu1100\/2022\/10\/1666777146766-768x576.jpg 768w, https:\/\/agora.xtec.cat\/insllicamunt2\/wp-content\/uploads\/usu1100\/2022\/10\/1666777146766-1536x1153.jpg 1536w, https:\/\/agora.xtec.cat\/insllicamunt2\/wp-content\/uploads\/usu1100\/2022\/10\/1666777146766-200x150.jpg 200w\" sizes=\"auto, (max-width: 2048px) 100vw, 2048px\" \/><\/p>\n","protected":false},"excerpt":{"rendered":"<p>L&#8217;equip AMUNT de l&#8217;Hip\u00e0tia, organitzador de l&#8217;Olimp\u00edada Atl\u00e8tica 1r ESO del IE Miquel Mart\u00ed i Pol, ha exposat aquesta setmana en aquest institut escola l&#8217;experi\u00e8ncia viscuda de l&#8217;Olimp\u00edada en les darreres edicions amb 2n ESO a l&#8217;Hip\u00e0tia. Tanmateix, els han convidat a assistir a la&hellip;  <a href=\"https:\/\/agora.xtec.cat\/insllicamunt2\/el-far-dhipatia\/portada\/olimpiada-atletica-un-projecte-compartit\/\" title=\"Read Olimp\u00edada Atl\u00e8tica: un projecte compartit\">Llegeix m\u00e9s\u00bb<\/a><\/p>\n","protected":false},"author":1,"featured_media":13126,"comment_status":"open","ping_status":"closed","sticky":false,"template":"","format":"standard","meta":{"_bbp_topic_count":0,"_bbp_reply_count":0,"_bbp_total_topic_count":0,"_bbp_total_reply_count":0,"_bbp_voice_count":0,"_bbp_anonymous_reply_count":0,"_bbp_topic_count_hidden":0,"_bbp_reply_count_hidden":0,"_bbp_forum_subforum_count":0,"footnotes":""},"categories":[101,520,99,352,1040,29],"tags":[],"class_list":["post-13125","post","type-post","status-publish","format-standard","has-post-thumbnail","hentry","category-activitats-de-centre","category-amunt","category-articles","category-educacio-fisica","category-el-far-dhipatia","category-portada"],"post_mailing_queue_ids":[],"_links":{"self":[{"href":"https:\/\/agora.xtec.cat\/insllicamunt2\/wp-json\/wp\/v2\/posts\/13125","targetHints":{"allow":["GET"]}}],"collection":[{"href":"https:\/\/agora.xtec.cat\/insllicamunt2\/wp-json\/wp\/v2\/posts"}],"about":[{"href":"https:\/\/agora.xtec.cat\/insllicamunt2\/wp-json\/wp\/v2\/types\/post"}],"author":[{"embeddable":true,"href":"https:\/\/agora.xtec.cat\/insllicamunt2\/wp-json\/wp\/v2\/users\/1"}],"replies":[{"embeddable":true,"href":"https:\/\/agora.xtec.cat\/insllicamunt2\/wp-json\/wp\/v2\/comments?post=13125"}],"version-history":[{"count":1,"href":"https:\/\/agora.xtec.cat\/insllicamunt2\/wp-json\/wp\/v2\/posts\/13125\/revisions"}],"predecessor-version":[{"id":13128,"href":"https:\/\/agora.xtec.cat\/insllicamunt2\/wp-json\/wp\/v2\/posts\/13125\/revisions\/13128"}],"wp:featuredmedia":[{"embeddable":true,"href":"https:\/\/agora.xtec.cat\/insllicamunt2\/wp-json\/wp\/v2\/media\/13126"}],"wp:attachment":[{"href":"https:\/\/agora.xtec.cat\/insllicamunt2\/wp-json\/wp\/v2\/media?parent=13125"}],"wp:term":[{"taxonomy":"category","embeddable":true,"href":"https:\/\/agora.xtec.cat\/insllicamunt2\/wp-json\/wp\/v2\/categories?post=13125"},{"taxonomy":"post_tag","embeddable":true,"href":"https:\/\/agora.xtec.cat\/insllicamunt2\/wp-json\/wp\/v2\/tags?post=13125"}],"curies":[{"name":"wp","href":"https:\/\/api.w.org\/{rel}","templated":true}]}}