{"id":13117,"date":"2022-10-20T14:20:35","date_gmt":"2022-10-20T12:20:35","guid":{"rendered":"https:\/\/agora.xtec.cat\/insllicamunt2\/?p=13117"},"modified":"2022-10-20T14:31:11","modified_gmt":"2022-10-20T12:31:11","slug":"felicitats-carme","status":"publish","type":"post","link":"https:\/\/agora.xtec.cat\/insllicamunt2\/no-classificat\/felicitats-carme\/","title":{"rendered":"Felicitats, Carme!"},"content":{"rendered":"<p>En aquesta ocasi\u00f3 ens fa molta il\u00b7lusi\u00f3 publicar una not\u00edcia ben especial per a nosaltres. El passat cap de setmana va tenir lloc a la localitat d&#8217;Estepona, al bell mig de la Costa del Sol, el Campionat d&#8217;Espanya M\u00e0ster, que engloba proves de Decatl\u00f3, Heptatl\u00f3, Pentatl\u00f3 de Llan\u00e7aments, 10.000 m i Milla en Pista. L&#8217;organitzaci\u00f3 va anar a c\u00e0rrec de la Real Federaci\u00f3 Espanyola d&#8217; Atletisme, en col\u00b7laboraci\u00f3 amb la Federaci\u00f3 Andalusa i el propi ajuntament de la ciutat amfitriona.<\/p>\n<p>Entre els nombrosos participants, m\u00e9s de 250, estava la nostra companya Carme Sol\u00e9, professora d&#8217;Educaci\u00f3 F\u00edsica a l&#8217;Hip\u00e0tia. De fet, no nom\u00e9s hi va participar, com a membre del Club Atletisme Parets, sin\u00f3 que\u00a0 fins i tot va guanyar una medalla de plata com a segona classificada! A molt pocs punts del primer lloc!<\/p>\n<p>Carme, moltes felicitats pel teu exemple de const\u00e0ncia i esfor\u00e7!<\/p>\n<p><img loading=\"lazy\" decoding=\"async\" class=\"aligncenter size-full wp-image-13121\" src=\"https:\/\/agora.xtec.cat\/insllicamunt2\/wp-content\/uploads\/usu1100\/2022\/10\/1666266852230-2.jpg\" alt=\"\" width=\"711\" height=\"656\" srcset=\"https:\/\/agora.xtec.cat\/insllicamunt2\/wp-content\/uploads\/usu1100\/2022\/10\/1666266852230-2.jpg 711w, https:\/\/agora.xtec.cat\/insllicamunt2\/wp-content\/uploads\/usu1100\/2022\/10\/1666266852230-2-300x277.jpg 300w\" sizes=\"auto, (max-width: 711px) 100vw, 711px\" \/><\/p>\n<p>&nbsp;<\/p>\n<p>&nbsp;<\/p>\n","protected":false},"excerpt":{"rendered":"<p>En aquesta ocasi\u00f3 ens fa molta il\u00b7lusi\u00f3 publicar una not\u00edcia ben especial per a nosaltres. El passat cap de setmana va tenir lloc a la localitat d&#8217;Estepona, al bell mig de la Costa del Sol, el Campionat d&#8217;Espanya M\u00e0ster, que engloba proves de Decatl\u00f3, Heptatl\u00f3,&hellip;  <a href=\"https:\/\/agora.xtec.cat\/insllicamunt2\/no-classificat\/felicitats-carme\/\" title=\"Read Felicitats, Carme!\">Llegeix m\u00e9s\u00bb<\/a><\/p>\n","protected":false},"author":1,"featured_media":13124,"comment_status":"open","ping_status":"closed","sticky":false,"template":"","format":"standard","meta":{"_bbp_topic_count":0,"_bbp_reply_count":0,"_bbp_total_topic_count":0,"_bbp_total_reply_count":0,"_bbp_voice_count":0,"_bbp_anonymous_reply_count":0,"_bbp_topic_count_hidden":0,"_bbp_reply_count_hidden":0,"_bbp_forum_subforum_count":0,"footnotes":""},"categories":[99,352,1040,1,29],"tags":[],"class_list":["post-13117","post","type-post","status-publish","format-standard","has-post-thumbnail","hentry","category-articles","category-educacio-fisica","category-el-far-dhipatia","category-no-classificat","category-portada"],"post_mailing_queue_ids":[],"_links":{"self":[{"href":"https:\/\/agora.xtec.cat\/insllicamunt2\/wp-json\/wp\/v2\/posts\/13117","targetHints":{"allow":["GET"]}}],"collection":[{"href":"https:\/\/agora.xtec.cat\/insllicamunt2\/wp-json\/wp\/v2\/posts"}],"about":[{"href":"https:\/\/agora.xtec.cat\/insllicamunt2\/wp-json\/wp\/v2\/types\/post"}],"author":[{"embeddable":true,"href":"https:\/\/agora.xtec.cat\/insllicamunt2\/wp-json\/wp\/v2\/users\/1"}],"replies":[{"embeddable":true,"href":"https:\/\/agora.xtec.cat\/insllicamunt2\/wp-json\/wp\/v2\/comments?post=13117"}],"version-history":[{"count":3,"href":"https:\/\/agora.xtec.cat\/insllicamunt2\/wp-json\/wp\/v2\/posts\/13117\/revisions"}],"predecessor-version":[{"id":13123,"href":"https:\/\/agora.xtec.cat\/insllicamunt2\/wp-json\/wp\/v2\/posts\/13117\/revisions\/13123"}],"wp:featuredmedia":[{"embeddable":true,"href":"https:\/\/agora.xtec.cat\/insllicamunt2\/wp-json\/wp\/v2\/media\/13124"}],"wp:attachment":[{"href":"https:\/\/agora.xtec.cat\/insllicamunt2\/wp-json\/wp\/v2\/media?parent=13117"}],"wp:term":[{"taxonomy":"category","embeddable":true,"href":"https:\/\/agora.xtec.cat\/insllicamunt2\/wp-json\/wp\/v2\/categories?post=13117"},{"taxonomy":"post_tag","embeddable":true,"href":"https:\/\/agora.xtec.cat\/insllicamunt2\/wp-json\/wp\/v2\/tags?post=13117"}],"curies":[{"name":"wp","href":"https:\/\/api.w.org\/{rel}","templated":true}]}}