{"id":13045,"date":"2022-06-27T09:44:17","date_gmt":"2022-06-27T07:44:17","guid":{"rendered":"https:\/\/agora.xtec.cat\/insllicamunt2\/?p=13045"},"modified":"2022-06-27T10:21:06","modified_gmt":"2022-06-27T08:21:06","slug":"informe-riuscat-2021-projecte-tenes","status":"publish","type":"post","link":"https:\/\/agora.xtec.cat\/insllicamunt2\/no-classificat\/informe-riuscat-2021-projecte-tenes\/","title":{"rendered":"Informe RiusCat 2021 &#8211; Projecte Apadrinem el Tenes"},"content":{"rendered":"<p>Com cada any l\u2019associaci\u00f3 H\u00e0bitats ha publicat l&#8217;<em>Informe RiusCat<\/em> amb dades obtingudes des d&#8217;agents voluntaris, entre els quals la comunitat educativa catalana t\u00e9 un pes important. Aquestes dades concorden a grans trets amb els resultats publicats per l\u2019Ag\u00e8ncia Catalana de l\u2019Aigua, que assenyalen que encara som lluny de complir amb els objectius ambientals desitjats.<\/p>\n<p>La majoria dels trams de riu estudiats presenten mancances en l\u2019estructura i la connectivitat del bosc de ribera, uns h\u00e0bitats poc diversos i acumulen alteracions humanes, com ara l\u2019ocupaci\u00f3 de la zona de ribera amb infraestructures i usos no naturals de l\u2019espai. Com ja \u00e9s habitual les deixalles continuen molt presents als entorns de ribera catalans, amb el pl\u00e0stic al capdavant dels materials m\u00e9s freq\u00fcents.<\/p>\n<p>En definitiva, els resultats tornen a posar de manifest que una part important dels rius i rieres catalanes no es troben en les condicions ecol\u00f2giques \u00f2ptimes i que aquesta situaci\u00f3 s\u2019agreuja a les parts m\u00e9s baixes de les conques principals, on es concentren nuclis urbans amb activitats agr\u00edcoles i industrials.<\/p>\n<p>Tot plegat indica que la tasca d\u2019apropar la ciutadania als valors dels ecosistemes fluvials i els riscos als quals s\u2019enfronten segueix sent imprescindible per afrontar el repte entre tots.<\/p>\n<p>Des de l&#8217;Hip\u00e0tia, aprofitant la pres\u00e8ncia del Tenes que creua el municipi,\u00a0 ja fa anys que volem conscienciar al nostre alumnat al voltant d&#8217;una q\u00fcesti\u00f3 tan urgent mitjan\u00e7ant el <strong>Projecte Apadrinem el Tenes<\/strong>. Volem que el riu municipal tingui un paper destacat entre els projectes del centre a la vegada que serveixi d&#8217;eix integrador d&#8217;alumnes i professors. Es tracta d&#8217;un projecte transversal que mobilitza els curs de 1r, 2n i 3r ESO els quals durant una setmana fan ci\u00e8ncia, esport, poesia, neteja, an\u00e0lisi, cohesi\u00f3 i conviv\u00e8ncia al voltant de les aig\u00fces del Tenes. Estem molt satisfets i satisfetes que des del Departament d&#8217;Educaci\u00f3 s&#8217;hagi reconegut el nostre projecte dins el marc de la innovaci\u00f3 educativa i, a la vegada, de contribuir a posar el nostre gra de sorra en un tema tan vital com \u00e9s la salut dels nostres rius i rieres.<\/p>\n<p>Us compartim algunes imatges de l&#8217;edici\u00f3 d&#8217;aquest any!<\/p>\n\n\t\t<style type=\"text\/css\">\n\t\t\t#gallery-1 {\n\t\t\t\tmargin: auto;\n\t\t\t}\n\t\t\t#gallery-1 .gallery-item {\n\t\t\t\tfloat: left;\n\t\t\t\tmargin-top: 10px;\n\t\t\t\ttext-align: center;\n\t\t\t\twidth: 33%;\n\t\t\t}\n\t\t\t#gallery-1 img {\n\t\t\t\tborder: 2px solid #cfcfcf;\n\t\t\t}\n\t\t\t#gallery-1 .gallery-caption {\n\t\t\t\tmargin-left: 0;\n\t\t\t}\n\t\t\t\/* see gallery_shortcode() in wp-includes\/media.php *\/\n\t\t<\/style>\n\t\t<div id='gallery-1' class='gallery galleryid-13045 gallery-columns-3 gallery-size-thumbnail'><dl class='gallery-item'>\n\t\t\t<dt class='gallery-icon landscape'>\n\t\t\t\t<a href='https:\/\/agora.xtec.cat\/insllicamunt2\/no-classificat\/informe-riuscat-2021-projecte-tenes\/attachment\/tenes06\/'><img loading=\"lazy\" decoding=\"async\" width=\"150\" height=\"150\" src=\"https:\/\/agora.xtec.cat\/insllicamunt2\/wp-content\/uploads\/usu1100\/2022\/06\/tenes06-150x150.jpg\" class=\"attachment-thumbnail size-thumbnail\" alt=\"\" \/><\/a>\n\t\t\t<\/dt><\/dl><dl class='gallery-item'>\n\t\t\t<dt class='gallery-icon landscape'>\n\t\t\t\t<a href='https:\/\/agora.xtec.cat\/insllicamunt2\/no-classificat\/informe-riuscat-2021-projecte-tenes\/attachment\/tenes05\/'><img loading=\"lazy\" decoding=\"async\" width=\"150\" height=\"150\" src=\"https:\/\/agora.xtec.cat\/insllicamunt2\/wp-content\/uploads\/usu1100\/2022\/06\/tenes05-150x150.jpg\" class=\"attachment-thumbnail size-thumbnail\" alt=\"\" \/><\/a>\n\t\t\t<\/dt><\/dl><dl class='gallery-item'>\n\t\t\t<dt class='gallery-icon landscape'>\n\t\t\t\t<a href='https:\/\/agora.xtec.cat\/insllicamunt2\/no-classificat\/informe-riuscat-2021-projecte-tenes\/attachment\/tenes04\/'><img loading=\"lazy\" decoding=\"async\" width=\"150\" height=\"150\" src=\"https:\/\/agora.xtec.cat\/insllicamunt2\/wp-content\/uploads\/usu1100\/2022\/06\/tenes04-150x150.jpg\" class=\"attachment-thumbnail size-thumbnail\" alt=\"\" \/><\/a>\n\t\t\t<\/dt><\/dl><br style=\"clear: both\" \/><dl class='gallery-item'>\n\t\t\t<dt class='gallery-icon landscape'>\n\t\t\t\t<a href='https:\/\/agora.xtec.cat\/insllicamunt2\/no-classificat\/informe-riuscat-2021-projecte-tenes\/attachment\/tenes02\/'><img loading=\"lazy\" decoding=\"async\" width=\"150\" height=\"150\" src=\"https:\/\/agora.xtec.cat\/insllicamunt2\/wp-content\/uploads\/usu1100\/2022\/06\/tenes02-150x150.jpg\" class=\"attachment-thumbnail size-thumbnail\" alt=\"\" \/><\/a>\n\t\t\t<\/dt><\/dl><dl class='gallery-item'>\n\t\t\t<dt class='gallery-icon landscape'>\n\t\t\t\t<a href='https:\/\/agora.xtec.cat\/insllicamunt2\/no-classificat\/informe-riuscat-2021-projecte-tenes\/attachment\/tenes01\/'><img loading=\"lazy\" decoding=\"async\" width=\"150\" height=\"150\" src=\"https:\/\/agora.xtec.cat\/insllicamunt2\/wp-content\/uploads\/usu1100\/2022\/06\/tenes01-150x150.jpg\" class=\"attachment-thumbnail size-thumbnail\" alt=\"\" \/><\/a>\n\t\t\t<\/dt><\/dl><dl class='gallery-item'>\n\t\t\t<dt class='gallery-icon landscape'>\n\t\t\t\t<a href='https:\/\/agora.xtec.cat\/insllicamunt2\/no-classificat\/informe-riuscat-2021-projecte-tenes\/attachment\/tenes03\/'><img loading=\"lazy\" decoding=\"async\" width=\"150\" height=\"150\" src=\"https:\/\/agora.xtec.cat\/insllicamunt2\/wp-content\/uploads\/usu1100\/2022\/06\/tenes03-150x150.jpg\" class=\"attachment-thumbnail size-thumbnail\" alt=\"\" srcset=\"https:\/\/agora.xtec.cat\/insllicamunt2\/wp-content\/uploads\/usu1100\/2022\/06\/tenes03-150x150.jpg 150w, https:\/\/agora.xtec.cat\/insllicamunt2\/wp-content\/uploads\/usu1100\/2022\/06\/tenes03-300x300.jpg 300w, https:\/\/agora.xtec.cat\/insllicamunt2\/wp-content\/uploads\/usu1100\/2022\/06\/tenes03-1024x1024.jpg 1024w, https:\/\/agora.xtec.cat\/insllicamunt2\/wp-content\/uploads\/usu1100\/2022\/06\/tenes03-768x768.jpg 768w, https:\/\/agora.xtec.cat\/insllicamunt2\/wp-content\/uploads\/usu1100\/2022\/06\/tenes03-1536x1536.jpg 1536w, https:\/\/agora.xtec.cat\/insllicamunt2\/wp-content\/uploads\/usu1100\/2022\/06\/tenes03.jpg 1600w\" sizes=\"auto, (max-width: 150px) 100vw, 150px\" \/><\/a>\n\t\t\t<\/dt><\/dl><br style=\"clear: both\" \/>\n\t\t<\/div>\n\n","protected":false},"excerpt":{"rendered":"<p>Com cada any l\u2019associaci\u00f3 H\u00e0bitats ha publicat l&#8217;Informe RiusCat amb dades obtingudes des d&#8217;agents voluntaris, entre els quals la comunitat educativa catalana t\u00e9 un pes important. Aquestes dades concorden a grans trets amb els resultats publicats per l\u2019Ag\u00e8ncia Catalana de l\u2019Aigua, que assenyalen que encara&hellip;  <a href=\"https:\/\/agora.xtec.cat\/insllicamunt2\/no-classificat\/informe-riuscat-2021-projecte-tenes\/\" title=\"Read Informe RiusCat 2021 &#8211; Projecte Apadrinem el Tenes\">Llegeix m\u00e9s\u00bb<\/a><\/p>\n","protected":false},"author":1,"featured_media":13047,"comment_status":"open","ping_status":"closed","sticky":false,"template":"","format":"standard","meta":{"_bbp_topic_count":0,"_bbp_reply_count":0,"_bbp_total_topic_count":0,"_bbp_total_reply_count":0,"_bbp_voice_count":0,"_bbp_anonymous_reply_count":0,"_bbp_topic_count_hidden":0,"_bbp_reply_count_hidden":0,"_bbp_forum_subforum_count":0,"footnotes":""},"categories":[4,5,6,94,800,99,1040,346,1,29],"tags":[],"class_list":["post-13045","post","type-post","status-publish","format-standard","has-post-thumbnail","hentry","category-1r-deso","category-2n-deso","category-3r-deso","category-activitats-fora-del-centre","category-apadrinem-el-riu-tenes","category-articles","category-el-far-dhipatia","category-materies","category-no-classificat","category-portada"],"post_mailing_queue_ids":[],"_links":{"self":[{"href":"https:\/\/agora.xtec.cat\/insllicamunt2\/wp-json\/wp\/v2\/posts\/13045","targetHints":{"allow":["GET"]}}],"collection":[{"href":"https:\/\/agora.xtec.cat\/insllicamunt2\/wp-json\/wp\/v2\/posts"}],"about":[{"href":"https:\/\/agora.xtec.cat\/insllicamunt2\/wp-json\/wp\/v2\/types\/post"}],"author":[{"embeddable":true,"href":"https:\/\/agora.xtec.cat\/insllicamunt2\/wp-json\/wp\/v2\/users\/1"}],"replies":[{"embeddable":true,"href":"https:\/\/agora.xtec.cat\/insllicamunt2\/wp-json\/wp\/v2\/comments?post=13045"}],"version-history":[{"count":3,"href":"https:\/\/agora.xtec.cat\/insllicamunt2\/wp-json\/wp\/v2\/posts\/13045\/revisions"}],"predecessor-version":[{"id":13058,"href":"https:\/\/agora.xtec.cat\/insllicamunt2\/wp-json\/wp\/v2\/posts\/13045\/revisions\/13058"}],"wp:featuredmedia":[{"embeddable":true,"href":"https:\/\/agora.xtec.cat\/insllicamunt2\/wp-json\/wp\/v2\/media\/13047"}],"wp:attachment":[{"href":"https:\/\/agora.xtec.cat\/insllicamunt2\/wp-json\/wp\/v2\/media?parent=13045"}],"wp:term":[{"taxonomy":"category","embeddable":true,"href":"https:\/\/agora.xtec.cat\/insllicamunt2\/wp-json\/wp\/v2\/categories?post=13045"},{"taxonomy":"post_tag","embeddable":true,"href":"https:\/\/agora.xtec.cat\/insllicamunt2\/wp-json\/wp\/v2\/tags?post=13045"}],"curies":[{"name":"wp","href":"https:\/\/api.w.org\/{rel}","templated":true}]}}