{"id":13011,"date":"2022-06-15T12:32:45","date_gmt":"2022-06-15T10:32:45","guid":{"rendered":"https:\/\/agora.xtec.cat\/insllicamunt2\/?p=13011"},"modified":"2022-06-15T12:32:45","modified_gmt":"2022-06-15T10:32:45","slug":"conte-viu","status":"publish","type":"post","link":"https:\/\/agora.xtec.cat\/insllicamunt2\/el-far-dhipatia\/grups\/3r-deso\/conte-viu\/","title":{"rendered":"Conte Viu"},"content":{"rendered":"<p>Dilluns 13 de juny va tenir lloc a L&#8217;Alian\u00e7a l&#8217;acte de cloenda del <strong><em>Conte Viu<\/em><\/strong>, un conte cooperatiu creat entre tots els centres educatius de Lli\u00e7\u00e0 d&#8217;Amunt.<\/p>\n<p>L&#8217;autora local Maite Mompart va iniciar el projecte a les escoles amb una sortida amb l&#8217;alumnat per con\u00e8ixer l&#8217;antiga escola de Lli\u00e7\u00e0, que ara compleix 100 anys. Les escoles de prim\u00e0ria van agafar el relleu i van ser les encarregades de l&#8217;escriptura creativa del conte. La Maite tamb\u00e9 va visitar els instituts de secund\u00e0ria i va mostrar materials d&#8217;alumnes dels anys 50. El nostre alumnat de 3r i l&#8217;alumnat de 4t de l&#8217;Institut de Lli\u00e7\u00e0 d&#8217;Amunt van donar vida al conte amb les seves magn\u00edfiques il\u00b7lustracions. Per acabar, les escoles bressol del municipi van crear les guardes amb una magn\u00edfica composici\u00f3 feta amb xocolata.<\/p>\n<p>A l&#8217;acte van assistir-hi, entre altres, membres de l&#8217;Ajuntament local, del Centre de Recursos Pedag\u00f2gics del Vall\u00e8s Oriental IV, de la biblioteca Can Oliveres, del Servei comarcal de catal\u00e0 del Vall\u00e8s Oriental, aix\u00ed com representants de tots els centres educatius amb l&#8217;alumnat participant, antics alumnes de l&#8217;antiga escola de Lli\u00e7\u00e0 d&#8217;Amunt i la pr\u00f2pia autora local Maite Mompart.<\/p>\n<p>Us compartim algunes imatges de l&#8217;acte de l&#8217;Alian\u00e7a.<\/p>\n\n\t\t<style type=\"text\/css\">\n\t\t\t#gallery-1 {\n\t\t\t\tmargin: auto;\n\t\t\t}\n\t\t\t#gallery-1 .gallery-item {\n\t\t\t\tfloat: left;\n\t\t\t\tmargin-top: 10px;\n\t\t\t\ttext-align: center;\n\t\t\t\twidth: 33%;\n\t\t\t}\n\t\t\t#gallery-1 img {\n\t\t\t\tborder: 2px solid #cfcfcf;\n\t\t\t}\n\t\t\t#gallery-1 .gallery-caption {\n\t\t\t\tmargin-left: 0;\n\t\t\t}\n\t\t\t\/* see gallery_shortcode() in wp-includes\/media.php *\/\n\t\t<\/style>\n\t\t<div id='gallery-1' class='gallery galleryid-13011 gallery-columns-3 gallery-size-thumbnail'><dl class='gallery-item'>\n\t\t\t<dt class='gallery-icon landscape'>\n\t\t\t\t<a href='https:\/\/agora.xtec.cat\/insllicamunt2\/el-far-dhipatia\/grups\/3r-deso\/conte-viu\/attachment\/img-20220615-wa0004\/'><img loading=\"lazy\" decoding=\"async\" width=\"150\" height=\"150\" src=\"https:\/\/agora.xtec.cat\/insllicamunt2\/wp-content\/uploads\/usu1100\/2022\/06\/IMG-20220615-WA0004-150x150.jpg\" class=\"attachment-thumbnail size-thumbnail\" alt=\"\" \/><\/a>\n\t\t\t<\/dt><\/dl><dl class='gallery-item'>\n\t\t\t<dt class='gallery-icon landscape'>\n\t\t\t\t<a href='https:\/\/agora.xtec.cat\/insllicamunt2\/el-far-dhipatia\/grups\/3r-deso\/conte-viu\/attachment\/img-20220615-wa0005\/'><img loading=\"lazy\" decoding=\"async\" width=\"150\" height=\"150\" src=\"https:\/\/agora.xtec.cat\/insllicamunt2\/wp-content\/uploads\/usu1100\/2022\/06\/IMG-20220615-WA0005-150x150.jpg\" class=\"attachment-thumbnail size-thumbnail\" alt=\"\" \/><\/a>\n\t\t\t<\/dt><\/dl><dl class='gallery-item'>\n\t\t\t<dt class='gallery-icon landscape'>\n\t\t\t\t<a href='https:\/\/agora.xtec.cat\/insllicamunt2\/el-far-dhipatia\/grups\/3r-deso\/conte-viu\/attachment\/img-20220615-wa0006\/'><img loading=\"lazy\" decoding=\"async\" width=\"150\" height=\"150\" src=\"https:\/\/agora.xtec.cat\/insllicamunt2\/wp-content\/uploads\/usu1100\/2022\/06\/IMG-20220615-WA0006-150x150.jpg\" class=\"attachment-thumbnail size-thumbnail\" alt=\"\" \/><\/a>\n\t\t\t<\/dt><\/dl><br style=\"clear: both\" \/>\n\t\t<\/div>\n\n<p>&nbsp;<\/p>\n<p>&nbsp;<\/p>\n<div><\/div>\n<div>\n<div><\/div>\n<div><\/div>\n<\/div>\n","protected":false},"excerpt":{"rendered":"<p>Dilluns 13 de juny va tenir lloc a L&#8217;Alian\u00e7a l&#8217;acte de cloenda del Conte Viu, un conte cooperatiu creat entre tots els centres educatius de Lli\u00e7\u00e0 d&#8217;Amunt.<br \/>\nL&#8217;autora local Maite Mompart va iniciar el projecte a les escoles amb una sortida amb l&#8217;alumnat per con\u00e8ixer l&#8217;antiga&hellip;  <a href=\"https:\/\/agora.xtec.cat\/insllicamunt2\/el-far-dhipatia\/grups\/3r-deso\/conte-viu\/\" title=\"Read Conte Viu\">Llegeix m\u00e9s\u00bb<\/a><\/p>\n","protected":false},"author":1,"featured_media":13015,"comment_status":"open","ping_status":"closed","sticky":false,"template":"","format":"standard","meta":{"_bbp_topic_count":0,"_bbp_reply_count":0,"_bbp_total_topic_count":0,"_bbp_total_reply_count":0,"_bbp_voice_count":0,"_bbp_anonymous_reply_count":0,"_bbp_topic_count_hidden":0,"_bbp_reply_count_hidden":0,"_bbp_forum_subforum_count":0,"footnotes":""},"categories":[6,94,99,1040,29,357],"tags":[],"class_list":["post-13011","post","type-post","status-publish","format-standard","has-post-thumbnail","hentry","category-3r-deso","category-activitats-fora-del-centre","category-articles","category-el-far-dhipatia","category-portada","category-visual-i-plastica"],"post_mailing_queue_ids":[],"_links":{"self":[{"href":"https:\/\/agora.xtec.cat\/insllicamunt2\/wp-json\/wp\/v2\/posts\/13011","targetHints":{"allow":["GET"]}}],"collection":[{"href":"https:\/\/agora.xtec.cat\/insllicamunt2\/wp-json\/wp\/v2\/posts"}],"about":[{"href":"https:\/\/agora.xtec.cat\/insllicamunt2\/wp-json\/wp\/v2\/types\/post"}],"author":[{"embeddable":true,"href":"https:\/\/agora.xtec.cat\/insllicamunt2\/wp-json\/wp\/v2\/users\/1"}],"replies":[{"embeddable":true,"href":"https:\/\/agora.xtec.cat\/insllicamunt2\/wp-json\/wp\/v2\/comments?post=13011"}],"version-history":[{"count":2,"href":"https:\/\/agora.xtec.cat\/insllicamunt2\/wp-json\/wp\/v2\/posts\/13011\/revisions"}],"predecessor-version":[{"id":13017,"href":"https:\/\/agora.xtec.cat\/insllicamunt2\/wp-json\/wp\/v2\/posts\/13011\/revisions\/13017"}],"wp:featuredmedia":[{"embeddable":true,"href":"https:\/\/agora.xtec.cat\/insllicamunt2\/wp-json\/wp\/v2\/media\/13015"}],"wp:attachment":[{"href":"https:\/\/agora.xtec.cat\/insllicamunt2\/wp-json\/wp\/v2\/media?parent=13011"}],"wp:term":[{"taxonomy":"category","embeddable":true,"href":"https:\/\/agora.xtec.cat\/insllicamunt2\/wp-json\/wp\/v2\/categories?post=13011"},{"taxonomy":"post_tag","embeddable":true,"href":"https:\/\/agora.xtec.cat\/insllicamunt2\/wp-json\/wp\/v2\/tags?post=13011"}],"curies":[{"name":"wp","href":"https:\/\/api.w.org\/{rel}","templated":true}]}}