{"id":12972,"date":"2022-06-15T11:41:06","date_gmt":"2022-06-15T09:41:06","guid":{"rendered":"https:\/\/agora.xtec.cat\/insllicamunt2\/?p=12972"},"modified":"2022-06-15T11:44:38","modified_gmt":"2022-06-15T09:44:38","slug":"4t-eso-viatge-menorca-2022","status":"publish","type":"post","link":"https:\/\/agora.xtec.cat\/insllicamunt2\/no-classificat\/4t-eso-viatge-menorca-2022\/","title":{"rendered":"4t ESO &#8211; VIATGE MENORCA 2022"},"content":{"rendered":"<p>Divendres 10 de juny l&#8217;expedici\u00f3 de Menorca VI 4t d&#8217;ESO, Institut Hip\u00e0tia d&#8217;Alexandria, va aterrar a l&#8217;aeroport de BCN ben arribada des de Ma\u00f3.<\/p>\n<p>Despr\u00e9s d&#8217;aquests anys de pand\u00e8mia, reincorporar les sortides i viatges ajuda m\u00e9s que mai a enriquir-nos culturalment i socialment, a descobrir\u00a0 nous llocs i a crear vincles que quedaran en el mem\u00f2ria per sempre m\u00e9s. Aquest 2022 ha estat la sisena vegada que INS Hip\u00e0tia ha anat a Menorca amb l&#8217;alumnat de 4t ESO a gaudir del viatge de fi d&#8217;estudis.<\/p>\n<p>Hem estat instal\u00b7lats al campament de Biniparraitx, al sud-est de l&#8217;illa, on l&#8217;entorn natural amb pins, oliveres, els l\u00edmits de paret seca, les instal\u00b7lacions esportives i el fet de dormir en tendes l&#8217;ha fet un lloc \u00fanic i meravell\u00f3s. A m\u00e9s, el fet d&#8217;haver coincidit amb l&#8217;alumnat de 4t ESO d&#8217;un altre institut ens ha perm\u00e8s compartir algunes de les activitats.<\/p>\n<p>Dilluns dia 6 inici\u00e0vem el viatge ben puntuals i just aterrats v\u00e0rem fer la descoberta de Ma\u00f3, a partir de la Gimcana cultural fotogr\u00e0fica distribu\u00efda en petits grups. Altres indrets com Sa cova d&#8217;en Colom o el barranc i la platja de Binigaus tamb\u00e9 van ser visitats durant aquest primer dia a l&#8217;illa.<\/p>\n<p>Durant la resta de l&#8217;estada hem conegut el parc natural d&#8217;Es Grau (remant amb caic) o cales tan encantadores com la Macarella, la Macarelleta o la d&#8217;en Turqueta. Tampoc podem oblidar la passejada per Ciutadella, la visita a les pedreres de s&#8217;Hostal de pedra de mar\u00e8s, la granja de vaques de Subaida o les explicacions d&#8217;en Xavi del Teatre Principal de Ma\u00f3.<\/p>\n<p>Id\u00f2! han resultat 5 dies de noves experi\u00e8ncies viscudes intensament i que per sempre m\u00e9s quedaran en el nostre record.<\/p>\n<p>Ens fa molta il\u00b7lusi\u00f3 poder compartir-vos fotos de les diverses jornades!<\/p>\n\n\t\t<style type=\"text\/css\">\n\t\t\t#gallery-1 {\n\t\t\t\tmargin: auto;\n\t\t\t}\n\t\t\t#gallery-1 .gallery-item {\n\t\t\t\tfloat: left;\n\t\t\t\tmargin-top: 10px;\n\t\t\t\ttext-align: center;\n\t\t\t\twidth: 33%;\n\t\t\t}\n\t\t\t#gallery-1 img {\n\t\t\t\tborder: 2px solid #cfcfcf;\n\t\t\t}\n\t\t\t#gallery-1 .gallery-caption {\n\t\t\t\tmargin-left: 0;\n\t\t\t}\n\t\t\t\/* see gallery_shortcode() in wp-includes\/media.php *\/\n\t\t<\/style>\n\t\t<div id='gallery-1' class='gallery galleryid-12972 gallery-columns-3 gallery-size-thumbnail'><dl class='gallery-item'>\n\t\t\t<dt class='gallery-icon landscape'>\n\t\t\t\t<a href='https:\/\/agora.xtec.cat\/insllicamunt2\/no-classificat\/4t-eso-viatge-menorca-2022\/attachment\/img-20220614-wa0003\/'><img loading=\"lazy\" decoding=\"async\" width=\"150\" height=\"150\" src=\"https:\/\/agora.xtec.cat\/insllicamunt2\/wp-content\/uploads\/usu1100\/2022\/06\/IMG-20220614-WA0003-150x150.jpg\" class=\"attachment-thumbnail size-thumbnail\" alt=\"\" \/><\/a>\n\t\t\t<\/dt><\/dl><dl class='gallery-item'>\n\t\t\t<dt class='gallery-icon landscape'>\n\t\t\t\t<a href='https:\/\/agora.xtec.cat\/insllicamunt2\/no-classificat\/4t-eso-viatge-menorca-2022\/attachment\/img-20220606-wa0001\/'><img loading=\"lazy\" decoding=\"async\" width=\"150\" height=\"150\" src=\"https:\/\/agora.xtec.cat\/insllicamunt2\/wp-content\/uploads\/usu1100\/2022\/06\/IMG-20220606-WA0001-150x150.jpg\" class=\"attachment-thumbnail size-thumbnail\" alt=\"\" \/><\/a>\n\t\t\t<\/dt><\/dl><dl class='gallery-item'>\n\t\t\t<dt class='gallery-icon landscape'>\n\t\t\t\t<a href='https:\/\/agora.xtec.cat\/insllicamunt2\/no-classificat\/4t-eso-viatge-menorca-2022\/attachment\/img-20220607-wa0007\/'><img loading=\"lazy\" decoding=\"async\" width=\"150\" height=\"150\" src=\"https:\/\/agora.xtec.cat\/insllicamunt2\/wp-content\/uploads\/usu1100\/2022\/06\/IMG-20220607-WA0007-150x150.jpg\" class=\"attachment-thumbnail size-thumbnail\" alt=\"\" \/><\/a>\n\t\t\t<\/dt><\/dl><br style=\"clear: both\" \/><dl class='gallery-item'>\n\t\t\t<dt class='gallery-icon landscape'>\n\t\t\t\t<a href='https:\/\/agora.xtec.cat\/insllicamunt2\/no-classificat\/4t-eso-viatge-menorca-2022\/attachment\/img-20220607-wa0002\/'><img loading=\"lazy\" decoding=\"async\" width=\"150\" height=\"150\" src=\"https:\/\/agora.xtec.cat\/insllicamunt2\/wp-content\/uploads\/usu1100\/2022\/06\/IMG-20220607-WA0002-150x150.jpg\" class=\"attachment-thumbnail size-thumbnail\" alt=\"\" \/><\/a>\n\t\t\t<\/dt><\/dl><dl class='gallery-item'>\n\t\t\t<dt class='gallery-icon landscape'>\n\t\t\t\t<a href='https:\/\/agora.xtec.cat\/insllicamunt2\/no-classificat\/4t-eso-viatge-menorca-2022\/attachment\/img-20220607-wa0000\/'><img loading=\"lazy\" decoding=\"async\" width=\"150\" height=\"150\" src=\"https:\/\/agora.xtec.cat\/insllicamunt2\/wp-content\/uploads\/usu1100\/2022\/06\/IMG-20220607-WA0000-150x150.jpg\" class=\"attachment-thumbnail size-thumbnail\" alt=\"\" \/><\/a>\n\t\t\t<\/dt><\/dl><dl class='gallery-item'>\n\t\t\t<dt class='gallery-icon landscape'>\n\t\t\t\t<a href='https:\/\/agora.xtec.cat\/insllicamunt2\/no-classificat\/4t-eso-viatge-menorca-2022\/attachment\/img-20220614-wa0019\/'><img loading=\"lazy\" decoding=\"async\" width=\"150\" height=\"150\" src=\"https:\/\/agora.xtec.cat\/insllicamunt2\/wp-content\/uploads\/usu1100\/2022\/06\/IMG-20220614-WA0019-150x150.jpg\" class=\"attachment-thumbnail size-thumbnail\" alt=\"\" \/><\/a>\n\t\t\t<\/dt><\/dl><br style=\"clear: both\" \/><dl class='gallery-item'>\n\t\t\t<dt class='gallery-icon landscape'>\n\t\t\t\t<a href='https:\/\/agora.xtec.cat\/insllicamunt2\/no-classificat\/4t-eso-viatge-menorca-2022\/attachment\/img-20220614-wa0015\/'><img loading=\"lazy\" decoding=\"async\" width=\"150\" height=\"150\" src=\"https:\/\/agora.xtec.cat\/insllicamunt2\/wp-content\/uploads\/usu1100\/2022\/06\/IMG-20220614-WA0015-150x150.jpg\" class=\"attachment-thumbnail size-thumbnail\" alt=\"\" \/><\/a>\n\t\t\t<\/dt><\/dl><dl class='gallery-item'>\n\t\t\t<dt class='gallery-icon landscape'>\n\t\t\t\t<a href='https:\/\/agora.xtec.cat\/insllicamunt2\/no-classificat\/4t-eso-viatge-menorca-2022\/attachment\/img-20220614-wa0005\/'><img loading=\"lazy\" decoding=\"async\" width=\"150\" height=\"150\" src=\"https:\/\/agora.xtec.cat\/insllicamunt2\/wp-content\/uploads\/usu1100\/2022\/06\/IMG-20220614-WA0005-150x150.jpg\" class=\"attachment-thumbnail size-thumbnail\" alt=\"\" \/><\/a>\n\t\t\t<\/dt><\/dl><dl class='gallery-item'>\n\t\t\t<dt class='gallery-icon landscape'>\n\t\t\t\t<a href='https:\/\/agora.xtec.cat\/insllicamunt2\/no-classificat\/4t-eso-viatge-menorca-2022\/attachment\/img-20220614-wa0017\/'><img loading=\"lazy\" decoding=\"async\" width=\"150\" height=\"150\" src=\"https:\/\/agora.xtec.cat\/insllicamunt2\/wp-content\/uploads\/usu1100\/2022\/06\/IMG-20220614-WA0017-150x150.jpg\" class=\"attachment-thumbnail size-thumbnail\" alt=\"\" \/><\/a>\n\t\t\t<\/dt><\/dl><br style=\"clear: both\" \/>\n\t\t<\/div>\n\n<p>&nbsp;<\/p>\n<div class=\"yj6qo\">\n<div dir=\"auto\"><\/div>\n<div class=\"yj6qo\"><\/div>\n<\/div>\n","protected":false},"excerpt":{"rendered":"<p>Divendres 10 de juny l&#8217;expedici\u00f3 de Menorca VI 4t d&#8217;ESO, Institut Hip\u00e0tia d&#8217;Alexandria, va aterrar a l&#8217;aeroport de BCN ben arribada des de Ma\u00f3.<br \/>\nDespr\u00e9s d&#8217;aquests anys de pand\u00e8mia, reincorporar les sortides i viatges ajuda m\u00e9s que mai a enriquir-nos culturalment i socialment, a descobrir\u00a0 nous&hellip;  <a href=\"https:\/\/agora.xtec.cat\/insllicamunt2\/no-classificat\/4t-eso-viatge-menorca-2022\/\" title=\"Read 4t ESO &#8211; VIATGE MENORCA 2022\">Llegeix m\u00e9s\u00bb<\/a><\/p>\n","protected":false},"author":1,"featured_media":13002,"comment_status":"open","ping_status":"closed","sticky":false,"template":"","format":"standard","meta":{"_bbp_topic_count":0,"_bbp_reply_count":0,"_bbp_total_topic_count":0,"_bbp_total_reply_count":0,"_bbp_voice_count":0,"_bbp_anonymous_reply_count":0,"_bbp_topic_count_hidden":0,"_bbp_reply_count_hidden":0,"_bbp_forum_subforum_count":0,"footnotes":""},"categories":[7,94,99,1040,1,29,95],"tags":[],"class_list":["post-12972","post","type-post","status-publish","format-standard","has-post-thumbnail","hentry","category-4t-deso","category-activitats-fora-del-centre","category-articles","category-el-far-dhipatia","category-no-classificat","category-portada","category-viatges"],"post_mailing_queue_ids":[],"_links":{"self":[{"href":"https:\/\/agora.xtec.cat\/insllicamunt2\/wp-json\/wp\/v2\/posts\/12972","targetHints":{"allow":["GET"]}}],"collection":[{"href":"https:\/\/agora.xtec.cat\/insllicamunt2\/wp-json\/wp\/v2\/posts"}],"about":[{"href":"https:\/\/agora.xtec.cat\/insllicamunt2\/wp-json\/wp\/v2\/types\/post"}],"author":[{"embeddable":true,"href":"https:\/\/agora.xtec.cat\/insllicamunt2\/wp-json\/wp\/v2\/users\/1"}],"replies":[{"embeddable":true,"href":"https:\/\/agora.xtec.cat\/insllicamunt2\/wp-json\/wp\/v2\/comments?post=12972"}],"version-history":[{"count":3,"href":"https:\/\/agora.xtec.cat\/insllicamunt2\/wp-json\/wp\/v2\/posts\/12972\/revisions"}],"predecessor-version":[{"id":13010,"href":"https:\/\/agora.xtec.cat\/insllicamunt2\/wp-json\/wp\/v2\/posts\/12972\/revisions\/13010"}],"wp:featuredmedia":[{"embeddable":true,"href":"https:\/\/agora.xtec.cat\/insllicamunt2\/wp-json\/wp\/v2\/media\/13002"}],"wp:attachment":[{"href":"https:\/\/agora.xtec.cat\/insllicamunt2\/wp-json\/wp\/v2\/media?parent=12972"}],"wp:term":[{"taxonomy":"category","embeddable":true,"href":"https:\/\/agora.xtec.cat\/insllicamunt2\/wp-json\/wp\/v2\/categories?post=12972"},{"taxonomy":"post_tag","embeddable":true,"href":"https:\/\/agora.xtec.cat\/insllicamunt2\/wp-json\/wp\/v2\/tags?post=12972"}],"curies":[{"name":"wp","href":"https:\/\/api.w.org\/{rel}","templated":true}]}}