{"id":12940,"date":"2022-05-25T14:07:37","date_gmt":"2022-05-25T12:07:37","guid":{"rendered":"https:\/\/agora.xtec.cat\/insllicamunt2\/?p=12940"},"modified":"2022-05-25T15:54:24","modified_gmt":"2022-05-25T13:54:24","slug":"el-rei-lleo","status":"publish","type":"post","link":"https:\/\/agora.xtec.cat\/insllicamunt2\/el-far-dhipatia\/grups\/1r-deso\/el-rei-lleo\/","title":{"rendered":"El rei Lle\u00f3"},"content":{"rendered":"<p>Voldr\u00edem fer-vos saber que el proper dia 14 DE JUNY estrenarem al teatre L&#8217;Alian\u00e7a el musical &#8220;EL REI LLE\u00d3&#8221;, en qu\u00e8 participa gran part de l&#8217;alumnat de l&#8217;Hip\u00e0tia. A les 11 hores es far\u00e0 l&#8217;actuaci\u00f3 adre\u00e7ada als propis alumnes del centre i a les 18:30 hores tindr\u00e0 lloc la representaci\u00f3 oberta a les fam\u00edlies.<\/p>\n<p>Ens fa molta il\u00b7lusi\u00f3!<img loading=\"lazy\" decoding=\"async\" class=\"aligncenter size-full wp-image-12941\" src=\"https:\/\/agora.xtec.cat\/insllicamunt2\/wp-content\/uploads\/usu1100\/2022\/05\/REI-LLeo_page-0001-scaled.jpg\" alt=\"\" width=\"1810\" height=\"2560\" srcset=\"https:\/\/agora.xtec.cat\/insllicamunt2\/wp-content\/uploads\/usu1100\/2022\/05\/REI-LLeo_page-0001-scaled.jpg 1810w, https:\/\/agora.xtec.cat\/insllicamunt2\/wp-content\/uploads\/usu1100\/2022\/05\/REI-LLeo_page-0001-212x300.jpg 212w, https:\/\/agora.xtec.cat\/insllicamunt2\/wp-content\/uploads\/usu1100\/2022\/05\/REI-LLeo_page-0001-724x1024.jpg 724w, https:\/\/agora.xtec.cat\/insllicamunt2\/wp-content\/uploads\/usu1100\/2022\/05\/REI-LLeo_page-0001-768x1086.jpg 768w, https:\/\/agora.xtec.cat\/insllicamunt2\/wp-content\/uploads\/usu1100\/2022\/05\/REI-LLeo_page-0001-1086x1536.jpg 1086w, https:\/\/agora.xtec.cat\/insllicamunt2\/wp-content\/uploads\/usu1100\/2022\/05\/REI-LLeo_page-0001-1448x2048.jpg 1448w\" sizes=\"auto, (max-width: 1810px) 100vw, 1810px\" \/><\/p>\n<p>&nbsp;<\/p>\n<p>&nbsp;<\/p>\n<div class=\"gmail_default\"><\/div>\n","protected":false},"excerpt":{"rendered":"<p>Voldr\u00edem fer-vos saber que el proper dia 14 DE JUNY estrenarem al teatre L&#8217;Alian\u00e7a el musical &#8220;EL REI LLE\u00d3&#8221;, en qu\u00e8 participa gran part de l&#8217;alumnat de l&#8217;Hip\u00e0tia. A les 11 hores es far\u00e0 l&#8217;actuaci\u00f3 adre\u00e7ada als propis alumnes del centre i a les 18:30&hellip;  <a href=\"https:\/\/agora.xtec.cat\/insllicamunt2\/el-far-dhipatia\/grups\/1r-deso\/el-rei-lleo\/\" title=\"Read El rei Lle\u00f3\">Llegeix m\u00e9s\u00bb<\/a><\/p>\n","protected":false},"author":1,"featured_media":12941,"comment_status":"open","ping_status":"closed","sticky":false,"template":"","format":"standard","meta":{"_bbp_topic_count":0,"_bbp_reply_count":0,"_bbp_total_topic_count":0,"_bbp_total_reply_count":0,"_bbp_voice_count":0,"_bbp_anonymous_reply_count":0,"_bbp_topic_count_hidden":0,"_bbp_reply_count_hidden":0,"_bbp_forum_subforum_count":0,"footnotes":""},"categories":[4,5,6,7,94,99,1040,356,98,29,357],"tags":[],"class_list":["post-12940","post","type-post","status-publish","format-standard","has-post-thumbnail","hentry","category-1r-deso","category-2n-deso","category-3r-deso","category-4t-deso","category-activitats-fora-del-centre","category-articles","category-el-far-dhipatia","category-musica","category-noticies-breus","category-portada","category-visual-i-plastica"],"post_mailing_queue_ids":[],"_links":{"self":[{"href":"https:\/\/agora.xtec.cat\/insllicamunt2\/wp-json\/wp\/v2\/posts\/12940","targetHints":{"allow":["GET"]}}],"collection":[{"href":"https:\/\/agora.xtec.cat\/insllicamunt2\/wp-json\/wp\/v2\/posts"}],"about":[{"href":"https:\/\/agora.xtec.cat\/insllicamunt2\/wp-json\/wp\/v2\/types\/post"}],"author":[{"embeddable":true,"href":"https:\/\/agora.xtec.cat\/insllicamunt2\/wp-json\/wp\/v2\/users\/1"}],"replies":[{"embeddable":true,"href":"https:\/\/agora.xtec.cat\/insllicamunt2\/wp-json\/wp\/v2\/comments?post=12940"}],"version-history":[{"count":2,"href":"https:\/\/agora.xtec.cat\/insllicamunt2\/wp-json\/wp\/v2\/posts\/12940\/revisions"}],"predecessor-version":[{"id":12943,"href":"https:\/\/agora.xtec.cat\/insllicamunt2\/wp-json\/wp\/v2\/posts\/12940\/revisions\/12943"}],"wp:featuredmedia":[{"embeddable":true,"href":"https:\/\/agora.xtec.cat\/insllicamunt2\/wp-json\/wp\/v2\/media\/12941"}],"wp:attachment":[{"href":"https:\/\/agora.xtec.cat\/insllicamunt2\/wp-json\/wp\/v2\/media?parent=12940"}],"wp:term":[{"taxonomy":"category","embeddable":true,"href":"https:\/\/agora.xtec.cat\/insllicamunt2\/wp-json\/wp\/v2\/categories?post=12940"},{"taxonomy":"post_tag","embeddable":true,"href":"https:\/\/agora.xtec.cat\/insllicamunt2\/wp-json\/wp\/v2\/tags?post=12940"}],"curies":[{"name":"wp","href":"https:\/\/api.w.org\/{rel}","templated":true}]}}