{"id":12936,"date":"2022-05-18T13:47:26","date_gmt":"2022-05-18T11:47:26","guid":{"rendered":"https:\/\/agora.xtec.cat\/insllicamunt2\/?p=12936"},"modified":"2022-05-18T13:47:26","modified_gmt":"2022-05-18T11:47:26","slug":"concurs-art-compromes","status":"publish","type":"post","link":"https:\/\/agora.xtec.cat\/insllicamunt2\/el-far-dhipatia\/grups\/3r-deso\/concurs-art-compromes\/","title":{"rendered":"Concurs Art Comprom\u00e8s"},"content":{"rendered":"<p>El concurs Art Comprom\u00e8s s&#8217;emmarca dins del Projecte de Drets Humans que l&#8217;alumnat de 3r ESO realitza a principis del tercer trimestre. L&#8217;objectiu principal \u00e9s\u00a0 conscienciar de la import\u00e0ncia del rol que com a individus i col\u00b7lectiu\u00a0 tenim dins d&#8217;un m\u00f3n en qu\u00e8 \u00e9s necessari vetllar pels drets humans i contribuir a construir una societat m\u00e9s solid\u00e0ria, cr\u00edtica i compromesa.<\/p>\n<p>L&#8217;alumnat va haver de triar qualsevol tema relacionat amb la vulneraci\u00f3 dels drets humans i visualitzar aquest problema social amb tres productes finals: infografia, rap reivindicatiu i art comprom\u00e8s. En aquest darrer producte s&#8217;havia de dissenyar una imatge i un esl\u00f2gan, i escollir entre tots els finalistes, un guanyador.<\/p>\n<p>Avui us presentem l&#8217;obra guanyadora i els seus artistes!<\/p>\n<p>L&#8217;obra s&#8217;ha estampat en una tirada de bosses del tipus Tote Bag per posar-les a la venda. La idea inicial era que el benefici de la venda an\u00e9s destinat a l&#8217;entitat ben\u00e8fica escollida pel grup guanyador. Arran de l&#8217;esclat de la guerra a Ucra\u00efna, s&#8217;ha ofert tamb\u00e9 la possibilitat de donar-ho en benefici de la poblaci\u00f3 ucra\u00efnesa.<\/p>\n<p><img loading=\"lazy\" decoding=\"async\" class=\"aligncenter size-full wp-image-12938\" src=\"https:\/\/agora.xtec.cat\/insllicamunt2\/wp-content\/uploads\/usu1100\/2022\/05\/Art-Compromes-02.jpg\" alt=\"\" width=\"924\" height=\"580\" srcset=\"https:\/\/agora.xtec.cat\/insllicamunt2\/wp-content\/uploads\/usu1100\/2022\/05\/Art-Compromes-02.jpg 924w, https:\/\/agora.xtec.cat\/insllicamunt2\/wp-content\/uploads\/usu1100\/2022\/05\/Art-Compromes-02-300x188.jpg 300w, https:\/\/agora.xtec.cat\/insllicamunt2\/wp-content\/uploads\/usu1100\/2022\/05\/Art-Compromes-02-768x482.jpg 768w\" sizes=\"auto, (max-width: 924px) 100vw, 924px\" \/> <img loading=\"lazy\" decoding=\"async\" class=\"aligncenter size-full wp-image-12937\" src=\"https:\/\/agora.xtec.cat\/insllicamunt2\/wp-content\/uploads\/usu1100\/2022\/05\/Art-Compromes-01.jpg\" alt=\"\" width=\"2000\" height=\"1216\" srcset=\"https:\/\/agora.xtec.cat\/insllicamunt2\/wp-content\/uploads\/usu1100\/2022\/05\/Art-Compromes-01.jpg 2000w, https:\/\/agora.xtec.cat\/insllicamunt2\/wp-content\/uploads\/usu1100\/2022\/05\/Art-Compromes-01-300x182.jpg 300w, https:\/\/agora.xtec.cat\/insllicamunt2\/wp-content\/uploads\/usu1100\/2022\/05\/Art-Compromes-01-1024x623.jpg 1024w, https:\/\/agora.xtec.cat\/insllicamunt2\/wp-content\/uploads\/usu1100\/2022\/05\/Art-Compromes-01-768x467.jpg 768w, https:\/\/agora.xtec.cat\/insllicamunt2\/wp-content\/uploads\/usu1100\/2022\/05\/Art-Compromes-01-1536x934.jpg 1536w\" sizes=\"auto, (max-width: 2000px) 100vw, 2000px\" \/><\/p>\n<p>&nbsp;<\/p>\n<div><\/div>\n","protected":false},"excerpt":{"rendered":"<p>El concurs Art Comprom\u00e8s s&#8217;emmarca dins del Projecte de Drets Humans que l&#8217;alumnat de 3r ESO realitza a principis del tercer trimestre. L&#8217;objectiu principal \u00e9s\u00a0 conscienciar de la import\u00e0ncia del rol que com a individus i col\u00b7lectiu\u00a0 tenim dins d&#8217;un m\u00f3n en qu\u00e8 \u00e9s necessari&hellip;  <a href=\"https:\/\/agora.xtec.cat\/insllicamunt2\/el-far-dhipatia\/grups\/3r-deso\/concurs-art-compromes\/\" title=\"Read Concurs Art Comprom\u00e8s\">Llegeix m\u00e9s\u00bb<\/a><\/p>\n","protected":false},"author":1,"featured_media":12938,"comment_status":"open","ping_status":"closed","sticky":false,"template":"","format":"standard","meta":{"_bbp_topic_count":0,"_bbp_reply_count":0,"_bbp_total_topic_count":0,"_bbp_total_reply_count":0,"_bbp_voice_count":0,"_bbp_anonymous_reply_count":0,"_bbp_topic_count_hidden":0,"_bbp_reply_count_hidden":0,"_bbp_forum_subforum_count":0,"footnotes":""},"categories":[6,101,99,349,1040,29,399,357],"tags":[],"class_list":["post-12936","post","type-post","status-publish","format-standard","has-post-thumbnail","hentry","category-3r-deso","category-activitats-de-centre","category-articles","category-catala","category-el-far-dhipatia","category-portada","category-projectes","category-visual-i-plastica"],"post_mailing_queue_ids":[],"_links":{"self":[{"href":"https:\/\/agora.xtec.cat\/insllicamunt2\/wp-json\/wp\/v2\/posts\/12936","targetHints":{"allow":["GET"]}}],"collection":[{"href":"https:\/\/agora.xtec.cat\/insllicamunt2\/wp-json\/wp\/v2\/posts"}],"about":[{"href":"https:\/\/agora.xtec.cat\/insllicamunt2\/wp-json\/wp\/v2\/types\/post"}],"author":[{"embeddable":true,"href":"https:\/\/agora.xtec.cat\/insllicamunt2\/wp-json\/wp\/v2\/users\/1"}],"replies":[{"embeddable":true,"href":"https:\/\/agora.xtec.cat\/insllicamunt2\/wp-json\/wp\/v2\/comments?post=12936"}],"version-history":[{"count":1,"href":"https:\/\/agora.xtec.cat\/insllicamunt2\/wp-json\/wp\/v2\/posts\/12936\/revisions"}],"predecessor-version":[{"id":12939,"href":"https:\/\/agora.xtec.cat\/insllicamunt2\/wp-json\/wp\/v2\/posts\/12936\/revisions\/12939"}],"wp:featuredmedia":[{"embeddable":true,"href":"https:\/\/agora.xtec.cat\/insllicamunt2\/wp-json\/wp\/v2\/media\/12938"}],"wp:attachment":[{"href":"https:\/\/agora.xtec.cat\/insllicamunt2\/wp-json\/wp\/v2\/media?parent=12936"}],"wp:term":[{"taxonomy":"category","embeddable":true,"href":"https:\/\/agora.xtec.cat\/insllicamunt2\/wp-json\/wp\/v2\/categories?post=12936"},{"taxonomy":"post_tag","embeddable":true,"href":"https:\/\/agora.xtec.cat\/insllicamunt2\/wp-json\/wp\/v2\/tags?post=12936"}],"curies":[{"name":"wp","href":"https:\/\/api.w.org\/{rel}","templated":true}]}}