{"id":12866,"date":"2022-03-24T12:09:09","date_gmt":"2022-03-24T11:09:09","guid":{"rendered":"https:\/\/agora.xtec.cat\/insllicamunt2\/?p=12866"},"modified":"2022-03-24T12:20:17","modified_gmt":"2022-03-24T11:20:17","slug":"lhipatia-amb-ucraina","status":"publish","type":"post","link":"https:\/\/agora.xtec.cat\/insllicamunt2\/no-classificat\/lhipatia-amb-ucraina\/","title":{"rendered":"L&#8217;Hip\u00e0tia amb Ucra\u00efna"},"content":{"rendered":"<p>Des del passat dia14, i fins dem\u00e0 dia 25, l&#8217;Hip\u00e0tia est\u00e0 recollint material per enviar a Ucra\u00efna.<\/p>\n<p>Els alumnes de 3r ESO s&#8217;han organitzat per crear la campanya de recollida, inclosa dins la campanya general que est\u00e0 fent l&#8217;ajuntament de la localitat:<\/p>\n<p><a href=\"https:\/\/www.llicamunt.cat\/temes\/llica-damunt-amb-ucraina\">https:\/\/www.llicamunt.cat\/temes\/llica-damunt-amb-ucraina<\/a><\/p>\n<p>S&#8217;est\u00e0 recollint tot tipus de material: bolquers, ap\u00f2sits, guants de l\u00e0tex, galetes, llet, conserves, mantes, tovalloles, raspalls de dents, etc. Qui vulgui ajudar encara pot portar material com aquest, o similar, fins el proper divendres i deixar-lo a la capsa que es pot trobar a l&#8217;entrada de l&#8217;institut.<\/p>\n<p>Des d&#8217;aqu\u00ed volem agrair, i molt, la implicaci\u00f3 de l&#8217;alumnat de l&#8217;institut en aquesta tasca, aix\u00ed com tamb\u00e9 la inestimable aportaci\u00f3 de l&#8217;AMPA, que ha estat clau, i de les fam\u00edlies que a nivell individual han fet les seves aportacions.<\/p>\n\n\t\t<style type=\"text\/css\">\n\t\t\t#gallery-1 {\n\t\t\t\tmargin: auto;\n\t\t\t}\n\t\t\t#gallery-1 .gallery-item {\n\t\t\t\tfloat: left;\n\t\t\t\tmargin-top: 10px;\n\t\t\t\ttext-align: center;\n\t\t\t\twidth: 33%;\n\t\t\t}\n\t\t\t#gallery-1 img {\n\t\t\t\tborder: 2px solid #cfcfcf;\n\t\t\t}\n\t\t\t#gallery-1 .gallery-caption {\n\t\t\t\tmargin-left: 0;\n\t\t\t}\n\t\t\t\/* see gallery_shortcode() in wp-includes\/media.php *\/\n\t\t<\/style>\n\t\t<div id='gallery-1' class='gallery galleryid-12866 gallery-columns-3 gallery-size-thumbnail'><dl class='gallery-item'>\n\t\t\t<dt class='gallery-icon landscape'>\n\t\t\t\t<a href='https:\/\/agora.xtec.cat\/insllicamunt2\/no-classificat\/lhipatia-amb-ucraina\/attachment\/ucraina06\/'><img loading=\"lazy\" decoding=\"async\" width=\"150\" height=\"150\" src=\"https:\/\/agora.xtec.cat\/insllicamunt2\/wp-content\/uploads\/usu1100\/2022\/03\/Ucraina06-150x150.jpg\" class=\"attachment-thumbnail size-thumbnail\" alt=\"\" \/><\/a>\n\t\t\t<\/dt><\/dl><dl class='gallery-item'>\n\t\t\t<dt class='gallery-icon portrait'>\n\t\t\t\t<a href='https:\/\/agora.xtec.cat\/insllicamunt2\/no-classificat\/lhipatia-amb-ucraina\/attachment\/ucraina05\/'><img loading=\"lazy\" decoding=\"async\" width=\"150\" height=\"150\" src=\"https:\/\/agora.xtec.cat\/insllicamunt2\/wp-content\/uploads\/usu1100\/2022\/03\/Ucraina05-150x150.jpg\" class=\"attachment-thumbnail size-thumbnail\" alt=\"\" \/><\/a>\n\t\t\t<\/dt><\/dl><dl class='gallery-item'>\n\t\t\t<dt class='gallery-icon portrait'>\n\t\t\t\t<a href='https:\/\/agora.xtec.cat\/insllicamunt2\/no-classificat\/lhipatia-amb-ucraina\/attachment\/ucraina04\/'><img loading=\"lazy\" decoding=\"async\" width=\"150\" height=\"150\" src=\"https:\/\/agora.xtec.cat\/insllicamunt2\/wp-content\/uploads\/usu1100\/2022\/03\/Ucraina04-150x150.jpg\" class=\"attachment-thumbnail size-thumbnail\" alt=\"\" \/><\/a>\n\t\t\t<\/dt><\/dl><br style=\"clear: both\" \/>\n\t\t<\/div>\n\n","protected":false},"excerpt":{"rendered":"<p>Des del passat dia14, i fins dem\u00e0 dia 25, l&#8217;Hip\u00e0tia est\u00e0 recollint material per enviar a Ucra\u00efna.<br \/>\nEls alumnes de 3r ESO s&#8217;han organitzat per crear la campanya de recollida, inclosa dins la campanya general que est\u00e0 fent l&#8217;ajuntament de la localitat:<br \/>\n<a href=\"https:\/\/www.llicamunt.cat\/temes\/llica-damunt-amb-ucraina\">https:\/\/www.llicamunt.cat\/temes\/llica-damunt-amb-ucraina<\/a><br \/>\nS&#8217;est\u00e0 recollint tot tipus&hellip;  <a href=\"https:\/\/agora.xtec.cat\/insllicamunt2\/no-classificat\/lhipatia-amb-ucraina\/\" title=\"Read L&#8217;Hip\u00e0tia amb Ucra\u00efna\">Llegeix m\u00e9s\u00bb<\/a><\/p>\n","protected":false},"author":1,"featured_media":12877,"comment_status":"open","ping_status":"closed","sticky":false,"template":"","format":"standard","meta":{"_bbp_topic_count":0,"_bbp_reply_count":0,"_bbp_total_topic_count":0,"_bbp_total_reply_count":0,"_bbp_voice_count":0,"_bbp_anonymous_reply_count":0,"_bbp_topic_count_hidden":0,"_bbp_reply_count_hidden":0,"_bbp_forum_subforum_count":0,"footnotes":""},"categories":[6,101,1041,1040,346,1,29],"tags":[],"class_list":["post-12866","post","type-post","status-publish","format-standard","has-post-thumbnail","hentry","category-3r-deso","category-activitats-de-centre","category-ampa","category-el-far-dhipatia","category-materies","category-no-classificat","category-portada"],"post_mailing_queue_ids":[],"_links":{"self":[{"href":"https:\/\/agora.xtec.cat\/insllicamunt2\/wp-json\/wp\/v2\/posts\/12866","targetHints":{"allow":["GET"]}}],"collection":[{"href":"https:\/\/agora.xtec.cat\/insllicamunt2\/wp-json\/wp\/v2\/posts"}],"about":[{"href":"https:\/\/agora.xtec.cat\/insllicamunt2\/wp-json\/wp\/v2\/types\/post"}],"author":[{"embeddable":true,"href":"https:\/\/agora.xtec.cat\/insllicamunt2\/wp-json\/wp\/v2\/users\/1"}],"replies":[{"embeddable":true,"href":"https:\/\/agora.xtec.cat\/insllicamunt2\/wp-json\/wp\/v2\/comments?post=12866"}],"version-history":[{"count":4,"href":"https:\/\/agora.xtec.cat\/insllicamunt2\/wp-json\/wp\/v2\/posts\/12866\/revisions"}],"predecessor-version":[{"id":12878,"href":"https:\/\/agora.xtec.cat\/insllicamunt2\/wp-json\/wp\/v2\/posts\/12866\/revisions\/12878"}],"wp:featuredmedia":[{"embeddable":true,"href":"https:\/\/agora.xtec.cat\/insllicamunt2\/wp-json\/wp\/v2\/media\/12877"}],"wp:attachment":[{"href":"https:\/\/agora.xtec.cat\/insllicamunt2\/wp-json\/wp\/v2\/media?parent=12866"}],"wp:term":[{"taxonomy":"category","embeddable":true,"href":"https:\/\/agora.xtec.cat\/insllicamunt2\/wp-json\/wp\/v2\/categories?post=12866"},{"taxonomy":"post_tag","embeddable":true,"href":"https:\/\/agora.xtec.cat\/insllicamunt2\/wp-json\/wp\/v2\/tags?post=12866"}],"curies":[{"name":"wp","href":"https:\/\/api.w.org\/{rel}","templated":true}]}}