{"id":1283,"date":"2015-12-05T14:14:42","date_gmt":"2015-12-05T13:14:42","guid":{"rendered":"http:\/\/agora.xtec.cat\/insllicamunt2\/?p=1283"},"modified":"2016-05-09T09:23:46","modified_gmt":"2016-05-09T08:23:46","slug":"de-museus-per-cornella","status":"publish","type":"post","link":"https:\/\/agora.xtec.cat\/insllicamunt2\/el-far-dhipatia\/grups\/de-museus-per-cornella\/","title":{"rendered":"De museus per Cornell\u00e0"},"content":{"rendered":"<p style=\"text-align: justify;\">Els alumnes de segon han visitat el museu de les matem\u00e0tiques i el museu de les aig\u00fces de Cornell\u00e0, en una sortida emmarcada dins de les \u00e0rees de matem\u00e0tiques, visual i pl\u00e0stica i ci\u00e8ncies de la naturalesa.<\/p>\n<p style=\"text-align: center;\"><img loading=\"lazy\" decoding=\"async\" class=\"aligncenter\" src=\"https:\/\/lh3.googleusercontent.com\/-B1B6U79Eocs\/VmKy_v-Q7aI\/AAAAAAAAQD8\/-wNA_r7HiFk\/s800-Ic42\/20151203_132816.jpg\" alt=\"\" width=\"600\" height=\"338\" \/><\/p>\n<p style=\"text-align: justify;\">El primer museu, situat al palau Mercader, els hi ha perm\u00e8s apropar-se a les matem\u00e0tiques d\u2019una forma l\u00fadica, divertida. Nom\u00e9s arribar, el nombre \u03c0 ens donava la benvinguda des d\u2019una de les finestres.<\/p>\n<p style=\"text-align: center;\"><img loading=\"lazy\" decoding=\"async\" class=\"aligncenter\" src=\"https:\/\/lh3.googleusercontent.com\/-yY1L7-6yY00\/VmKyUbwmDhI\/AAAAAAAAQD8\/ekVZxarv1c8\/s800-Ic42\/20151203_101828.jpg\" alt=\"\" width=\"600\" height=\"338\" \/><\/p>\n<p style=\"text-align: center;\">Hem apr\u00e9s i hem vist moltes coses:<\/p>\n<p style=\"text-align: center;\">Proporcions comuns a tots els \u00e9ssers humans,<\/p>\n<p style=\"text-align: center;\"><img loading=\"lazy\" decoding=\"async\" class=\"aligncenter\" src=\"https:\/\/lh3.googleusercontent.com\/-qURh3SkIpkk\/VmKx_0i6ReI\/AAAAAAAAQD8\/A9qUpqc30Q8\/s800-Ic42\/20151203_094823.jpg\" alt=\"\" width=\"600\" height=\"338\" \/><\/p>\n<p style=\"text-align: center;\">il\u00b7lusions \u00f2ptiques,<\/p>\n<p style=\"text-align: center;\"><img loading=\"lazy\" decoding=\"async\" class=\"aligncenter\" src=\"https:\/\/lh3.googleusercontent.com\/-qlSXO1AELSA\/VmKy77FKm5I\/AAAAAAAAQD8\/WZmeULrybHk\/s800-Ic42\/20151203_095526.jpg\" alt=\"\" width=\"600\" height=\"338\" \/><\/p>\n<p style=\"text-align: center;\">l\u2019enorme nombre de combinacions que ens ofereixen els puzles i els mosaics,<\/p>\n<p style=\"text-align: center;\"><img loading=\"lazy\" decoding=\"async\" class=\"aligncenter\" src=\"https:\/\/lh3.googleusercontent.com\/-9yqPGS0Kv1k\/VmKyCyw9MLI\/AAAAAAAAQD8\/q49T4R8wyMM\/s800-Ic42\/20151203_103044.jpg\" alt=\"\" width=\"600\" height=\"338\" \/><\/p>\n<p style=\"text-align: center;\">i, fins i tot, hem fet d&#8217;enginyers.<\/p>\n<p style=\"text-align: center;\"><img loading=\"lazy\" decoding=\"async\" class=\"aligncenter\" src=\"https:\/\/lh3.googleusercontent.com\/-0K_KUKn9A4Y\/VmKypCAnHuI\/AAAAAAAAQD8\/oV_OuJoDce8\/s800-Ic42\/20151203_105123.jpg\" alt=\"\" width=\"600\" height=\"338\" \/><\/p>\n<p style=\"text-align: justify;\">El museu de les aig\u00fces, situat a poca dist\u00e0ncia de l\u2019anterior, ocupa els terrenys d\u2019una planta d\u2019aig\u00fces que porta en funcionament m\u00e9s d\u2019un segle.<\/p>\n<p style=\"text-align: center;\"><img loading=\"lazy\" decoding=\"async\" class=\"aligncenter\" src=\"https:\/\/lh3.googleusercontent.com\/-QxBkHjVIVac\/VmK0L8vJWgI\/AAAAAAAAQD8\/d_-FquqSELc\/s800-Ic42\/20151128_134426.jpg\" alt=\"\" width=\"600\" height=\"338\" \/><\/p>\n<p style=\"text-align: justify;\">Amb aquesta visita, hem procurat que els alumnes s\u2019apropin als misteris d\u2019un l\u00edquid tan essencial per a la vida.<\/p>\n<p style=\"text-align: justify;\"><img loading=\"lazy\" decoding=\"async\" class=\"aligncenter\" src=\"https:\/\/lh3.googleusercontent.com\/-vd_n4ZLVPoM\/VmKxl0fjYzI\/AAAAAAAAQD8\/ytvU5CAnB_U\/s800-Ic42\/20151203_120456.jpg\" alt=\"\" width=\"600\" height=\"338\" \/><\/p>\n","protected":false},"excerpt":{"rendered":"<p>Els alumnes de segon han visitat el museu de les matem\u00e0tiques i el museu de les aig\u00fces de Cornell\u00e0, en una sortida emmarcada dins de les \u00e0rees de matem\u00e0tiques, visual i pl\u00e0stica i ci\u00e8ncies de la naturalesa.<\/p>\n<p>El primer museu, situat al palau Mercader, els hi&hellip;  <a href=\"https:\/\/agora.xtec.cat\/insllicamunt2\/el-far-dhipatia\/grups\/de-museus-per-cornella\/\" title=\"Read De museus per Cornell\u00e0\">Llegeix m\u00e9s\u00bb<\/a><\/p>\n","protected":false},"author":36,"featured_media":1287,"comment_status":"open","ping_status":"open","sticky":false,"template":"","format":"standard","meta":{"_bbp_topic_count":0,"_bbp_reply_count":0,"_bbp_total_topic_count":0,"_bbp_total_reply_count":0,"_bbp_voice_count":0,"_bbp_anonymous_reply_count":0,"_bbp_topic_count_hidden":0,"_bbp_reply_count_hidden":0,"_bbp_forum_subforum_count":0,"footnotes":""},"categories":[5,94,99,359,3,354,346,98,29,357],"tags":[341,177,442,67],"class_list":["post-1283","post","type-post","status-publish","format-standard","has-post-thumbnail","hentry","category-2n-deso","category-activitats-fora-del-centre","category-articles","category-fisica-i-quimica","category-grups","category-matematiques","category-materies","category-noticies-breus","category-portada","category-visual-i-plastica","tag-aigua","tag-ciencies-de-la-naturalesa","tag-matematiques","tag-visual-i-plastica"],"post_mailing_queue_ids":[],"_links":{"self":[{"href":"https:\/\/agora.xtec.cat\/insllicamunt2\/wp-json\/wp\/v2\/posts\/1283","targetHints":{"allow":["GET"]}}],"collection":[{"href":"https:\/\/agora.xtec.cat\/insllicamunt2\/wp-json\/wp\/v2\/posts"}],"about":[{"href":"https:\/\/agora.xtec.cat\/insllicamunt2\/wp-json\/wp\/v2\/types\/post"}],"author":[{"embeddable":true,"href":"https:\/\/agora.xtec.cat\/insllicamunt2\/wp-json\/wp\/v2\/users\/36"}],"replies":[{"embeddable":true,"href":"https:\/\/agora.xtec.cat\/insllicamunt2\/wp-json\/wp\/v2\/comments?post=1283"}],"version-history":[{"count":2,"href":"https:\/\/agora.xtec.cat\/insllicamunt2\/wp-json\/wp\/v2\/posts\/1283\/revisions"}],"predecessor-version":[{"id":1286,"href":"https:\/\/agora.xtec.cat\/insllicamunt2\/wp-json\/wp\/v2\/posts\/1283\/revisions\/1286"}],"wp:featuredmedia":[{"embeddable":true,"href":"https:\/\/agora.xtec.cat\/insllicamunt2\/wp-json\/wp\/v2\/media\/1287"}],"wp:attachment":[{"href":"https:\/\/agora.xtec.cat\/insllicamunt2\/wp-json\/wp\/v2\/media?parent=1283"}],"wp:term":[{"taxonomy":"category","embeddable":true,"href":"https:\/\/agora.xtec.cat\/insllicamunt2\/wp-json\/wp\/v2\/categories?post=1283"},{"taxonomy":"post_tag","embeddable":true,"href":"https:\/\/agora.xtec.cat\/insllicamunt2\/wp-json\/wp\/v2\/tags?post=1283"}],"curies":[{"name":"wp","href":"https:\/\/api.w.org\/{rel}","templated":true}]}}