{"id":12802,"date":"2022-03-02T08:45:31","date_gmt":"2022-03-02T07:45:31","guid":{"rendered":"https:\/\/agora.xtec.cat\/insllicamunt2\/?p=12802"},"modified":"2022-03-02T08:45:31","modified_gmt":"2022-03-02T07:45:31","slug":"4c-bateig-descalada","status":"publish","type":"post","link":"https:\/\/agora.xtec.cat\/insllicamunt2\/el-far-dhipatia\/grups\/4t-deso\/4c-bateig-descalada\/","title":{"rendered":"4C &#8211; Bateig d&#8217;Escalada"},"content":{"rendered":"<p>El passat divendres 25 l&#8217;alumnat de 4C va gaudir durant part del mat\u00ed lectiu d&#8217;un bateig d&#8217;escalada a l&#8217;INDOORWALL de Granollers, seguint els passos dels seus companys de 2A els quals l&#8217;havien tingut uns dies abans, com ja vam informar en un article anterior.<\/p>\n<p>L&#8217;AMPA ha proporcionat aquest premi a aquest grup d&#8217;alumnes com a reconeixement al seu sots-campionat en les actuacions del passat Nadal a l&#8217;institut, aix\u00ed com haver estat escollida la seva aula la millor decorada amb temes nadalencs.<\/p>\n<p>Durant 2h 30m els monitors del roc\u00f2drom han facilitat i instru\u00eft al nostre alumnat en la pr\u00e0ctica d&#8217;aquesta activitat tan t\u00e8cnica. A m\u00e9s, ens han perm\u00e8s fer \u00fas del gimn\u00e0s on ells mateixos escalen i experimentar en qu\u00e8 consisteix la seva preparaci\u00f3 f\u00edsica.<\/p>\n<p>Aprofitem per agrair a l&#8217;AMPA i a l&#8217;equip docent de l&#8217;INS Hip\u00e0tia d&#8217;Alexandria per donar la possibilitat als nois i noies de compartir aquestes magn\u00edfiques viv\u00e8ncies que tan afavoreixen la cohesi\u00f3 grupal.<\/p>\n<p>Moltes felicitats a tothom per l&#8217;empeny i implicaci\u00f3 que avui s&#8217;ha mostrat mentre es gaudia d&#8217;aquesta merescuda oportunitat.<\/p>\n<p>Us compartim algunes imatges de l&#8217;activitat!<\/p>\n\n\t\t<style type=\"text\/css\">\n\t\t\t#gallery-1 {\n\t\t\t\tmargin: auto;\n\t\t\t}\n\t\t\t#gallery-1 .gallery-item {\n\t\t\t\tfloat: left;\n\t\t\t\tmargin-top: 10px;\n\t\t\t\ttext-align: center;\n\t\t\t\twidth: 33%;\n\t\t\t}\n\t\t\t#gallery-1 img {\n\t\t\t\tborder: 2px solid #cfcfcf;\n\t\t\t}\n\t\t\t#gallery-1 .gallery-caption {\n\t\t\t\tmargin-left: 0;\n\t\t\t}\n\t\t\t\/* see gallery_shortcode() in wp-includes\/media.php *\/\n\t\t<\/style>\n\t\t<div id='gallery-1' class='gallery galleryid-12802 gallery-columns-3 gallery-size-thumbnail'><dl class='gallery-item'>\n\t\t\t<dt class='gallery-icon landscape'>\n\t\t\t\t<a href='https:\/\/agora.xtec.cat\/insllicamunt2\/el-far-dhipatia\/grups\/4t-deso\/4c-bateig-descalada\/attachment\/bateig-escalada-4c-2\/'><img loading=\"lazy\" decoding=\"async\" width=\"150\" height=\"150\" src=\"https:\/\/agora.xtec.cat\/insllicamunt2\/wp-content\/uploads\/usu1100\/2022\/03\/Bateig-escalada-4C-2-150x150.jpeg\" class=\"attachment-thumbnail size-thumbnail\" alt=\"\" \/><\/a>\n\t\t\t<\/dt><\/dl><dl class='gallery-item'>\n\t\t\t<dt class='gallery-icon landscape'>\n\t\t\t\t<a href='https:\/\/agora.xtec.cat\/insllicamunt2\/el-far-dhipatia\/grups\/4t-deso\/4c-bateig-descalada\/attachment\/bateig-escalada-4c-1\/'><img loading=\"lazy\" decoding=\"async\" width=\"150\" height=\"150\" src=\"https:\/\/agora.xtec.cat\/insllicamunt2\/wp-content\/uploads\/usu1100\/2022\/03\/Bateig-escalada-4C-1-150x150.jpeg\" class=\"attachment-thumbnail size-thumbnail\" alt=\"\" \/><\/a>\n\t\t\t<\/dt><\/dl><dl class='gallery-item'>\n\t\t\t<dt class='gallery-icon landscape'>\n\t\t\t\t<a href='https:\/\/agora.xtec.cat\/insllicamunt2\/el-far-dhipatia\/grups\/4t-deso\/4c-bateig-descalada\/attachment\/bateig-escalada-4c-3\/'><img loading=\"lazy\" decoding=\"async\" width=\"150\" height=\"150\" src=\"https:\/\/agora.xtec.cat\/insllicamunt2\/wp-content\/uploads\/usu1100\/2022\/03\/Bateig-escalada-4C-3-150x150.jpeg\" class=\"attachment-thumbnail size-thumbnail\" alt=\"\" \/><\/a>\n\t\t\t<\/dt><\/dl><br style=\"clear: both\" \/>\n\t\t<\/div>\n\n<p>&nbsp;<\/p>\n<p>&nbsp;<\/p>\n<div>\n<div dir=\"auto\"><\/div>\n<\/div>\n","protected":false},"excerpt":{"rendered":"<p>El passat divendres 25 l&#8217;alumnat de 4C va gaudir durant part del mat\u00ed lectiu d&#8217;un bateig d&#8217;escalada a l&#8217;INDOORWALL de Granollers, seguint els passos dels seus companys de 2A els quals l&#8217;havien tingut uns dies abans, com ja vam informar en un article anterior.<br \/>\nL&#8217;AMPA ha&hellip;  <a href=\"https:\/\/agora.xtec.cat\/insllicamunt2\/el-far-dhipatia\/grups\/4t-deso\/4c-bateig-descalada\/\" title=\"Read 4C &#8211; Bateig d&#8217;Escalada\">Llegeix m\u00e9s\u00bb<\/a><\/p>\n","protected":false},"author":1,"featured_media":12806,"comment_status":"open","ping_status":"closed","sticky":false,"template":"","format":"standard","meta":{"_bbp_topic_count":0,"_bbp_reply_count":0,"_bbp_total_topic_count":0,"_bbp_total_reply_count":0,"_bbp_voice_count":0,"_bbp_anonymous_reply_count":0,"_bbp_topic_count_hidden":0,"_bbp_reply_count_hidden":0,"_bbp_forum_subforum_count":0,"footnotes":""},"categories":[7,94,1041,352,1040,29],"tags":[],"class_list":["post-12802","post","type-post","status-publish","format-standard","has-post-thumbnail","hentry","category-4t-deso","category-activitats-fora-del-centre","category-ampa","category-educacio-fisica","category-el-far-dhipatia","category-portada"],"post_mailing_queue_ids":[],"_links":{"self":[{"href":"https:\/\/agora.xtec.cat\/insllicamunt2\/wp-json\/wp\/v2\/posts\/12802","targetHints":{"allow":["GET"]}}],"collection":[{"href":"https:\/\/agora.xtec.cat\/insllicamunt2\/wp-json\/wp\/v2\/posts"}],"about":[{"href":"https:\/\/agora.xtec.cat\/insllicamunt2\/wp-json\/wp\/v2\/types\/post"}],"author":[{"embeddable":true,"href":"https:\/\/agora.xtec.cat\/insllicamunt2\/wp-json\/wp\/v2\/users\/1"}],"replies":[{"embeddable":true,"href":"https:\/\/agora.xtec.cat\/insllicamunt2\/wp-json\/wp\/v2\/comments?post=12802"}],"version-history":[{"count":1,"href":"https:\/\/agora.xtec.cat\/insllicamunt2\/wp-json\/wp\/v2\/posts\/12802\/revisions"}],"predecessor-version":[{"id":12807,"href":"https:\/\/agora.xtec.cat\/insllicamunt2\/wp-json\/wp\/v2\/posts\/12802\/revisions\/12807"}],"wp:featuredmedia":[{"embeddable":true,"href":"https:\/\/agora.xtec.cat\/insllicamunt2\/wp-json\/wp\/v2\/media\/12806"}],"wp:attachment":[{"href":"https:\/\/agora.xtec.cat\/insllicamunt2\/wp-json\/wp\/v2\/media?parent=12802"}],"wp:term":[{"taxonomy":"category","embeddable":true,"href":"https:\/\/agora.xtec.cat\/insllicamunt2\/wp-json\/wp\/v2\/categories?post=12802"},{"taxonomy":"post_tag","embeddable":true,"href":"https:\/\/agora.xtec.cat\/insllicamunt2\/wp-json\/wp\/v2\/tags?post=12802"}],"curies":[{"name":"wp","href":"https:\/\/api.w.org\/{rel}","templated":true}]}}