{"id":1257,"date":"2015-12-03T09:38:04","date_gmt":"2015-12-03T08:38:04","guid":{"rendered":"http:\/\/agora.xtec.cat\/insllicamunt2\/?p=1257"},"modified":"2016-05-09T09:24:50","modified_gmt":"2016-05-09T08:24:50","slug":"participem-al-concurs-pinta-la-marato","status":"publish","type":"post","link":"https:\/\/agora.xtec.cat\/insllicamunt2\/el-far-dhipatia\/grups\/participem-al-concurs-pinta-la-marato\/","title":{"rendered":"Participem al concurs &#8220;Pinta la Marat\u00f3&#8221;"},"content":{"rendered":"<div>\n<div style=\"text-align: center;\"><a href=\"http:\/\/agora.xtec.cat\/insllicamunt2\/wp-content\/uploads\/usu1100\/2015\/12\/Marat\u00f3.jpg\"><img loading=\"lazy\" decoding=\"async\" class=\"aligncenter  wp-image-1258\" src=\"http:\/\/agora.xtec.cat\/insllicamunt2\/wp-content\/uploads\/usu1100\/2015\/12\/Marat\u00f3.jpg\" alt=\"Marat\u00f3\" width=\"548\" height=\"311\" srcset=\"https:\/\/agora.xtec.cat\/insllicamunt2\/wp-content\/uploads\/usu1100\/2015\/12\/Marat\u00f3.jpg 800w, https:\/\/agora.xtec.cat\/insllicamunt2\/wp-content\/uploads\/usu1100\/2015\/12\/Marat\u00f3-300x170.jpg 300w\" sizes=\"auto, (max-width: 548px) 100vw, 548px\" \/><\/a><\/div>\n<p style=\"text-align: justify;\"><span style=\"color: #ffffff;\">\u00a0<\/span><\/p>\n<p style=\"text-align: justify;\">La diabetis i l&#8217;obesitat s\u00f3n els temes sobre els quals tracta la Marat\u00f3 d&#8217;enguany. La setmana passada va venir al centre una professional de l&#8217;\u00e0mbit sanitari per explicar-nos aspectes que desconeix\u00edem de totes dues malalties.<\/p>\n<p style=\"text-align: justify;\">Des de l&#8217;optativa de Visual i Pl\u00e0stica, els alumnes de 4t d&#8217;ESO han participat al concurs &#8220;Pinta la Marat\u00f3&#8221; de l&#8217;edici\u00f3 d&#8217;enguany que organitza la Marat\u00f3 de TV3, paral\u00b7lelament a moltes altres activitats de difusi\u00f3.<\/p>\n<p style=\"text-align: justify;\">El nostre mural\u00a0 representa el triomf que suposa la lluita di\u00e0ria de milers de persones contra aquestes malalties. Esperem que us agradi i esperem tamb\u00e9 que al jurat del concurs encara els agradi m\u00e9s! Aqu\u00ed el teniu:<\/p>\n<p style=\"text-align: justify;\"><span style=\"color: #ffffff;\">\u00a0<\/span><\/p>\n<p style=\"text-align: center;\"><img loading=\"lazy\" decoding=\"async\" class=\"aligncenter\" src=\"https:\/\/lh3.googleusercontent.com\/-zkAuXUioDXU\/VmFhGO7GyII\/AAAAAAAAP8U\/c89YBlKz4q4\/s640-Ic42\/IMG_3457.JPG\" alt=\"\" width=\"883\" height=\"418\" \/><\/p>\n<\/div>\n","protected":false},"excerpt":{"rendered":"<p><a href=\"http:\/\/agora.xtec.cat\/insllicamunt2\/wp-content\/uploads\/usu1100\/2015\/12\/Marat\u00f3.jpg\"><\/a><br \/>\n\u00a0<br \/>\nLa diabetis i l&#8217;obesitat s\u00f3n els temes sobre els quals tracta la Marat\u00f3 d&#8217;enguany. La setmana passada va venir al centre una professional de l&#8217;\u00e0mbit sanitari per explicar-nos aspectes que desconeix\u00edem de totes dues malalties.<br \/>\nDes de l&#8217;optativa de Visual i Pl\u00e0stica, els alumnes de&hellip;  <a href=\"https:\/\/agora.xtec.cat\/insllicamunt2\/el-far-dhipatia\/grups\/participem-al-concurs-pinta-la-marato\/\" title=\"Read Participem al concurs &#8220;Pinta la Marat\u00f3&#8221;\">Llegeix m\u00e9s\u00bb<\/a><\/p>\n","protected":false},"author":41,"featured_media":1360,"comment_status":"open","ping_status":"open","sticky":false,"template":"","format":"standard","meta":{"_bbp_topic_count":0,"_bbp_reply_count":0,"_bbp_total_topic_count":0,"_bbp_total_reply_count":0,"_bbp_voice_count":0,"_bbp_anonymous_reply_count":0,"_bbp_topic_count_hidden":0,"_bbp_reply_count_hidden":0,"_bbp_forum_subforum_count":0,"footnotes":""},"categories":[7,93,99,3,346,98,29,97,357],"tags":[508,511,512,509,507,513,510,67],"class_list":["post-1257","post","type-post","status-publish","format-standard","has-post-thumbnail","hentry","category-4t-deso","category-activitats-daula","category-articles","category-grups","category-materies","category-noticies-breus","category-portada","category-premis-i-concursos","category-visual-i-plastica","tag-cartell","tag-concurs","tag-diabetis","tag-marato","tag-mural","tag-obesitat","tag-tv3","tag-visual-i-plastica"],"post_mailing_queue_ids":[],"_links":{"self":[{"href":"https:\/\/agora.xtec.cat\/insllicamunt2\/wp-json\/wp\/v2\/posts\/1257","targetHints":{"allow":["GET"]}}],"collection":[{"href":"https:\/\/agora.xtec.cat\/insllicamunt2\/wp-json\/wp\/v2\/posts"}],"about":[{"href":"https:\/\/agora.xtec.cat\/insllicamunt2\/wp-json\/wp\/v2\/types\/post"}],"author":[{"embeddable":true,"href":"https:\/\/agora.xtec.cat\/insllicamunt2\/wp-json\/wp\/v2\/users\/41"}],"replies":[{"embeddable":true,"href":"https:\/\/agora.xtec.cat\/insllicamunt2\/wp-json\/wp\/v2\/comments?post=1257"}],"version-history":[{"count":3,"href":"https:\/\/agora.xtec.cat\/insllicamunt2\/wp-json\/wp\/v2\/posts\/1257\/revisions"}],"predecessor-version":[{"id":1362,"href":"https:\/\/agora.xtec.cat\/insllicamunt2\/wp-json\/wp\/v2\/posts\/1257\/revisions\/1362"}],"wp:featuredmedia":[{"embeddable":true,"href":"https:\/\/agora.xtec.cat\/insllicamunt2\/wp-json\/wp\/v2\/media\/1360"}],"wp:attachment":[{"href":"https:\/\/agora.xtec.cat\/insllicamunt2\/wp-json\/wp\/v2\/media?parent=1257"}],"wp:term":[{"taxonomy":"category","embeddable":true,"href":"https:\/\/agora.xtec.cat\/insllicamunt2\/wp-json\/wp\/v2\/categories?post=1257"},{"taxonomy":"post_tag","embeddable":true,"href":"https:\/\/agora.xtec.cat\/insllicamunt2\/wp-json\/wp\/v2\/tags?post=1257"}],"curies":[{"name":"wp","href":"https:\/\/api.w.org\/{rel}","templated":true}]}}