{"id":12530,"date":"2021-10-21T12:56:03","date_gmt":"2021-10-21T10:56:03","guid":{"rendered":"https:\/\/agora.xtec.cat\/insllicamunt2\/?p=12530"},"modified":"2021-11-03T10:46:39","modified_gmt":"2021-11-03T09:46:39","slug":"3r-eso-sortida-als-cingles-de-berti","status":"publish","type":"post","link":"https:\/\/agora.xtec.cat\/insllicamunt2\/no-classificat\/3r-eso-sortida-als-cingles-de-berti\/","title":{"rendered":"3r ESO &#8211; Sortida als Cingles de Bert\u00ed"},"content":{"rendered":"<p>El passat divendres 15 d&#8217;octubre els i les alumnes i part del professorat de 3r ESO de l&#8217;Hip\u00e0tia van fer una ruta circular al voltant dels cingles de Bert\u00ed, amb sortida i arribada al santuari de Puiggraci\u00f3s. Al llarg de la ruta es va passar per llocs tan emblem\u00e0tics de la zona com ara el castell del Clascar, el llogarret de Sant Pere de Bert\u00ed, amb la seva esgl\u00e9sia rom\u00e0nica, i la Taula de Pedra, un magn\u00edfic mirador de tota la zona.<\/p>\n<p>La dist\u00e0ncia total van ser uns 8 km i escaig, amb un desnivell, tan positiu com negatiu, d&#8217;uns 400 m i una al\u00e7ada m\u00e0xima de 862 m. Per si alg\u00fa s&#8217;anima a fer-la us deixem el link de Wikiloc amb la descripci\u00f3 de la mateixa: <em>https:\/\/ca.wikiloc.com\/rutes-senderisme\/preparacio-sortida-3r-deso-86085365<\/em><\/p>\n\n\t\t<style type=\"text\/css\">\n\t\t\t#gallery-1 {\n\t\t\t\tmargin: auto;\n\t\t\t}\n\t\t\t#gallery-1 .gallery-item {\n\t\t\t\tfloat: left;\n\t\t\t\tmargin-top: 10px;\n\t\t\t\ttext-align: center;\n\t\t\t\twidth: 33%;\n\t\t\t}\n\t\t\t#gallery-1 img {\n\t\t\t\tborder: 2px solid #cfcfcf;\n\t\t\t}\n\t\t\t#gallery-1 .gallery-caption {\n\t\t\t\tmargin-left: 0;\n\t\t\t}\n\t\t\t\/* see gallery_shortcode() in wp-includes\/media.php *\/\n\t\t<\/style>\n\t\t<div id='gallery-1' class='gallery galleryid-12530 gallery-columns-3 gallery-size-large'><dl class='gallery-item'>\n\t\t\t<dt class='gallery-icon landscape'>\n\t\t\t\t<a href='https:\/\/agora.xtec.cat\/insllicamunt2\/no-classificat\/3r-eso-sortida-als-cingles-de-berti\/attachment\/3r_img-20211015-wa0014\/'><img loading=\"lazy\" decoding=\"async\" width=\"1024\" height=\"758\" src=\"https:\/\/agora.xtec.cat\/insllicamunt2\/wp-content\/uploads\/usu1100\/2021\/10\/3r_IMG-20211015-WA0014-1024x758.jpg\" class=\"attachment-large size-large\" alt=\"\" srcset=\"https:\/\/agora.xtec.cat\/insllicamunt2\/wp-content\/uploads\/usu1100\/2021\/10\/3r_IMG-20211015-WA0014-1024x758.jpg 1024w, https:\/\/agora.xtec.cat\/insllicamunt2\/wp-content\/uploads\/usu1100\/2021\/10\/3r_IMG-20211015-WA0014-300x222.jpg 300w, https:\/\/agora.xtec.cat\/insllicamunt2\/wp-content\/uploads\/usu1100\/2021\/10\/3r_IMG-20211015-WA0014-768x569.jpg 768w, https:\/\/agora.xtec.cat\/insllicamunt2\/wp-content\/uploads\/usu1100\/2021\/10\/3r_IMG-20211015-WA0014-1536x1138.jpg 1536w, https:\/\/agora.xtec.cat\/insllicamunt2\/wp-content\/uploads\/usu1100\/2021\/10\/3r_IMG-20211015-WA0014.jpg 1812w\" sizes=\"auto, (max-width: 1024px) 100vw, 1024px\" \/><\/a>\n\t\t\t<\/dt><\/dl><dl class='gallery-item'>\n\t\t\t<dt class='gallery-icon landscape'>\n\t\t\t\t<a href='https:\/\/agora.xtec.cat\/insllicamunt2\/no-classificat\/3r-eso-sortida-als-cingles-de-berti\/attachment\/3r_img-20211015-wa0016\/'><img loading=\"lazy\" decoding=\"async\" width=\"1024\" height=\"768\" src=\"https:\/\/agora.xtec.cat\/insllicamunt2\/wp-content\/uploads\/usu1100\/2021\/10\/3r_IMG-20211015-WA0016.jpg\" class=\"attachment-large size-large\" alt=\"\" srcset=\"https:\/\/agora.xtec.cat\/insllicamunt2\/wp-content\/uploads\/usu1100\/2021\/10\/3r_IMG-20211015-WA0016.jpg 1024w, https:\/\/agora.xtec.cat\/insllicamunt2\/wp-content\/uploads\/usu1100\/2021\/10\/3r_IMG-20211015-WA0016-300x225.jpg 300w, https:\/\/agora.xtec.cat\/insllicamunt2\/wp-content\/uploads\/usu1100\/2021\/10\/3r_IMG-20211015-WA0016-768x576.jpg 768w, https:\/\/agora.xtec.cat\/insllicamunt2\/wp-content\/uploads\/usu1100\/2021\/10\/3r_IMG-20211015-WA0016-200x150.jpg 200w\" sizes=\"auto, (max-width: 1024px) 100vw, 1024px\" \/><\/a>\n\t\t\t<\/dt><\/dl><dl class='gallery-item'>\n\t\t\t<dt class='gallery-icon landscape'>\n\t\t\t\t<a href='https:\/\/agora.xtec.cat\/insllicamunt2\/no-classificat\/3r-eso-sortida-als-cingles-de-berti\/attachment\/3r_img-20211015-wa0023\/'><img loading=\"lazy\" decoding=\"async\" width=\"857\" height=\"485\" src=\"https:\/\/agora.xtec.cat\/insllicamunt2\/wp-content\/uploads\/usu1100\/2021\/10\/3r_IMG-20211015-WA0023.jpg\" class=\"attachment-large size-large\" alt=\"\" srcset=\"https:\/\/agora.xtec.cat\/insllicamunt2\/wp-content\/uploads\/usu1100\/2021\/10\/3r_IMG-20211015-WA0023.jpg 857w, https:\/\/agora.xtec.cat\/insllicamunt2\/wp-content\/uploads\/usu1100\/2021\/10\/3r_IMG-20211015-WA0023-300x170.jpg 300w, https:\/\/agora.xtec.cat\/insllicamunt2\/wp-content\/uploads\/usu1100\/2021\/10\/3r_IMG-20211015-WA0023-768x435.jpg 768w\" sizes=\"auto, (max-width: 857px) 100vw, 857px\" \/><\/a>\n\t\t\t<\/dt><\/dl><br style=\"clear: both\" \/>\n\t\t<\/div>\n\n<p>&nbsp;<\/p>\n","protected":false},"excerpt":{"rendered":"<p>El passat divendres 15 d&#8217;octubre els i les alumnes i part del professorat de 3r ESO de l&#8217;Hip\u00e0tia van fer una ruta circular al voltant dels cingles de Bert\u00ed, amb sortida i arribada al santuari de Puiggraci\u00f3s. Al llarg de la ruta es va passar&hellip;  <a href=\"https:\/\/agora.xtec.cat\/insllicamunt2\/no-classificat\/3r-eso-sortida-als-cingles-de-berti\/\" title=\"Read 3r ESO &#8211; Sortida als Cingles de Bert\u00ed\">Llegeix m\u00e9s\u00bb<\/a><\/p>\n","protected":false},"author":1,"featured_media":12534,"comment_status":"open","ping_status":"closed","sticky":false,"template":"","format":"standard","meta":{"_bbp_topic_count":0,"_bbp_reply_count":0,"_bbp_total_topic_count":0,"_bbp_total_reply_count":0,"_bbp_voice_count":0,"_bbp_anonymous_reply_count":0,"_bbp_topic_count_hidden":0,"_bbp_reply_count_hidden":0,"_bbp_forum_subforum_count":0,"footnotes":""},"categories":[6,99,1040,1,98,29],"tags":[],"class_list":["post-12530","post","type-post","status-publish","format-standard","has-post-thumbnail","hentry","category-3r-deso","category-articles","category-el-far-dhipatia","category-no-classificat","category-noticies-breus","category-portada"],"post_mailing_queue_ids":[],"_links":{"self":[{"href":"https:\/\/agora.xtec.cat\/insllicamunt2\/wp-json\/wp\/v2\/posts\/12530","targetHints":{"allow":["GET"]}}],"collection":[{"href":"https:\/\/agora.xtec.cat\/insllicamunt2\/wp-json\/wp\/v2\/posts"}],"about":[{"href":"https:\/\/agora.xtec.cat\/insllicamunt2\/wp-json\/wp\/v2\/types\/post"}],"author":[{"embeddable":true,"href":"https:\/\/agora.xtec.cat\/insllicamunt2\/wp-json\/wp\/v2\/users\/1"}],"replies":[{"embeddable":true,"href":"https:\/\/agora.xtec.cat\/insllicamunt2\/wp-json\/wp\/v2\/comments?post=12530"}],"version-history":[{"count":2,"href":"https:\/\/agora.xtec.cat\/insllicamunt2\/wp-json\/wp\/v2\/posts\/12530\/revisions"}],"predecessor-version":[{"id":12535,"href":"https:\/\/agora.xtec.cat\/insllicamunt2\/wp-json\/wp\/v2\/posts\/12530\/revisions\/12535"}],"wp:featuredmedia":[{"embeddable":true,"href":"https:\/\/agora.xtec.cat\/insllicamunt2\/wp-json\/wp\/v2\/media\/12534"}],"wp:attachment":[{"href":"https:\/\/agora.xtec.cat\/insllicamunt2\/wp-json\/wp\/v2\/media?parent=12530"}],"wp:term":[{"taxonomy":"category","embeddable":true,"href":"https:\/\/agora.xtec.cat\/insllicamunt2\/wp-json\/wp\/v2\/categories?post=12530"},{"taxonomy":"post_tag","embeddable":true,"href":"https:\/\/agora.xtec.cat\/insllicamunt2\/wp-json\/wp\/v2\/tags?post=12530"}],"curies":[{"name":"wp","href":"https:\/\/api.w.org\/{rel}","templated":true}]}}