{"id":12329,"date":"2021-06-01T19:09:46","date_gmt":"2021-06-01T17:09:46","guid":{"rendered":"http:\/\/agora.xtec.cat\/insllicamunt2\/?p=12329"},"modified":"2021-06-03T12:26:56","modified_gmt":"2021-06-03T10:26:56","slug":"gr-dorientacio","status":"publish","type":"post","link":"https:\/\/agora.xtec.cat\/insllicamunt2\/el-far-dhipatia\/grups\/4t-deso\/gr-dorientacio\/","title":{"rendered":"GR d&#8217;Orientaci\u00f3"},"content":{"rendered":"<p dir=\"ltr\">Aquest tercer trimestre, des de l&#8217;\u00e0mbit ling\u00fc\u00edstic les professores de llengua hem proposat un projecte molt interessant\u00a0 d&#8217;orientaci\u00f3 professional als alumnes de 4t.\u00a0 L&#8217;hem treballat des de les assignatures de llengua castellana, catalana i anglesa i forma part del 3r any del projecte <a href=\"https:\/\/projectes.xtec.cat\/avancem\/el-projecte\/\">d&#8217;innovaci\u00f3 Avancem<\/a>, un projecte de pluriling\u00fcisme en qu\u00e8 t\u00e9 com a finalitat dotar el nostre alumnat d\u2019una compet\u00e8ncia pluriling\u00fce s\u00f2lida que afavoreixi\u00a0 el seu creixement acad\u00e8mic i posterior inserci\u00f3 laboral. D\u2019altra banda, fomenta un ensenyament de les lleng\u00fces competencial, que parteix del consens i la cooperaci\u00f3 entre el professorat de llengua i que promou el disseny de projectes d\u2019aula en qu\u00e8 participen diverses lleng\u00fces.<\/p>\n<p dir=\"ltr\">Per centralitzar-lo vam crear un sites on es recollia tota la informaci\u00f3 del projecte i un classroom on hem anat creant les tasques per als alumnes. Els eixos principals eren que els nostres alumnes aprenguessin a elaborar un curr\u00edculum, una carta de presentaci\u00f3, repostes a anuncis laborals i un videocurr\u00edculum. Tots ells utilitzant lleng\u00fces diferents i per acabar, la &#8220;cirereta&#8221; del projecte: la simulaci\u00f3 d&#8217;una entrevista de feina amb persones externes, en la qual calia emprar les tres lleng\u00fces i portar la documentaci\u00f3 realitzada.<\/p>\n<p dir=\"ltr\">Aix\u00ed doncs, el passat dijous 27 i el divendres 28 de maig es van realitzar les entrevistes de selecci\u00f3 de personal en 6 espais diferents del centre i del casal d&#8217;avis. Vam comptar amb la generosa participaci\u00f3 de seleccionadors molt professionals com l&#8217;\u00c0lex Pardo, en David Sanitjas, la F\u00e0tima Kall\u00f3n, la Maria, Larinto, l&#8217;Olga Carri\u00f3n, en Miquel N\u00fa\u00f1ez, l&#8217;Alba Farr\u00e9, la N\u00faria Mart\u00ednez i la Tatiana Bolancer. Moltes gr\u00e0cies a tots ells i tamb\u00e9 a l&#8217;Ajuntament de Lli\u00e7\u00e0, als Serveis Educatius del Vall\u00e8s Oriental i a la Mancomunitat de la Vall del Tenes. V\u00e0reu fer que tot rutll\u00e9s a la perfecci\u00f3 i que l&#8217;alumnat s&#8217;emport\u00e9s una experi\u00e8ncia enriquidora i alhora innolvidable.<\/p>\n<p dir=\"ltr\">Tot seguit unes mostres d&#8217;aquest Projecte anomenat: GR d&#8217;orientaci\u00f3.<\/p>\n\n\t\t<style type=\"text\/css\">\n\t\t\t#gallery-1 {\n\t\t\t\tmargin: auto;\n\t\t\t}\n\t\t\t#gallery-1 .gallery-item {\n\t\t\t\tfloat: left;\n\t\t\t\tmargin-top: 10px;\n\t\t\t\ttext-align: center;\n\t\t\t\twidth: 33%;\n\t\t\t}\n\t\t\t#gallery-1 img {\n\t\t\t\tborder: 2px solid #cfcfcf;\n\t\t\t}\n\t\t\t#gallery-1 .gallery-caption {\n\t\t\t\tmargin-left: 0;\n\t\t\t}\n\t\t\t\/* see gallery_shortcode() in wp-includes\/media.php *\/\n\t\t<\/style>\n\t\t<div id='gallery-1' class='gallery galleryid-12329 gallery-columns-3 gallery-size-thumbnail'><dl class='gallery-item'>\n\t\t\t<dt class='gallery-icon landscape'>\n\t\t\t\t<a href='https:\/\/agora.xtec.cat\/insllicamunt2\/el-far-dhipatia\/grups\/4t-deso\/gr-dorientacio\/attachment\/img_20210527_093006_opt-2\/'><img loading=\"lazy\" decoding=\"async\" width=\"150\" height=\"150\" src=\"https:\/\/agora.xtec.cat\/insllicamunt2\/wp-content\/uploads\/usu1100\/2021\/06\/IMG_20210527_093006_opt-1-150x150.jpg\" class=\"attachment-thumbnail size-thumbnail\" alt=\"\" \/><\/a>\n\t\t\t<\/dt><\/dl><dl class='gallery-item'>\n\t\t\t<dt class='gallery-icon landscape'>\n\t\t\t\t<a href='https:\/\/agora.xtec.cat\/insllicamunt2\/el-far-dhipatia\/grups\/4t-deso\/gr-dorientacio\/attachment\/img_20210527_092939_opt\/'><img loading=\"lazy\" decoding=\"async\" width=\"150\" height=\"150\" src=\"https:\/\/agora.xtec.cat\/insllicamunt2\/wp-content\/uploads\/usu1100\/2021\/06\/IMG_20210527_092939_opt-150x150.jpg\" class=\"attachment-thumbnail size-thumbnail\" alt=\"\" \/><\/a>\n\t\t\t<\/dt><\/dl><dl class='gallery-item'>\n\t\t\t<dt class='gallery-icon landscape'>\n\t\t\t\t<a href='https:\/\/agora.xtec.cat\/insllicamunt2\/el-far-dhipatia\/grups\/4t-deso\/gr-dorientacio\/attachment\/img_20210527_093024_opt\/'><img loading=\"lazy\" decoding=\"async\" width=\"150\" height=\"150\" src=\"https:\/\/agora.xtec.cat\/insllicamunt2\/wp-content\/uploads\/usu1100\/2021\/06\/IMG_20210527_093024_opt-150x150.jpg\" class=\"attachment-thumbnail size-thumbnail\" alt=\"\" \/><\/a>\n\t\t\t<\/dt><\/dl><br style=\"clear: both\" \/><dl class='gallery-item'>\n\t\t\t<dt class='gallery-icon landscape'>\n\t\t\t\t<a href='https:\/\/agora.xtec.cat\/insllicamunt2\/el-far-dhipatia\/grups\/4t-deso\/gr-dorientacio\/attachment\/img_20210527_094124_opt\/'><img loading=\"lazy\" decoding=\"async\" width=\"150\" height=\"150\" src=\"https:\/\/agora.xtec.cat\/insllicamunt2\/wp-content\/uploads\/usu1100\/2021\/06\/IMG_20210527_094124_opt-150x150.jpg\" class=\"attachment-thumbnail size-thumbnail\" alt=\"\" \/><\/a>\n\t\t\t<\/dt><\/dl>\n\t\t\t<br style='clear: both' \/>\n\t\t<\/div>\n\n<p dir=\"ltr\" style=\"text-align: justify;\">\n","protected":false},"excerpt":{"rendered":"<p>Aquest tercer trimestre, des de l&#8217;\u00e0mbit ling\u00fc\u00edstic les professores de llengua hem proposat un projecte molt interessant\u00a0 d&#8217;orientaci\u00f3 professional als alumnes de 4t.\u00a0 L&#8217;hem treballat des de les assignatures de llengua castellana, catalana i anglesa i forma part del 3r any del projecte d&#8217;innovaci\u00f3 Avancem, un projecte de pluriling\u00fcisme en qu\u00e8 t\u00e9 com a finalitat dotar el nostre alumnat d\u2019una compet\u00e8ncia pluriling\u00fce s\u00f2lida que afavoreixi\u00a0 el seu creixement acad\u00e8mic i posterior inserci\u00f3 laboral. &hellip;  <a href=\"https:\/\/agora.xtec.cat\/insllicamunt2\/el-far-dhipatia\/grups\/4t-deso\/gr-dorientacio\/\" title=\"Read GR d&#8217;Orientaci\u00f3\">Llegeix m\u00e9s\u00bb<\/a><\/p>\n","protected":false},"author":1,"featured_media":12335,"comment_status":"open","ping_status":"closed","sticky":false,"template":"","format":"standard","meta":{"_bbp_topic_count":0,"_bbp_reply_count":0,"_bbp_total_topic_count":0,"_bbp_total_reply_count":0,"_bbp_voice_count":0,"_bbp_anonymous_reply_count":0,"_bbp_topic_count_hidden":0,"_bbp_reply_count_hidden":0,"_bbp_forum_subforum_count":0,"footnotes":""},"categories":[7,350,348,349,98,29],"tags":[1844,1842,1843,1841],"class_list":["post-12329","post","type-post","status-publish","format-standard","has-post-thumbnail","hentry","category-4t-deso","category-angles","category-castella","category-catala","category-noticies-breus","category-portada","tag-gr-dorientacio","tag-projecte-avancem","tag-projecte-dorientacio","tag-projecte-innovacio"],"post_mailing_queue_ids":[],"_links":{"self":[{"href":"https:\/\/agora.xtec.cat\/insllicamunt2\/wp-json\/wp\/v2\/posts\/12329","targetHints":{"allow":["GET"]}}],"collection":[{"href":"https:\/\/agora.xtec.cat\/insllicamunt2\/wp-json\/wp\/v2\/posts"}],"about":[{"href":"https:\/\/agora.xtec.cat\/insllicamunt2\/wp-json\/wp\/v2\/types\/post"}],"author":[{"embeddable":true,"href":"https:\/\/agora.xtec.cat\/insllicamunt2\/wp-json\/wp\/v2\/users\/1"}],"replies":[{"embeddable":true,"href":"https:\/\/agora.xtec.cat\/insllicamunt2\/wp-json\/wp\/v2\/comments?post=12329"}],"version-history":[{"count":3,"href":"https:\/\/agora.xtec.cat\/insllicamunt2\/wp-json\/wp\/v2\/posts\/12329\/revisions"}],"predecessor-version":[{"id":12338,"href":"https:\/\/agora.xtec.cat\/insllicamunt2\/wp-json\/wp\/v2\/posts\/12329\/revisions\/12338"}],"wp:featuredmedia":[{"embeddable":true,"href":"https:\/\/agora.xtec.cat\/insllicamunt2\/wp-json\/wp\/v2\/media\/12335"}],"wp:attachment":[{"href":"https:\/\/agora.xtec.cat\/insllicamunt2\/wp-json\/wp\/v2\/media?parent=12329"}],"wp:term":[{"taxonomy":"category","embeddable":true,"href":"https:\/\/agora.xtec.cat\/insllicamunt2\/wp-json\/wp\/v2\/categories?post=12329"},{"taxonomy":"post_tag","embeddable":true,"href":"https:\/\/agora.xtec.cat\/insllicamunt2\/wp-json\/wp\/v2\/tags?post=12329"}],"curies":[{"name":"wp","href":"https:\/\/api.w.org\/{rel}","templated":true}]}}