{"id":12192,"date":"2021-05-10T12:16:23","date_gmt":"2021-05-10T10:16:23","guid":{"rendered":"http:\/\/agora.xtec.cat\/insllicamunt2\/?p=12192"},"modified":"2021-05-10T12:16:23","modified_gmt":"2021-05-10T10:16:23","slug":"concurs-que-es-per-a-tu-europa","status":"publish","type":"post","link":"https:\/\/agora.xtec.cat\/insllicamunt2\/el-far-dhipatia\/portada\/concurs-que-es-per-a-tu-europa\/","title":{"rendered":"Concurs &#8220;Qu\u00e8 \u00e9s per a tu Europa?&#8221;"},"content":{"rendered":"<p>Ahir, diumenge 9 de maig, es va celebrar el Dia d\u2019Europa, que commemora la declaraci\u00f3 que va realitzar l\u2019aleshores ministre franc\u00e8s d\u2019Afers Exteriors, Robert Schuman, el 1950, en qu\u00e8 va exposar la seva idea sobre una nova forma de cooperaci\u00f3 pol\u00edtica que fes impossible un nou conflicte b\u00e8l\u00b7lic entre les nacions europees. Un any despr\u00e9s es va signar el Tractat pel qual es creava la dita instituci\u00f3 i que es considera l\u2019inici del que \u00e9s avui la Uni\u00f3 Europea.<\/p>\n<p>Els nostres alumnes de 3r d\u2019ESO cursen la mat\u00e8ria Projecte Europa que t\u00e9 com a objectiu acostar la realitat europa des d\u2019un punt de vista pol\u00edtic, cultural i ling\u00fc\u00edstic. El Projecte Europa engloba tamb\u00e9 el viatge de 3r, anomenat Experi\u00e8ncia europea, per\u00f2 que malauradament enguany no s\u2019ha pogut portar a terme a causa de les circumst\u00e0ncies actuals de pand\u00e8mia.<\/p>\n<p>Uns quants alumnes s\u2019hi han sumat tot participant en el concurs <a href=\"https:\/\/www.catalunyaeuropa.net\/ca\/articles\/89\/premi-qu%C3%A8-%C3%A9s-per-a-tu-europa.html\">\u00abQu\u00e8 \u00e9s per a tu Europa?\u00bb<\/a> convocat per la Fundaci\u00f3 Catalunya Europa i que consta de dues categories, fotografia i v\u00eddeo.<\/p>\n<p>Desitgem molta sort a l\u2019Oriol, l\u2019Adri\u00e0, en Nico i en Max pel v\u00eddeo presentat i tamb\u00e9 molta sort a l\u2019Andrea i la Teresa per les fotos.<\/p>\n<p>&nbsp;<\/p>\n<p style=\"text-align: center;\"><iframe loading=\"lazy\" src=\"https:\/\/www.youtube.com\/embed\/GeKataB3TL4\" width=\"560\" height=\"315\" frameborder=\"0\"><\/iframe><\/p>\n<p>&nbsp;<\/p>\n\n\t\t<style type=\"text\/css\">\n\t\t\t#gallery-1 {\n\t\t\t\tmargin: auto;\n\t\t\t}\n\t\t\t#gallery-1 .gallery-item {\n\t\t\t\tfloat: left;\n\t\t\t\tmargin-top: 10px;\n\t\t\t\ttext-align: center;\n\t\t\t\twidth: 50%;\n\t\t\t}\n\t\t\t#gallery-1 img {\n\t\t\t\tborder: 2px solid #cfcfcf;\n\t\t\t}\n\t\t\t#gallery-1 .gallery-caption {\n\t\t\t\tmargin-left: 0;\n\t\t\t}\n\t\t\t\/* see gallery_shortcode() in wp-includes\/media.php *\/\n\t\t<\/style>\n\t\t<div id='gallery-1' class='gallery galleryid-12192 gallery-columns-2 gallery-size-medium'><dl class='gallery-item'>\n\t\t\t<dt class='gallery-icon portrait'>\n\t\t\t\t<a href='https:\/\/agora.xtec.cat\/insllicamunt2\/el-far-dhipatia\/portada\/concurs-que-es-per-a-tu-europa\/attachment\/pe-2\/'><img loading=\"lazy\" decoding=\"async\" width=\"208\" height=\"300\" src=\"https:\/\/agora.xtec.cat\/insllicamunt2\/wp-content\/uploads\/usu1100\/2021\/05\/PE-2-208x300.jpg\" class=\"attachment-medium size-medium\" alt=\"\" srcset=\"https:\/\/agora.xtec.cat\/insllicamunt2\/wp-content\/uploads\/usu1100\/2021\/05\/PE-2-208x300.jpg 208w, https:\/\/agora.xtec.cat\/insllicamunt2\/wp-content\/uploads\/usu1100\/2021\/05\/PE-2-768x1106.jpg 768w, https:\/\/agora.xtec.cat\/insllicamunt2\/wp-content\/uploads\/usu1100\/2021\/05\/PE-2-711x1024.jpg 711w\" sizes=\"auto, (max-width: 208px) 100vw, 208px\" \/><\/a>\n\t\t\t<\/dt><\/dl><dl class='gallery-item'>\n\t\t\t<dt class='gallery-icon landscape'>\n\t\t\t\t<a href='https:\/\/agora.xtec.cat\/insllicamunt2\/el-far-dhipatia\/portada\/concurs-que-es-per-a-tu-europa\/attachment\/pe-1\/'><img loading=\"lazy\" decoding=\"async\" width=\"300\" height=\"217\" src=\"https:\/\/agora.xtec.cat\/insllicamunt2\/wp-content\/uploads\/usu1100\/2021\/05\/PE-1-300x217.jpg\" class=\"attachment-medium size-medium\" alt=\"\" srcset=\"https:\/\/agora.xtec.cat\/insllicamunt2\/wp-content\/uploads\/usu1100\/2021\/05\/PE-1-300x217.jpg 300w, https:\/\/agora.xtec.cat\/insllicamunt2\/wp-content\/uploads\/usu1100\/2021\/05\/PE-1-768x555.jpg 768w, https:\/\/agora.xtec.cat\/insllicamunt2\/wp-content\/uploads\/usu1100\/2021\/05\/PE-1-1024x740.jpg 1024w\" sizes=\"auto, (max-width: 300px) 100vw, 300px\" \/><\/a>\n\t\t\t<\/dt><\/dl><br style=\"clear: both\" \/>\n\t\t<\/div>\n\n","protected":false},"excerpt":{"rendered":"<p>Ahir, diumenge 9 de maig, es va celebrar el Dia d\u2019Europa, que commemora la declaraci\u00f3 que va realitzar l\u2019aleshores ministre franc\u00e8s d\u2019Afers Exteriors, Robert Schuman, el 1950, en qu\u00e8 va exposar la seva idea sobre una nova forma de cooperaci\u00f3 pol\u00edtica que fes impossible un&hellip;  <a href=\"https:\/\/agora.xtec.cat\/insllicamunt2\/el-far-dhipatia\/portada\/concurs-que-es-per-a-tu-europa\/\" title=\"Read Concurs &#8220;Qu\u00e8 \u00e9s per a tu Europa?&#8221;\">Llegeix m\u00e9s\u00bb<\/a><\/p>\n","protected":false},"author":1,"featured_media":12194,"comment_status":"open","ping_status":"closed","sticky":false,"template":"","format":"standard","meta":{"_bbp_topic_count":0,"_bbp_reply_count":0,"_bbp_total_topic_count":0,"_bbp_total_reply_count":0,"_bbp_voice_count":0,"_bbp_anonymous_reply_count":0,"_bbp_topic_count_hidden":0,"_bbp_reply_count_hidden":0,"_bbp_forum_subforum_count":0,"footnotes":""},"categories":[1040,29],"tags":[1834],"class_list":["post-12192","post","type-post","status-publish","format-standard","has-post-thumbnail","hentry","category-el-far-dhipatia","category-portada","tag-projecteeuropa"],"post_mailing_queue_ids":[],"_links":{"self":[{"href":"https:\/\/agora.xtec.cat\/insllicamunt2\/wp-json\/wp\/v2\/posts\/12192","targetHints":{"allow":["GET"]}}],"collection":[{"href":"https:\/\/agora.xtec.cat\/insllicamunt2\/wp-json\/wp\/v2\/posts"}],"about":[{"href":"https:\/\/agora.xtec.cat\/insllicamunt2\/wp-json\/wp\/v2\/types\/post"}],"author":[{"embeddable":true,"href":"https:\/\/agora.xtec.cat\/insllicamunt2\/wp-json\/wp\/v2\/users\/1"}],"replies":[{"embeddable":true,"href":"https:\/\/agora.xtec.cat\/insllicamunt2\/wp-json\/wp\/v2\/comments?post=12192"}],"version-history":[{"count":1,"href":"https:\/\/agora.xtec.cat\/insllicamunt2\/wp-json\/wp\/v2\/posts\/12192\/revisions"}],"predecessor-version":[{"id":12195,"href":"https:\/\/agora.xtec.cat\/insllicamunt2\/wp-json\/wp\/v2\/posts\/12192\/revisions\/12195"}],"wp:featuredmedia":[{"embeddable":true,"href":"https:\/\/agora.xtec.cat\/insllicamunt2\/wp-json\/wp\/v2\/media\/12194"}],"wp:attachment":[{"href":"https:\/\/agora.xtec.cat\/insllicamunt2\/wp-json\/wp\/v2\/media?parent=12192"}],"wp:term":[{"taxonomy":"category","embeddable":true,"href":"https:\/\/agora.xtec.cat\/insllicamunt2\/wp-json\/wp\/v2\/categories?post=12192"},{"taxonomy":"post_tag","embeddable":true,"href":"https:\/\/agora.xtec.cat\/insllicamunt2\/wp-json\/wp\/v2\/tags?post=12192"}],"curies":[{"name":"wp","href":"https:\/\/api.w.org\/{rel}","templated":true}]}}