{"id":12074,"date":"2021-03-28T10:30:12","date_gmt":"2021-03-28T08:30:12","guid":{"rendered":"http:\/\/agora.xtec.cat\/insllicamunt2\/?p=12074"},"modified":"2021-04-09T12:36:28","modified_gmt":"2021-04-09T10:36:28","slug":"olimpiada-atletica-a-3r-deso","status":"publish","type":"post","link":"https:\/\/agora.xtec.cat\/insllicamunt2\/no-classificat\/olimpiada-atletica-a-3r-deso\/","title":{"rendered":"Olimp\u00edada atl\u00e8tica a 3r d&#8217;ESO"},"content":{"rendered":"<p><span style=\"font-weight: 400;\">L&#8217;Olimp\u00edada atl\u00e8tica de 2n i 4t ESO \u00e9s un projecte que fa cursos celebrem a les Pistes d&#8217;atletisme de Parets del Vall\u00e8s.<\/span><\/p>\n<p><span style=\"font-weight: 400;\">A 3r ESO, degut al confinament del 2020, es va quedar sense poder vivenciar aquesta bonica experi\u00e8ncia, \u00e9s per aix\u00f2 que aquest 2021, hem pensat que els nois i noies de 3r ESO mereixien tamb\u00e9 poder experimentar l&#8217;atletisme i competir en algunes de les 8 proves dins la modalitat cursa, salt i llan\u00e7aments.<\/span><\/p>\n<p>&nbsp;<\/p>\n<p><span style=\"font-weight: 400;\">Divendres 26 de mar\u00e7, la jornada atl\u00e8tica va anar d&#8217;all\u00f2 m\u00e9s b\u00e9. Tots emocionats i amb ganes v\u00e0rem portar a la pr\u00e0ctica la I Olimp\u00edada 3r ESO on les marques i registres van estar amb molt bon nivell. Entrenadors del Club d&#8217;atletisme Parets, que sempre ens ajuden en tota la organitzaci\u00f3, varen apreciar l&#8217;entrega i esfor\u00e7 de tot l&#8217;alumnat incentivant aquest esport com a opci\u00f3 extraescolar i convidant-nos a entrenar per les tardes si aix\u00ed ho desitgen.<\/span><\/p>\n<p>&nbsp;<\/p>\n<p><span style=\"font-weight: 400;\">Cal destacar dins l&#8217;equip femen\u00ed a Nadia Aza\u00f1on i Andrea Mart\u00edn en les proves de velocitat i tanques, Eli Fructuoso i Claudia Cosano que van fer doblet en els p\u00f2diums de llan\u00e7aments i Marta Escalona i Nadia Aza\u00f1\u00f3n com a saltadores. Pel que fa als nois, fer refer\u00e8ncia a Izan Jim\u00e9nez i Aaron Zamora com als m\u00e9s r\u00e0pids en el 80m.ll i 60m.t, Marc Bosch i Alejandro Esquerra com a llan\u00e7adors en les proves de pes i V\u00f2rtex i Fran Blanco i altra cop Marc Bosch en els salts de llargada i al\u00e7ada respectivament.<\/span><\/p>\n<p>&nbsp;<\/p>\n<p><span style=\"font-weight: 400;\">Agrair l&#8217;esfor\u00e7 i entrega d&#8217;alumnat, tutors i tutora dels 3 grups de 3r ESO, alumnat STAFF i entrenadors del Club d&#8217;Atletisme de Parets del Vall\u00e8s, Institut Hip\u00e0tia d&#8217;Alexandria i Ajuntament de Parets del Vall\u00e8s que un any m\u00e9s, ens deixen les seves pistes i ens conviden a con\u00e8ixer millor aquest apassionant esport que ajuda a mantenir la salut i l&#8217;educaci\u00f3 de tots a partir d&#8217;aquest bonic projecte educatiu.<\/span><\/p>\n<p>&nbsp;<\/p>\n<p><span style=\"font-weight: 400;\">Adjuntem algunes fotos de la jornada i els resultats dels millors registres de 3r i 4t ESO.<\/span><\/p>\n<p>&nbsp;<\/p>\n<p><span style=\"font-weight: 400;\">\u00c0mbit Educaci\u00f3 F\u00edsica<\/span><\/p>\n<p>&nbsp;<\/p>\n\n\t\t<style type=\"text\/css\">\n\t\t\t#gallery-1 {\n\t\t\t\tmargin: auto;\n\t\t\t}\n\t\t\t#gallery-1 .gallery-item {\n\t\t\t\tfloat: left;\n\t\t\t\tmargin-top: 10px;\n\t\t\t\ttext-align: center;\n\t\t\t\twidth: 33%;\n\t\t\t}\n\t\t\t#gallery-1 img {\n\t\t\t\tborder: 2px solid #cfcfcf;\n\t\t\t}\n\t\t\t#gallery-1 .gallery-caption {\n\t\t\t\tmargin-left: 0;\n\t\t\t}\n\t\t\t\/* see gallery_shortcode() in wp-includes\/media.php *\/\n\t\t<\/style>\n\t\t<div id='gallery-1' class='gallery galleryid-12074 gallery-columns-3 gallery-size-thumbnail'><dl class='gallery-item'>\n\t\t\t<dt class='gallery-icon landscape'>\n\t\t\t\t<a href='https:\/\/agora.xtec.cat\/insllicamunt2\/no-classificat\/olimpiada-atletica-a-3r-deso\/attachment\/img_1578-min\/'><img loading=\"lazy\" decoding=\"async\" width=\"150\" height=\"150\" src=\"https:\/\/agora.xtec.cat\/insllicamunt2\/wp-content\/uploads\/usu1100\/2021\/04\/IMG_1578-min-150x150.jpg\" class=\"attachment-thumbnail size-thumbnail\" alt=\"\" \/><\/a>\n\t\t\t<\/dt><\/dl><dl class='gallery-item'>\n\t\t\t<dt class='gallery-icon landscape'>\n\t\t\t\t<a href='https:\/\/agora.xtec.cat\/insllicamunt2\/no-classificat\/olimpiada-atletica-a-3r-deso\/attachment\/img_1588-1-min\/'><img loading=\"lazy\" decoding=\"async\" width=\"150\" height=\"150\" src=\"https:\/\/agora.xtec.cat\/insllicamunt2\/wp-content\/uploads\/usu1100\/2021\/04\/IMG_1588-1-min-150x150.jpg\" class=\"attachment-thumbnail size-thumbnail\" alt=\"\" \/><\/a>\n\t\t\t<\/dt><\/dl><dl class='gallery-item'>\n\t\t\t<dt class='gallery-icon landscape'>\n\t\t\t\t<a href='https:\/\/agora.xtec.cat\/insllicamunt2\/no-classificat\/olimpiada-atletica-a-3r-deso\/attachment\/img_1832-min\/'><img loading=\"lazy\" decoding=\"async\" width=\"150\" height=\"150\" src=\"https:\/\/agora.xtec.cat\/insllicamunt2\/wp-content\/uploads\/usu1100\/2021\/04\/IMG_1832-min-150x150.jpg\" class=\"attachment-thumbnail size-thumbnail\" alt=\"\" \/><\/a>\n\t\t\t<\/dt><\/dl><br style=\"clear: both\" \/><dl class='gallery-item'>\n\t\t\t<dt class='gallery-icon landscape'>\n\t\t\t\t<a href='https:\/\/agora.xtec.cat\/insllicamunt2\/no-classificat\/olimpiada-atletica-a-3r-deso\/attachment\/img_1889-min\/'><img loading=\"lazy\" decoding=\"async\" width=\"150\" height=\"150\" src=\"https:\/\/agora.xtec.cat\/insllicamunt2\/wp-content\/uploads\/usu1100\/2021\/04\/IMG_1889-min-150x150.jpg\" class=\"attachment-thumbnail size-thumbnail\" alt=\"\" \/><\/a>\n\t\t\t<\/dt><\/dl><dl class='gallery-item'>\n\t\t\t<dt class='gallery-icon landscape'>\n\t\t\t\t<a href='https:\/\/agora.xtec.cat\/insllicamunt2\/no-classificat\/olimpiada-atletica-a-3r-deso\/attachment\/img-20210326-wa0035-min\/'><img loading=\"lazy\" decoding=\"async\" width=\"150\" height=\"150\" src=\"https:\/\/agora.xtec.cat\/insllicamunt2\/wp-content\/uploads\/usu1100\/2021\/04\/IMG-20210326-WA0035-min-150x150.jpg\" class=\"attachment-thumbnail size-thumbnail\" alt=\"\" \/><\/a>\n\t\t\t<\/dt><\/dl><dl class='gallery-item'>\n\t\t\t<dt class='gallery-icon landscape'>\n\t\t\t\t<a href='https:\/\/agora.xtec.cat\/insllicamunt2\/no-classificat\/olimpiada-atletica-a-3r-deso\/attachment\/img-20210326-wa0043-min\/'><img loading=\"lazy\" decoding=\"async\" width=\"150\" height=\"150\" src=\"https:\/\/agora.xtec.cat\/insllicamunt2\/wp-content\/uploads\/usu1100\/2021\/04\/IMG-20210326-WA0043-min-150x150.jpg\" class=\"attachment-thumbnail size-thumbnail\" alt=\"\" \/><\/a>\n\t\t\t<\/dt><\/dl><br style=\"clear: both\" \/><dl class='gallery-item'>\n\t\t\t<dt class='gallery-icon landscape'>\n\t\t\t\t<a href='https:\/\/agora.xtec.cat\/insllicamunt2\/no-classificat\/olimpiada-atletica-a-3r-deso\/attachment\/img_20210326_133840-min\/'><img loading=\"lazy\" decoding=\"async\" width=\"150\" height=\"150\" src=\"https:\/\/agora.xtec.cat\/insllicamunt2\/wp-content\/uploads\/usu1100\/2021\/04\/IMG_20210326_133840-min-150x150.jpg\" class=\"attachment-thumbnail size-thumbnail\" alt=\"\" \/><\/a>\n\t\t\t<\/dt><\/dl><dl class='gallery-item'>\n\t\t\t<dt class='gallery-icon landscape'>\n\t\t\t\t<a href='https:\/\/agora.xtec.cat\/insllicamunt2\/no-classificat\/olimpiada-atletica-a-3r-deso\/attachment\/img_20210326_183733\/'><img loading=\"lazy\" decoding=\"async\" width=\"150\" height=\"150\" src=\"https:\/\/agora.xtec.cat\/insllicamunt2\/wp-content\/uploads\/usu1100\/2021\/04\/IMG_20210326_183733-150x150.jpg\" class=\"attachment-thumbnail size-thumbnail\" alt=\"\" \/><\/a>\n\t\t\t<\/dt><\/dl><dl class='gallery-item'>\n\t\t\t<dt class='gallery-icon landscape'>\n\t\t\t\t<a href='https:\/\/agora.xtec.cat\/insllicamunt2\/no-classificat\/olimpiada-atletica-a-3r-deso\/attachment\/captura-de-pantalla-1\/'><img loading=\"lazy\" decoding=\"async\" width=\"150\" height=\"150\" src=\"https:\/\/agora.xtec.cat\/insllicamunt2\/wp-content\/uploads\/usu1100\/2021\/04\/Captura-de-pantalla-1-150x150.png\" class=\"attachment-thumbnail size-thumbnail\" alt=\"\" \/><\/a>\n\t\t\t<\/dt><\/dl><br style=\"clear: both\" \/><dl class='gallery-item'>\n\t\t\t<dt class='gallery-icon landscape'>\n\t\t\t\t<a href='https:\/\/agora.xtec.cat\/insllicamunt2\/no-classificat\/olimpiada-atletica-a-3r-deso\/attachment\/captura-de-pantalla-2\/'><img loading=\"lazy\" decoding=\"async\" width=\"150\" height=\"150\" src=\"https:\/\/agora.xtec.cat\/insllicamunt2\/wp-content\/uploads\/usu1100\/2021\/04\/Captura-de-pantalla-2-150x150.png\" class=\"attachment-thumbnail size-thumbnail\" alt=\"\" \/><\/a>\n\t\t\t<\/dt><\/dl><dl class='gallery-item'>\n\t\t\t<dt class='gallery-icon landscape'>\n\t\t\t\t<a href='https:\/\/agora.xtec.cat\/insllicamunt2\/no-classificat\/olimpiada-atletica-a-3r-deso\/attachment\/captura-de-pantalla-3\/'><img loading=\"lazy\" decoding=\"async\" width=\"150\" height=\"150\" src=\"https:\/\/agora.xtec.cat\/insllicamunt2\/wp-content\/uploads\/usu1100\/2021\/04\/Captura-de-pantalla-3-150x150.png\" class=\"attachment-thumbnail size-thumbnail\" alt=\"\" \/><\/a>\n\t\t\t<\/dt><\/dl>\n\t\t\t<br style='clear: both' \/>\n\t\t<\/div>\n\n<p>&nbsp;<\/p>\n","protected":false},"excerpt":{"rendered":"<p>A 3r ESO, degut al confinament del 2020, es va quedar sense poder vivenciar aquesta bonica experi\u00e8ncia, \u00e9s per aix\u00f2 que aquest 2021, hem pensat que els nois i noies de 3r ESO mereixien tamb\u00e9 poder experimentar l&#8217;atletisme i competir en algunes de les 8 proves dins la modalitat cursa, salt i llan\u00e7aments.&hellip;  <a href=\"https:\/\/agora.xtec.cat\/insllicamunt2\/no-classificat\/olimpiada-atletica-a-3r-deso\/\" title=\"Read Olimp\u00edada atl\u00e8tica a 3r d&#8217;ESO\">Llegeix m\u00e9s\u00bb<\/a><\/p>\n","protected":false},"author":1,"featured_media":12080,"comment_status":"open","ping_status":"closed","sticky":false,"template":"","format":"standard","meta":{"_bbp_topic_count":0,"_bbp_reply_count":0,"_bbp_total_topic_count":0,"_bbp_total_reply_count":0,"_bbp_voice_count":0,"_bbp_anonymous_reply_count":0,"_bbp_topic_count_hidden":0,"_bbp_reply_count_hidden":0,"_bbp_forum_subforum_count":0,"footnotes":""},"categories":[6,94,99,352,1,98,29],"tags":[1692,578,189],"class_list":["post-12074","post","type-post","status-publish","format-standard","has-post-thumbnail","hentry","category-3r-deso","category-activitats-fora-del-centre","category-articles","category-educacio-fisica","category-no-classificat","category-noticies-breus","category-portada","tag-3r-eso","tag-educacio-fisica","tag-olimpiada-atletica"],"post_mailing_queue_ids":[],"_links":{"self":[{"href":"https:\/\/agora.xtec.cat\/insllicamunt2\/wp-json\/wp\/v2\/posts\/12074","targetHints":{"allow":["GET"]}}],"collection":[{"href":"https:\/\/agora.xtec.cat\/insllicamunt2\/wp-json\/wp\/v2\/posts"}],"about":[{"href":"https:\/\/agora.xtec.cat\/insllicamunt2\/wp-json\/wp\/v2\/types\/post"}],"author":[{"embeddable":true,"href":"https:\/\/agora.xtec.cat\/insllicamunt2\/wp-json\/wp\/v2\/users\/1"}],"replies":[{"embeddable":true,"href":"https:\/\/agora.xtec.cat\/insllicamunt2\/wp-json\/wp\/v2\/comments?post=12074"}],"version-history":[{"count":1,"href":"https:\/\/agora.xtec.cat\/insllicamunt2\/wp-json\/wp\/v2\/posts\/12074\/revisions"}],"predecessor-version":[{"id":12086,"href":"https:\/\/agora.xtec.cat\/insllicamunt2\/wp-json\/wp\/v2\/posts\/12074\/revisions\/12086"}],"wp:featuredmedia":[{"embeddable":true,"href":"https:\/\/agora.xtec.cat\/insllicamunt2\/wp-json\/wp\/v2\/media\/12080"}],"wp:attachment":[{"href":"https:\/\/agora.xtec.cat\/insllicamunt2\/wp-json\/wp\/v2\/media?parent=12074"}],"wp:term":[{"taxonomy":"category","embeddable":true,"href":"https:\/\/agora.xtec.cat\/insllicamunt2\/wp-json\/wp\/v2\/categories?post=12074"},{"taxonomy":"post_tag","embeddable":true,"href":"https:\/\/agora.xtec.cat\/insllicamunt2\/wp-json\/wp\/v2\/tags?post=12074"}],"curies":[{"name":"wp","href":"https:\/\/api.w.org\/{rel}","templated":true}]}}