{"id":12008,"date":"2021-03-18T19:57:41","date_gmt":"2021-03-18T18:57:41","guid":{"rendered":"http:\/\/agora.xtec.cat\/insllicamunt2\/?p=12008"},"modified":"2021-03-19T08:31:47","modified_gmt":"2021-03-19T07:31:47","slug":"xerrada-dexalumnes-hipatians-a-4t-deso","status":"publish","type":"post","link":"https:\/\/agora.xtec.cat\/insllicamunt2\/el-far-dhipatia\/grups\/xerrada-dexalumnes-hipatians-a-4t-deso\/","title":{"rendered":"Xerrada d&#8217;exalumnes hipatians a 4t d&#8217;ESO."},"content":{"rendered":"<p style=\"text-align: justify;\">Els alumnes de 4t es troben ja a la recta final de l&#8217;ESO. Aviat els tocar\u00e0 graduar-se i han de decidir quin cam\u00ed voldran emprendre a partir de llavors. \u00c9s una tasca dif\u00edcil i molts tenen por. \u00c9s normal i no passa res. Per aquest motiu tot el segon trimestre mitjan\u00e7ant les tutories els acompanyem en aquest proc\u00e9s d&#8217;elecci\u00f3. A la tutoria d&#8217;aquesta setmana v\u00e0rem poder comptar amb la visita de 5 exalumnes del centre: la Jana, el Dani, el David, l&#8217;Ester i la S\u00f2nia. Tres d&#8217;ells actualment estan acabant batxillerat ( cient\u00edfic-tecnol\u00f2gic i human\u00edstic) i dos estan cursant un cicle de disseny. Van fer una xerrada molt propera i sincera explicant la seva experi\u00e8ncia i resolent els dubtes que anaven sorgint al nostre alumnat. Va estar molt interessant i agradable. Moltes gr\u00e0cies de cor per compartir el vostre temps amb nosaltres. Que tingueu molts encerts , molta sort i sigueu feli\u00e7os!!<\/p>\n\n\t\t<style type=\"text\/css\">\n\t\t\t#gallery-1 {\n\t\t\t\tmargin: auto;\n\t\t\t}\n\t\t\t#gallery-1 .gallery-item {\n\t\t\t\tfloat: left;\n\t\t\t\tmargin-top: 10px;\n\t\t\t\ttext-align: center;\n\t\t\t\twidth: 33%;\n\t\t\t}\n\t\t\t#gallery-1 img {\n\t\t\t\tborder: 2px solid #cfcfcf;\n\t\t\t}\n\t\t\t#gallery-1 .gallery-caption {\n\t\t\t\tmargin-left: 0;\n\t\t\t}\n\t\t\t\/* see gallery_shortcode() in wp-includes\/media.php *\/\n\t\t<\/style>\n\t\t<div id='gallery-1' class='gallery galleryid-12008 gallery-columns-3 gallery-size-thumbnail'><dl class='gallery-item'>\n\t\t\t<dt class='gallery-icon landscape'>\n\t\t\t\t<a href='https:\/\/agora.xtec.cat\/insllicamunt2\/el-far-dhipatia\/grups\/xerrada-dexalumnes-hipatians-a-4t-deso\/attachment\/img-20210317-wa0001\/'><img loading=\"lazy\" decoding=\"async\" width=\"150\" height=\"150\" src=\"https:\/\/agora.xtec.cat\/insllicamunt2\/wp-content\/uploads\/usu1100\/2021\/03\/IMG-20210317-WA0001-150x150.jpg\" class=\"attachment-thumbnail size-thumbnail\" alt=\"\" \/><\/a>\n\t\t\t<\/dt><\/dl><dl class='gallery-item'>\n\t\t\t<dt class='gallery-icon landscape'>\n\t\t\t\t<a href='https:\/\/agora.xtec.cat\/insllicamunt2\/no-classificat\/celebrem-el-dia-%cf%80\/attachment\/img-20210317-wa0002-min\/'><img loading=\"lazy\" decoding=\"async\" width=\"150\" height=\"150\" src=\"https:\/\/agora.xtec.cat\/insllicamunt2\/wp-content\/uploads\/usu1100\/2021\/03\/IMG-20210317-WA0002-min-150x150.jpg\" class=\"attachment-thumbnail size-thumbnail\" alt=\"\" \/><\/a>\n\t\t\t<\/dt><\/dl><dl class='gallery-item'>\n\t\t\t<dt class='gallery-icon landscape'>\n\t\t\t\t<a href='https:\/\/agora.xtec.cat\/insllicamunt2\/no-classificat\/celebrem-el-dia-%cf%80\/attachment\/img-20210317-wa0003\/'><img loading=\"lazy\" decoding=\"async\" width=\"150\" height=\"150\" src=\"https:\/\/agora.xtec.cat\/insllicamunt2\/wp-content\/uploads\/usu1100\/2021\/03\/IMG-20210317-WA0003-150x150.jpg\" class=\"attachment-thumbnail size-thumbnail\" alt=\"\" \/><\/a>\n\t\t\t<\/dt><\/dl><br style=\"clear: both\" \/>\n\t\t<\/div>\n\n<p>&nbsp;<\/p>\n<p>&nbsp;<\/p>\n","protected":false},"excerpt":{"rendered":"<p>A la tutoria d&#8217;aquesta setmana v\u00e0rem poder comptar amb la visita de 5 exalumnes del centre: la Jana, el Dani, el David, l&#8217;Ester i la S\u00f2nia. &hellip;  <a href=\"https:\/\/agora.xtec.cat\/insllicamunt2\/el-far-dhipatia\/grups\/xerrada-dexalumnes-hipatians-a-4t-deso\/\" title=\"Read Xerrada d&#8217;exalumnes hipatians a 4t d&#8217;ESO.\">Llegeix m\u00e9s\u00bb<\/a><\/p>\n","protected":false},"author":1,"featured_media":12009,"comment_status":"open","ping_status":"closed","sticky":false,"template":"","format":"standard","meta":{"_bbp_topic_count":0,"_bbp_reply_count":0,"_bbp_total_topic_count":0,"_bbp_total_reply_count":0,"_bbp_voice_count":0,"_bbp_anonymous_reply_count":0,"_bbp_topic_count_hidden":0,"_bbp_reply_count_hidden":0,"_bbp_forum_subforum_count":0,"footnotes":""},"categories":[7,99,3,98,29,361],"tags":[937,1825,1826],"class_list":["post-12008","post","type-post","status-publish","format-standard","has-post-thumbnail","hentry","category-4t-deso","category-articles","category-grups","category-noticies-breus","category-portada","category-tutoria","tag-4t-eso","tag-orientacio","tag-xerrada-exalumnes"],"post_mailing_queue_ids":[],"_links":{"self":[{"href":"https:\/\/agora.xtec.cat\/insllicamunt2\/wp-json\/wp\/v2\/posts\/12008","targetHints":{"allow":["GET"]}}],"collection":[{"href":"https:\/\/agora.xtec.cat\/insllicamunt2\/wp-json\/wp\/v2\/posts"}],"about":[{"href":"https:\/\/agora.xtec.cat\/insllicamunt2\/wp-json\/wp\/v2\/types\/post"}],"author":[{"embeddable":true,"href":"https:\/\/agora.xtec.cat\/insllicamunt2\/wp-json\/wp\/v2\/users\/1"}],"replies":[{"embeddable":true,"href":"https:\/\/agora.xtec.cat\/insllicamunt2\/wp-json\/wp\/v2\/comments?post=12008"}],"version-history":[{"count":2,"href":"https:\/\/agora.xtec.cat\/insllicamunt2\/wp-json\/wp\/v2\/posts\/12008\/revisions"}],"predecessor-version":[{"id":12012,"href":"https:\/\/agora.xtec.cat\/insllicamunt2\/wp-json\/wp\/v2\/posts\/12008\/revisions\/12012"}],"wp:featuredmedia":[{"embeddable":true,"href":"https:\/\/agora.xtec.cat\/insllicamunt2\/wp-json\/wp\/v2\/media\/12009"}],"wp:attachment":[{"href":"https:\/\/agora.xtec.cat\/insllicamunt2\/wp-json\/wp\/v2\/media?parent=12008"}],"wp:term":[{"taxonomy":"category","embeddable":true,"href":"https:\/\/agora.xtec.cat\/insllicamunt2\/wp-json\/wp\/v2\/categories?post=12008"},{"taxonomy":"post_tag","embeddable":true,"href":"https:\/\/agora.xtec.cat\/insllicamunt2\/wp-json\/wp\/v2\/tags?post=12008"}],"curies":[{"name":"wp","href":"https:\/\/api.w.org\/{rel}","templated":true}]}}