{"id":11979,"date":"2021-03-19T17:22:49","date_gmt":"2021-03-19T16:22:49","guid":{"rendered":"http:\/\/agora.xtec.cat\/insllicamunt2\/?p=11979"},"modified":"2021-03-22T10:33:56","modified_gmt":"2021-03-22T09:33:56","slug":"celebrem-el-dia-%cf%80","status":"publish","type":"post","link":"https:\/\/agora.xtec.cat\/insllicamunt2\/no-classificat\/celebrem-el-dia-%cf%80\/","title":{"rendered":"Celebrem el dia \u03a0"},"content":{"rendered":"<p style=\"text-align: justify;\">El\u00a0<b>Dia Pi<\/b>\u00a0\u00e9s una celebraci\u00f3 que commemora la\u00a0<a title=\"Constant matem\u00e0tica\" href=\"https:\/\/ca.wikipedia.org\/wiki\/Constant_matem%C3%A0tica\">constant matem\u00e0tica<\/a>\u00a0<a class=\"mw-redirect\" title=\"Pi (nombre)\" href=\"https:\/\/ca.wikipedia.org\/wiki\/Pi_(nombre)\">\u03c0 (pi)<\/a>. El Dia Pi se celebra el\u00a0<a title=\"14 de mar\u00e7\" href=\"https:\/\/ca.wikipedia.org\/wiki\/14_de_mar%C3%A7\">14 de mar\u00e7<\/a>\u00a0(en el format de calendari\u00a0<i>mes\/dia<\/i>, 3\/14 que representen els tres d\u00edgits m\u00e9s representatius de la constant expressada en notaci\u00f3 decimal).<\/p>\n<p style=\"text-align: justify;\">A l&#8217;Hip\u00e0tia tamb\u00e9 l&#8217;hem volgut celebrar portant quatre tallers del Museu de les Matem\u00e0tiques al nostre centre. El Museu de Matem\u00e0tiques a Catalunya\u00a0 <a href=\"https:\/\/mmaca.cat\/\">(MMACA)<\/a> treballa per divulgar i estimular una imatge social positiva de les matem\u00e0tiques, apropant-les a les persones mitjan\u00e7ant experi\u00e8ncies interactives i activitats de manipulaci\u00f3.<\/p>\n<p style=\"text-align: justify;\">Els alumnes de 1r i 2n d&#8217;ESO han gaudit\u00a0 amb els tallers: <a href=\"https:\/\/mmaca.cat\/visitans\/grups-escolars\/les-cupules-de-leonardo\/\">Les c\u00fapules de Leonardo<\/a> i <a href=\"https:\/\/mmaca.cat\/etvisitem\/mmacaescola\/taller-home-de-vitruvi\/\">L&#8217;home de Vitruvi<\/a>.\u00a0 Els alumnes de 3r i 4t\u00a0 han comptat amb uns altres dos tallers: <a href=\"https:\/\/mmaca.cat\/etvisitem\/mmacaescola\/tangram-un-joc-i-molt-mes\/\">Taller Tangram<\/a> i <a href=\"https:\/\/mmaca.cat\/etvisitem\/mmacaescola\/taller-probablement-tequivoquis\/\">Taller de Probabilitat<\/a>. Tots ells molt interessants i enriquidors.<\/p>\n\n\t\t<style type=\"text\/css\">\n\t\t\t#gallery-1 {\n\t\t\t\tmargin: auto;\n\t\t\t}\n\t\t\t#gallery-1 .gallery-item {\n\t\t\t\tfloat: left;\n\t\t\t\tmargin-top: 10px;\n\t\t\t\ttext-align: center;\n\t\t\t\twidth: 33%;\n\t\t\t}\n\t\t\t#gallery-1 img {\n\t\t\t\tborder: 2px solid #cfcfcf;\n\t\t\t}\n\t\t\t#gallery-1 .gallery-caption {\n\t\t\t\tmargin-left: 0;\n\t\t\t}\n\t\t\t\/* see gallery_shortcode() in wp-includes\/media.php *\/\n\t\t<\/style>\n\t\t<div id='gallery-1' class='gallery galleryid-11979 gallery-columns-3 gallery-size-thumbnail'><dl class='gallery-item'>\n\t\t\t<dt class='gallery-icon landscape'>\n\t\t\t\t<a href='https:\/\/agora.xtec.cat\/insllicamunt2\/no-classificat\/celebrem-el-dia-%cf%80\/attachment\/img-20210317-wa0005-min\/'><img loading=\"lazy\" decoding=\"async\" width=\"150\" height=\"150\" src=\"https:\/\/agora.xtec.cat\/insllicamunt2\/wp-content\/uploads\/usu1100\/2021\/03\/IMG-20210317-WA0005-min-150x150.jpg\" class=\"attachment-thumbnail size-thumbnail\" alt=\"\" \/><\/a>\n\t\t\t<\/dt><\/dl><dl class='gallery-item'>\n\t\t\t<dt class='gallery-icon landscape'>\n\t\t\t\t<a href='https:\/\/agora.xtec.cat\/insllicamunt2\/no-classificat\/celebrem-el-dia-%cf%80\/attachment\/img-20210317-wa0004-min\/'><img loading=\"lazy\" decoding=\"async\" width=\"150\" height=\"150\" src=\"https:\/\/agora.xtec.cat\/insllicamunt2\/wp-content\/uploads\/usu1100\/2021\/03\/IMG-20210317-WA0004-min-150x150.jpg\" class=\"attachment-thumbnail size-thumbnail\" alt=\"\" \/><\/a>\n\t\t\t<\/dt><\/dl><dl class='gallery-item'>\n\t\t\t<dt class='gallery-icon landscape'>\n\t\t\t\t<a href='https:\/\/agora.xtec.cat\/insllicamunt2\/no-classificat\/celebrem-el-dia-%cf%80\/attachment\/img_20210317_134821-min\/'><img loading=\"lazy\" decoding=\"async\" width=\"150\" height=\"150\" src=\"https:\/\/agora.xtec.cat\/insllicamunt2\/wp-content\/uploads\/usu1100\/2021\/03\/IMG_20210317_134821-min-150x150.jpg\" class=\"attachment-thumbnail size-thumbnail\" alt=\"\" \/><\/a>\n\t\t\t<\/dt><\/dl><br style=\"clear: both\" \/><dl class='gallery-item'>\n\t\t\t<dt class='gallery-icon landscape'>\n\t\t\t\t<a href='https:\/\/agora.xtec.cat\/insllicamunt2\/no-classificat\/celebrem-el-dia-%cf%80\/attachment\/img_20210317_134746-min\/'><img loading=\"lazy\" decoding=\"async\" width=\"150\" height=\"150\" src=\"https:\/\/agora.xtec.cat\/insllicamunt2\/wp-content\/uploads\/usu1100\/2021\/03\/IMG_20210317_134746-min-150x150.jpg\" class=\"attachment-thumbnail size-thumbnail\" alt=\"\" \/><\/a>\n\t\t\t<\/dt><\/dl><dl class='gallery-item'>\n\t\t\t<dt class='gallery-icon landscape'>\n\t\t\t\t<a href='https:\/\/agora.xtec.cat\/insllicamunt2\/no-classificat\/celebrem-el-dia-%cf%80\/attachment\/img_20210317_134737-min\/'><img loading=\"lazy\" decoding=\"async\" width=\"150\" height=\"150\" src=\"https:\/\/agora.xtec.cat\/insllicamunt2\/wp-content\/uploads\/usu1100\/2021\/03\/IMG_20210317_134737-min-150x150.jpg\" class=\"attachment-thumbnail size-thumbnail\" alt=\"\" \/><\/a>\n\t\t\t<\/dt><\/dl><dl class='gallery-item'>\n\t\t\t<dt class='gallery-icon landscape'>\n\t\t\t\t<a href='https:\/\/agora.xtec.cat\/insllicamunt2\/no-classificat\/celebrem-el-dia-%cf%80\/attachment\/img-20210317-wa0005-2\/'><img loading=\"lazy\" decoding=\"async\" width=\"150\" height=\"150\" src=\"https:\/\/agora.xtec.cat\/insllicamunt2\/wp-content\/uploads\/usu1100\/2021\/03\/IMG-20210317-WA0005-1-150x150.jpg\" class=\"attachment-thumbnail size-thumbnail\" alt=\"\" \/><\/a>\n\t\t\t<\/dt><\/dl><br style=\"clear: both\" \/><dl class='gallery-item'>\n\t\t\t<dt class='gallery-icon landscape'>\n\t\t\t\t<a href='https:\/\/agora.xtec.cat\/insllicamunt2\/no-classificat\/celebrem-el-dia-%cf%80\/attachment\/img_20210317_134835-min\/'><img loading=\"lazy\" decoding=\"async\" width=\"150\" height=\"150\" src=\"https:\/\/agora.xtec.cat\/insllicamunt2\/wp-content\/uploads\/usu1100\/2021\/03\/IMG_20210317_134835-min-150x150.jpg\" class=\"attachment-thumbnail size-thumbnail\" alt=\"\" \/><\/a>\n\t\t\t<\/dt><\/dl><dl class='gallery-item'>\n\t\t\t<dt class='gallery-icon landscape'>\n\t\t\t\t<a href='https:\/\/agora.xtec.cat\/insllicamunt2\/no-classificat\/celebrem-el-dia-%cf%80\/attachment\/img_20210317_134837-min\/'><img loading=\"lazy\" decoding=\"async\" width=\"150\" height=\"150\" src=\"https:\/\/agora.xtec.cat\/insllicamunt2\/wp-content\/uploads\/usu1100\/2021\/03\/IMG_20210317_134837-min-150x150.jpg\" class=\"attachment-thumbnail size-thumbnail\" alt=\"\" \/><\/a>\n\t\t\t<\/dt><\/dl>\n\t\t\t<br style='clear: both' \/>\n\t\t<\/div>\n\n\n\t\t<style type=\"text\/css\">\n\t\t\t#gallery-2 {\n\t\t\t\tmargin: auto;\n\t\t\t}\n\t\t\t#gallery-2 .gallery-item {\n\t\t\t\tfloat: left;\n\t\t\t\tmargin-top: 10px;\n\t\t\t\ttext-align: center;\n\t\t\t\twidth: 33%;\n\t\t\t}\n\t\t\t#gallery-2 img {\n\t\t\t\tborder: 2px solid #cfcfcf;\n\t\t\t}\n\t\t\t#gallery-2 .gallery-caption {\n\t\t\t\tmargin-left: 0;\n\t\t\t}\n\t\t\t\/* see gallery_shortcode() in wp-includes\/media.php *\/\n\t\t<\/style>\n\t\t<div id='gallery-2' class='gallery galleryid-11979 gallery-columns-3 gallery-size-thumbnail'><dl class='gallery-item'>\n\t\t\t<dt class='gallery-icon landscape'>\n\t\t\t\t<a href='https:\/\/agora.xtec.cat\/insllicamunt2\/no-classificat\/celebrem-el-dia-%cf%80\/attachment\/img-20210319-wa0009\/'><img loading=\"lazy\" decoding=\"async\" width=\"150\" height=\"150\" src=\"https:\/\/agora.xtec.cat\/insllicamunt2\/wp-content\/uploads\/usu1100\/2021\/03\/IMG-20210319-WA0009-150x150.jpg\" class=\"attachment-thumbnail size-thumbnail\" alt=\"\" \/><\/a>\n\t\t\t<\/dt><\/dl><dl class='gallery-item'>\n\t\t\t<dt class='gallery-icon landscape'>\n\t\t\t\t<a href='https:\/\/agora.xtec.cat\/insllicamunt2\/no-classificat\/celebrem-el-dia-%cf%80\/attachment\/img-20210319-wa0012\/'><img loading=\"lazy\" decoding=\"async\" width=\"150\" height=\"150\" src=\"https:\/\/agora.xtec.cat\/insllicamunt2\/wp-content\/uploads\/usu1100\/2021\/03\/IMG-20210319-WA0012-150x150.jpg\" class=\"attachment-thumbnail size-thumbnail\" alt=\"\" \/><\/a>\n\t\t\t<\/dt><\/dl><dl class='gallery-item'>\n\t\t\t<dt class='gallery-icon landscape'>\n\t\t\t\t<a href='https:\/\/agora.xtec.cat\/insllicamunt2\/no-classificat\/celebrem-el-dia-%cf%80\/attachment\/img-20210319-wa0013\/'><img loading=\"lazy\" decoding=\"async\" width=\"150\" height=\"150\" src=\"https:\/\/agora.xtec.cat\/insllicamunt2\/wp-content\/uploads\/usu1100\/2021\/03\/IMG-20210319-WA0013-150x150.jpg\" class=\"attachment-thumbnail size-thumbnail\" alt=\"\" \/><\/a>\n\t\t\t<\/dt><\/dl><br style=\"clear: both\" \/><dl class='gallery-item'>\n\t\t\t<dt class='gallery-icon landscape'>\n\t\t\t\t<a href='https:\/\/agora.xtec.cat\/insllicamunt2\/no-classificat\/celebrem-el-dia-%cf%80\/attachment\/img-20210319-wa0011\/'><img loading=\"lazy\" decoding=\"async\" width=\"150\" height=\"150\" src=\"https:\/\/agora.xtec.cat\/insllicamunt2\/wp-content\/uploads\/usu1100\/2021\/03\/IMG-20210319-WA0011-150x150.jpg\" class=\"attachment-thumbnail size-thumbnail\" alt=\"\" \/><\/a>\n\t\t\t<\/dt><\/dl><dl class='gallery-item'>\n\t\t\t<dt class='gallery-icon landscape'>\n\t\t\t\t<a href='https:\/\/agora.xtec.cat\/insllicamunt2\/no-classificat\/celebrem-el-dia-%cf%80\/attachment\/img-20210319-wa0005\/'><img loading=\"lazy\" decoding=\"async\" width=\"150\" height=\"150\" src=\"https:\/\/agora.xtec.cat\/insllicamunt2\/wp-content\/uploads\/usu1100\/2021\/03\/IMG-20210319-WA0005-150x150.jpg\" class=\"attachment-thumbnail size-thumbnail\" alt=\"\" \/><\/a>\n\t\t\t<\/dt><\/dl><dl class='gallery-item'>\n\t\t\t<dt class='gallery-icon landscape'>\n\t\t\t\t<a href='https:\/\/agora.xtec.cat\/insllicamunt2\/no-classificat\/celebrem-el-dia-%cf%80\/attachment\/img-20210319-wa0006\/'><img loading=\"lazy\" decoding=\"async\" width=\"150\" height=\"150\" src=\"https:\/\/agora.xtec.cat\/insllicamunt2\/wp-content\/uploads\/usu1100\/2021\/03\/IMG-20210319-WA0006-150x150.jpg\" class=\"attachment-thumbnail size-thumbnail\" alt=\"\" \/><\/a>\n\t\t\t<\/dt><\/dl><br style=\"clear: both\" \/><dl class='gallery-item'>\n\t\t\t<dt class='gallery-icon landscape'>\n\t\t\t\t<a href='https:\/\/agora.xtec.cat\/insllicamunt2\/no-classificat\/celebrem-el-dia-%cf%80\/attachment\/img-20210319-wa0014\/'><img loading=\"lazy\" decoding=\"async\" width=\"150\" height=\"150\" src=\"https:\/\/agora.xtec.cat\/insllicamunt2\/wp-content\/uploads\/usu1100\/2021\/03\/IMG-20210319-WA0014-150x150.jpg\" class=\"attachment-thumbnail size-thumbnail\" alt=\"\" \/><\/a>\n\t\t\t<\/dt><\/dl><dl class='gallery-item'>\n\t\t\t<dt class='gallery-icon landscape'>\n\t\t\t\t<a href='https:\/\/agora.xtec.cat\/insllicamunt2\/no-classificat\/celebrem-el-dia-%cf%80\/attachment\/img-20210319-wa0010\/'><img loading=\"lazy\" decoding=\"async\" width=\"150\" height=\"150\" src=\"https:\/\/agora.xtec.cat\/insllicamunt2\/wp-content\/uploads\/usu1100\/2021\/03\/IMG-20210319-WA0010-150x150.jpg\" class=\"attachment-thumbnail size-thumbnail\" alt=\"\" \/><\/a>\n\t\t\t<\/dt><\/dl><dl class='gallery-item'>\n\t\t\t<dt class='gallery-icon portrait'>\n\t\t\t\t<a href='https:\/\/agora.xtec.cat\/insllicamunt2\/no-classificat\/celebrem-el-dia-%cf%80\/attachment\/img-20210319-wa0008\/'><img loading=\"lazy\" decoding=\"async\" width=\"150\" height=\"150\" src=\"https:\/\/agora.xtec.cat\/insllicamunt2\/wp-content\/uploads\/usu1100\/2021\/03\/IMG-20210319-WA0008-150x150.jpg\" class=\"attachment-thumbnail size-thumbnail\" alt=\"\" \/><\/a>\n\t\t\t<\/dt><\/dl><br style=\"clear: both\" \/><dl class='gallery-item'>\n\t\t\t<dt class='gallery-icon landscape'>\n\t\t\t\t<a href='https:\/\/agora.xtec.cat\/insllicamunt2\/no-classificat\/celebrem-el-dia-%cf%80\/attachment\/img-20210319-wa0007\/'><img loading=\"lazy\" decoding=\"async\" width=\"150\" height=\"150\" src=\"https:\/\/agora.xtec.cat\/insllicamunt2\/wp-content\/uploads\/usu1100\/2021\/03\/IMG-20210319-WA0007-150x150.jpg\" class=\"attachment-thumbnail size-thumbnail\" alt=\"\" \/><\/a>\n\t\t\t<\/dt><\/dl>\n\t\t\t<br style='clear: both' \/>\n\t\t<\/div>\n\n","protected":false},"excerpt":{"rendered":"<p>A l&#8217;Hip\u00e0tia tamb\u00e9 l&#8217;hem volgut celebrar el dia Pi portant quatre tallers del Museu de les Matem\u00e0tiques al nostre centre.&hellip;  <a href=\"https:\/\/agora.xtec.cat\/insllicamunt2\/no-classificat\/celebrem-el-dia-%cf%80\/\" title=\"Read Celebrem el dia \u03a0\">Llegeix m\u00e9s\u00bb<\/a><\/p>\n","protected":false},"author":1,"featured_media":12006,"comment_status":"open","ping_status":"closed","sticky":false,"template":"","format":"standard","meta":{"_bbp_topic_count":0,"_bbp_reply_count":0,"_bbp_total_topic_count":0,"_bbp_total_reply_count":0,"_bbp_voice_count":0,"_bbp_anonymous_reply_count":0,"_bbp_topic_count_hidden":0,"_bbp_reply_count_hidden":0,"_bbp_forum_subforum_count":0,"footnotes":""},"categories":[4,5,6,7,93,101,99,3,354,1,98,29],"tags":[1473,1282,1066,1827],"class_list":["post-11979","post","type-post","status-publish","format-standard","has-post-thumbnail","hentry","category-1r-deso","category-2n-deso","category-3r-deso","category-4t-deso","category-activitats-daula","category-activitats-de-centre","category-articles","category-grups","category-matematiques","category-no-classificat","category-noticies-breus","category-portada","tag-dia-pi","tag-eso","tag-mmaca","tag-tallers-matematiques"],"post_mailing_queue_ids":[],"_links":{"self":[{"href":"https:\/\/agora.xtec.cat\/insllicamunt2\/wp-json\/wp\/v2\/posts\/11979","targetHints":{"allow":["GET"]}}],"collection":[{"href":"https:\/\/agora.xtec.cat\/insllicamunt2\/wp-json\/wp\/v2\/posts"}],"about":[{"href":"https:\/\/agora.xtec.cat\/insllicamunt2\/wp-json\/wp\/v2\/types\/post"}],"author":[{"embeddable":true,"href":"https:\/\/agora.xtec.cat\/insllicamunt2\/wp-json\/wp\/v2\/users\/1"}],"replies":[{"embeddable":true,"href":"https:\/\/agora.xtec.cat\/insllicamunt2\/wp-json\/wp\/v2\/comments?post=11979"}],"version-history":[{"count":2,"href":"https:\/\/agora.xtec.cat\/insllicamunt2\/wp-json\/wp\/v2\/posts\/11979\/revisions"}],"predecessor-version":[{"id":12032,"href":"https:\/\/agora.xtec.cat\/insllicamunt2\/wp-json\/wp\/v2\/posts\/11979\/revisions\/12032"}],"wp:featuredmedia":[{"embeddable":true,"href":"https:\/\/agora.xtec.cat\/insllicamunt2\/wp-json\/wp\/v2\/media\/12006"}],"wp:attachment":[{"href":"https:\/\/agora.xtec.cat\/insllicamunt2\/wp-json\/wp\/v2\/media?parent=11979"}],"wp:term":[{"taxonomy":"category","embeddable":true,"href":"https:\/\/agora.xtec.cat\/insllicamunt2\/wp-json\/wp\/v2\/categories?post=11979"},{"taxonomy":"post_tag","embeddable":true,"href":"https:\/\/agora.xtec.cat\/insllicamunt2\/wp-json\/wp\/v2\/tags?post=11979"}],"curies":[{"name":"wp","href":"https:\/\/api.w.org\/{rel}","templated":true}]}}