{"id":11950,"date":"2021-03-12T13:15:35","date_gmt":"2021-03-12T12:15:35","guid":{"rendered":"http:\/\/agora.xtec.cat\/insllicamunt2\/?p=11950"},"modified":"2021-03-12T13:26:29","modified_gmt":"2021-03-12T12:26:29","slug":"pla-deducacio-digital-de-catalunya","status":"publish","type":"post","link":"https:\/\/agora.xtec.cat\/insllicamunt2\/no-classificat\/pla-deducacio-digital-de-catalunya\/","title":{"rendered":"Pla d&#8217;Educaci\u00f3 Digital de Catalunya"},"content":{"rendered":"<p><img loading=\"lazy\" decoding=\"async\" class=\"wp-image-11951 alignleft\" src=\"https:\/\/agora.xtec.cat\/insllicamunt2\/wp-content\/uploads\/usu1100\/2021\/03\/Sense-t\u00edtol.png\" alt=\"\" width=\"360\" height=\"201\" srcset=\"https:\/\/agora.xtec.cat\/insllicamunt2\/wp-content\/uploads\/usu1100\/2021\/03\/Sense-t\u00edtol.png 999w, https:\/\/agora.xtec.cat\/insllicamunt2\/wp-content\/uploads\/usu1100\/2021\/03\/Sense-t\u00edtol-300x167.png 300w, https:\/\/agora.xtec.cat\/insllicamunt2\/wp-content\/uploads\/usu1100\/2021\/03\/Sense-t\u00edtol-768x428.png 768w\" sizes=\"auto, (max-width: 360px) 100vw, 360px\" \/>El proper dilluns, dia 15 de mar\u00e7, es far\u00e0 el lliurament dels ordinadors en pr\u00e9stec dels alumnes que ho desitgin com a darrera fase del desplegament del Pla Digital. A partir d&#8217;aquest dia, es dissenyaran les activitats d&#8217;aula comptant que tots els alumnes de 3r i 4t disposen d&#8217;un port\u00e0til per al seguiment de les classes .<\/p>\n<h4><span style=\"color: #e66060;\"><em><strong>Informaci\u00f3 del Pla d&#8217;Educaci\u00f3 Digital de Catalunya<\/strong><\/em><\/span><\/h4>\n<p>Durant aquest curs 2020-2021, els centres p\u00fablics dependents del Departament d&#8217;Educaci\u00f3 rebran ordinadors port\u00e0tils que posaran a disposici\u00f3 de tot l\u2019alumnat de 3r i 4t d\u2019ESO, Batxillerat i CFGM, aix\u00ed com de l&#8217;alumnat de 5\u00e8 i 6\u00e8 de prim\u00e0ria, 1r i 2n d\u2019ESO i CFGS que no disposi d&#8217;ordinador a les seves llars.<\/p>\n<p>El Departament d&#8217;Educaci\u00f3 proporcionar\u00e0 tamb\u00e9 equips de connectivitat MiFi a tots els centres p\u00fablics i concertats, destinats a l&#8217;alumnat que no disposi de connexi\u00f3 a Internet a la seva llar. L&#8217;estimaci\u00f3 inicial del nombre d&#8217;alumnes que requeriran aquests dispositius es va fer a partir de les dades recollides al q\u00fcestionari realitzat el passat mes de juliol.<\/p>\n<p>El Departament d&#8217;Educaci\u00f3 posar\u00e0 en marxa un sistema d&#8217;identificaci\u00f3 digital que assignar\u00e0 a cada alumne\/a un identificador \u00fanic i una contrasenya a partir de les dades existents al Registre d&#8217;alumnes de Catalunya (RALC).<\/p>\n<p>Per a m\u00e9s informaci\u00f3 podeu consultar la <a href=\"https:\/\/govern.cat\/govern\/docs\/2020\/07\/21\/17\/31\/00916bde-2756-44da-8b78-1e2ed723fa5e.pdf\" target=\"_blank\" rel=\"noopener noreferrer\">presentaci\u00f3 del Pla<\/a><\/p>\n","protected":false},"excerpt":{"rendered":"<p>El proper dilluns, dia 15 de mar\u00e7, es far\u00e0 el lliurament dels ordinadors en pr\u00e9stec dels alumnes que ho desitgin com a darrera fase del desplegament del Pla Digital. A partir d&#8217;aquest dia, es dissenyaran les activitats d&#8217;aula comptant que tots els alumnes de 3r&hellip;  <a href=\"https:\/\/agora.xtec.cat\/insllicamunt2\/no-classificat\/pla-deducacio-digital-de-catalunya\/\" title=\"Read Pla d&#8217;Educaci\u00f3 Digital de Catalunya\">Llegeix m\u00e9s\u00bb<\/a><\/p>\n","protected":false},"author":1,"featured_media":11953,"comment_status":"open","ping_status":"closed","sticky":false,"template":"","format":"standard","meta":{"_bbp_topic_count":0,"_bbp_reply_count":0,"_bbp_total_topic_count":0,"_bbp_total_reply_count":0,"_bbp_voice_count":0,"_bbp_anonymous_reply_count":0,"_bbp_topic_count_hidden":0,"_bbp_reply_count_hidden":0,"_bbp_forum_subforum_count":0,"footnotes":""},"categories":[1,29],"tags":[],"class_list":["post-11950","post","type-post","status-publish","format-standard","has-post-thumbnail","hentry","category-no-classificat","category-portada"],"post_mailing_queue_ids":[],"_links":{"self":[{"href":"https:\/\/agora.xtec.cat\/insllicamunt2\/wp-json\/wp\/v2\/posts\/11950","targetHints":{"allow":["GET"]}}],"collection":[{"href":"https:\/\/agora.xtec.cat\/insllicamunt2\/wp-json\/wp\/v2\/posts"}],"about":[{"href":"https:\/\/agora.xtec.cat\/insllicamunt2\/wp-json\/wp\/v2\/types\/post"}],"author":[{"embeddable":true,"href":"https:\/\/agora.xtec.cat\/insllicamunt2\/wp-json\/wp\/v2\/users\/1"}],"replies":[{"embeddable":true,"href":"https:\/\/agora.xtec.cat\/insllicamunt2\/wp-json\/wp\/v2\/comments?post=11950"}],"version-history":[{"count":4,"href":"https:\/\/agora.xtec.cat\/insllicamunt2\/wp-json\/wp\/v2\/posts\/11950\/revisions"}],"predecessor-version":[{"id":11958,"href":"https:\/\/agora.xtec.cat\/insllicamunt2\/wp-json\/wp\/v2\/posts\/11950\/revisions\/11958"}],"wp:featuredmedia":[{"embeddable":true,"href":"https:\/\/agora.xtec.cat\/insllicamunt2\/wp-json\/wp\/v2\/media\/11953"}],"wp:attachment":[{"href":"https:\/\/agora.xtec.cat\/insllicamunt2\/wp-json\/wp\/v2\/media?parent=11950"}],"wp:term":[{"taxonomy":"category","embeddable":true,"href":"https:\/\/agora.xtec.cat\/insllicamunt2\/wp-json\/wp\/v2\/categories?post=11950"},{"taxonomy":"post_tag","embeddable":true,"href":"https:\/\/agora.xtec.cat\/insllicamunt2\/wp-json\/wp\/v2\/tags?post=11950"}],"curies":[{"name":"wp","href":"https:\/\/api.w.org\/{rel}","templated":true}]}}