{"id":11940,"date":"2021-03-11T14:31:18","date_gmt":"2021-03-11T13:31:18","guid":{"rendered":"http:\/\/agora.xtec.cat\/insllicamunt2\/?p=11940"},"modified":"2021-04-09T12:42:39","modified_gmt":"2021-04-09T10:42:39","slug":"com-has-de-fer-la-preinscripcio-en-linia","status":"publish","type":"post","link":"https:\/\/agora.xtec.cat\/insllicamunt2\/el-far-dhipatia\/portada\/com-has-de-fer-la-preinscripcio-en-linia\/","title":{"rendered":"Com has de fer la preinscripci\u00f3 en l\u00ednia?"},"content":{"rendered":"<p><iframe loading=\"lazy\" src=\"https:\/\/www.youtube.com\/embed\/7Jz8gYBFCFM\" width=\"560\" height=\"315\" frameborder=\"0\"><span style=\"display: inline-block; width: 0px; overflow: hidden; line-height: 0;\" data-mce-type=\"bookmark\" class=\"mce_SELRES_start\">\ufeff<\/span><\/iframe><\/p>\n<div>\n<div>\n<div class=\"row\">\n<h3 class=\"subtitle\"><span style=\"color: #d93030;\">Quan haig de presentar la sol\u00b7licitud de preinscripci\u00f3?<\/span><\/h3>\n<div class=\"basic_text col-xs-12 pd-30 off-margin-bottom pd-15\"><\/div>\n<div class=\"basic_text_peq col-xs-12\">\n<div class=\"pd-15x\">\n<p>La <strong>sol\u00b7licitud de preinscripci\u00f3 d&#8217;educaci\u00f3 secund\u00e0ria obligat\u00f2ria<\/strong>, l&#8217;has de presentar <strong>del 17 al 24 de mar\u00e7<\/strong>. has d&#8217;adjuntar-hi la documentaci\u00f3 d&#8217;identificaci\u00f3 o de criteris que correspongui. La documentaci\u00f3 que no hagis pogut adjuntar durant el per\u00edode de presentaci\u00f3 de sol\u00b7licituds, la pots afegir <strong>del 25 al 26 de mar\u00e7<\/strong>.<\/p>\n<p>\u00c9s molt important que respectis les dates, perqu\u00e8 totes les sol\u00b7licituds que es presentin fora d&#8217;aquest termini perdran qualsevol prioritat que tinguin a l&#8217;hora d&#8217;obtenir la pla\u00e7a.<\/p>\n<\/div>\n<\/div>\n<\/div>\n<\/div>\n<\/div>\n<div>\n<div>\n<div class=\"row\">\n<h4 class=\"basic_title col-sm-12 pd-10\"><span style=\"color: #d93030;\">Qu\u00e8 necessito per fer la preinscripci\u00f3?<\/span><\/h4>\n<div class=\"col-sm-8 columna_esquerra\">\n<div class=\"basic_color xar-socials mt_20 blau4\">\n<ul>\n<li><strong>Ordinador, tauleta o tel\u00e8fon m\u00f2bil amb connexi\u00f3 a Internet:<\/strong> Et caldr\u00e0 un dispositiu electr\u00f2nic amb connexi\u00f3 a Internet perqu\u00e8 aquest any la preinscripci\u00f3 es fa del tot en l\u00ednia.<\/li>\n<li><strong>Eina d&#8217;identificaci\u00f3 digital:<\/strong>\u00a0\u00c9s m\u00e9s segur que quan facis el tr\u00e0mit (el pare, la mare o el tutor o tutora que faci el tr\u00e0mit) tinguis una eina d&#8217;identificaci\u00f3 digital com el DNI electr\u00f2nic, la T-CAT, el sistema Cl@ve o l&#8217;<a title=\"idCAT M\u00f2bil\" href=\"https:\/\/web.gencat.cat\/ca\/tramits\/que-cal-fer-si\/Vull-identificar-me-digitalment\/idcat-mobil\/\" target=\"_blank\" rel=\"noopener noreferrer\">idCAT M\u00f2bil<\/a>.<\/li>\n<li><strong>Codi identificador del Registre d&#8217;alumnes de Catalunya (RALC) de l&#8217;alumne o alumna:<\/strong> Quan la sol\u00b7licitud de preinscripci\u00f3 es fa per demanar canvi de centre, \u00e9s a dir, per a alumnes que ja estan escolaritzats a Catalunya, a l&#8217;hora de fer la sol\u00b7licitud de preinscripci\u00f3 has de tenir preparat el <strong>codi identificador de l&#8217;alumne o l&#8217;alumna<\/strong>. Aquest codi, el pots consultar amb identificaci\u00f3 electr\u00f2nica en aquest mateix web, a l&#8217;apartat <a title=\"Consulta de l'identificador de l'alumne\" href=\"http:\/\/educacio.gencat.cat\/ca\/tramits\/tramits-temes\/identificador-alumne\" target=\"_blank\" rel=\"noopener noreferrer\">Consulta de l&#8217;identificador de l&#8217;alumne<\/a>. <strong>\u00c9s molt<\/strong> <strong>important<\/strong> verificar tamb\u00e9 que tota la informaci\u00f3 que hi apareix \u00e9s correcta. En cas contrari, has de sol\u00b7licitar una rectificaci\u00f3 de les dades, adjuntant la documentaci\u00f3 que correspongui.<\/li>\n<li><strong>Documentaci\u00f3 digitalitzada:<\/strong> Hi ha documentaci\u00f3 que no cal que presentis, perqu\u00e8 es fan consultes interadministratives. Per\u00f2 si n&#8217;has de presentar, l&#8217;has d&#8217;adjuntar a la sol\u00b7licitud digitalitzada (mitjan\u00e7ant un esc\u00e0ner o una fotografia).<\/li>\n<li><strong>Documentaci\u00f3 identificativa:\u00a0<\/strong>\n<ul>\n<li>Si tens identificador digital i el codi identificador del RALC de l&#8217;alumne o l&#8217;alumna, pots recuperar les dades personals i no caldr\u00e0 que adjuntis cap documentaci\u00f3 identificativa o de filiaci\u00f3. Nom\u00e9s si l&#8217;alumne o alumna no t\u00e9 codi identificador del RALC, necessites el llibre de fam\u00edlia i el document d&#8217;identitat, si es tracta d&#8217;un passaport o un document d&#8217;identitat d&#8217;un pa\u00eds membre de la Uni\u00f3 Europea.<\/li>\n<li>\n<div>Si no tens identificador digital, cal que adjuntis el llibre de fam\u00edlia i el document d&#8217;identitat (del pare, la mare o el tutor o tutora que presenta la sol\u00b7licitud): DNI, NIE, passaport o document d&#8217;identitat d&#8217;un pa\u00eds membre de la Uni\u00f3 Europea.<\/div>\n<\/li>\n<\/ul>\n<\/li>\n<li>\n<div><strong>Documentaci\u00f3 de criteris de prioritat:<\/strong> en general, nom\u00e9s cal adjuntar documentaci\u00f3 acreditativa escanejada o fotografiada si no s&#8217;ha pogut obtenir o verificar la informaci\u00f3 a trav\u00e9s de la consulta autom\u00e0tica. Tanmateix, hi ha casos en els quals sempre cal adjuntar la documentaci\u00f3 acreditativa:<\/div>\n<ul>\n<li>El contracte laboral, certificat d&#8217;empresa o document de l&#8217;Ag\u00e8ncia Tribut\u00e0ria per justificar la proximitat del lloc de treball del pare, la mare, el tutor o tutora al centre escollit en primer lloc.<\/li>\n<li>L&#8217;acreditaci\u00f3 de la renda garantida de ciutadania.<\/li>\n<li>L&#8217;acreditaci\u00f3 de la discapacitat quan s&#8217;hagi obtingut en una altra comunitat aut\u00f2noma.<\/li>\n<li>El carnet de fam\u00edlia nombrosa o monoparental quan s&#8217;hagi obtingut en\u00a0una altra comunitat aut\u00f2noma.<\/li>\n<\/ul>\n<\/li>\n<\/ul>\n<p><a href=\"https:\/\/web.gencat.cat\/ca\/tramits\/que-cal-fer-si\/Vull-identificar-me-digitalment\/idcat-mobil\/\" target=\"_blank\" rel=\"noopener noreferrer\"><img loading=\"lazy\" decoding=\"async\" class=\"aligncenter wp-image-11945 size-full\" src=\"https:\/\/agora.xtec.cat\/insllicamunt2\/wp-content\/uploads\/usu1100\/2021\/03\/idcat.png\" alt=\"\" width=\"361\" height=\"47\" srcset=\"https:\/\/agora.xtec.cat\/insllicamunt2\/wp-content\/uploads\/usu1100\/2021\/03\/idcat.png 361w, https:\/\/agora.xtec.cat\/insllicamunt2\/wp-content\/uploads\/usu1100\/2021\/03\/idcat-300x39.png 300w\" sizes=\"auto, (max-width: 361px) 100vw, 361px\" \/><\/a><\/p>\n<\/div>\n<p><a href=\"https:\/\/clave.gob.es\/clave_Home\/ca\/clave.html\" target=\"_blank\" rel=\"noopener noreferrer\"><img loading=\"lazy\" decoding=\"async\" class=\"aligncenter wp-image-11946 size-full\" src=\"https:\/\/agora.xtec.cat\/insllicamunt2\/wp-content\/uploads\/usu1100\/2021\/03\/clave.png\" alt=\"\" width=\"361\" height=\"74\" srcset=\"https:\/\/agora.xtec.cat\/insllicamunt2\/wp-content\/uploads\/usu1100\/2021\/03\/clave.png 361w, https:\/\/agora.xtec.cat\/insllicamunt2\/wp-content\/uploads\/usu1100\/2021\/03\/clave-300x61.png 300w\" sizes=\"auto, (max-width: 361px) 100vw, 361px\" \/><\/a><\/p>\n<\/div>\n<div><\/div>\n<\/div>\n<\/div>\n<\/div>\n<div>\n<div>\n<div class=\"row\">\n<h4 class=\"basic_title col-sm-12 pd-10\"><span style=\"color: #d93030;\">Com es fa i com es presenta la sol\u00b7licitud de preinscripci\u00f3?<\/span><\/h4>\n<div class=\"col-sm-8 columna_esquerra\">\n<div class=\"cos_bloc basic_text_peq pd-15\">\n<p><iframe loading=\"lazy\" src=\"https:\/\/www.youtube.com\/embed\/OuhbC06EQSs\" width=\"560\" height=\"315\" frameborder=\"0\"><\/iframe><\/p>\n<ol>\n<li><a href=\"http:\/\/educacio.gencat.cat\/ca\/tramits\/tramits-temes\/20483-obligatoris?moda=3\" target=\"_blank\" rel=\"noopener noreferrer\">Ves al formulari de preinscripci\u00f3 electr\u00f2nic<\/a> (amb identificaci\u00f3 digital) o en suport inform\u00e0tic (en aquest darrer cas has d&#8217;adjuntar el teu document identificatiu i tamb\u00e9 el de filiaci\u00f3, per seguretat).<\/li>\n<li>Obre el formulari de preinscripci\u00f3:\n<ul>\n<li>Si t&#8217;has identificat digitalment i el teu fill o filla t\u00e9 codi d&#8217;identificador del Registre d&#8217;alumnes de Catalunya (RALC), especifica&#8217;l en la casella corresponent (o si no el saps, <a title=\"cerca'l\" href=\"http:\/\/educacio.gencat.cat\/ca\/tramits\/tramits-temes\/identificador-alumne\">cerca&#8217;l<\/a>). Aix\u00ed es recuperaran totes les dades personals i nom\u00e9s caldr\u00e0 que hi afegeixis l&#8217;adre\u00e7a electr\u00f2nica i el tel\u00e8fon de contacte.<\/li>\n<li>Si no t&#8217;has identificat digitalment o b\u00e9 si t&#8217;has identificat digitalment, per\u00f2 el teu fill o filla no t\u00e9 codi d&#8217;identificador del Registre d&#8217;alumnes de Catalunya (RALC), omple totes les dades personals que se&#8217;t demanin, tamb\u00e9 l&#8217;adre\u00e7a electr\u00f2nica i el tel\u00e8fon de contacte.<\/li>\n<\/ul>\n<\/li>\n<li>Especifica els centres on t&#8217;agradaria obtenir pla\u00e7a (fins a 10). <span style=\"color: #ff6600;\"><strong>El nostre codi \u00e9s el 08065408<\/strong><\/span><\/li>\n<li>Indica si vols una pla\u00e7a d&#8217;ofici, que \u00e9s la que t&#8217;adjudicaria l&#8217;Administraci\u00f3 en cas que no se t&#8217;assignin cap dels centres demanats, i les circumst\u00e0ncies particulars del teu fill o filla (per exemple, si t\u00e9 alguna necessitat educativa espec\u00edfica o si t\u00e9 un germ\u00e0 o germana que demana pla\u00e7a per al mateix centre educatiu, ensenyament i curs).<\/li>\n<li>Marca els <a href=\"https:\/\/preinscripcio.gencat.cat\/ca\/estudis\/eso\/informat\/criteris-assignacio\/\" target=\"_blank\" rel=\"noopener noreferrer\">criteris de prioritat<\/a> que vulguis al\u00b7legar (si t\u00e9 germans o germanes al mateix centre, la proximitat del domicili de resid\u00e8ncia, etc.).<\/li>\n<li>Adjunta tota la documentaci\u00f3 escanejada o fotografiada que es requereixi.<\/li>\n<li>Envia la sol\u00b7licitud de preinscripci\u00f3.<\/li>\n<\/ol>\n<p>Un cop hagis enviat la sol\u00b7licitud de preinscripci\u00f3 rebr\u00e0s un resguard per correu electr\u00f2nic, en qu\u00e8 pots consultar si has d&#8217;ajuntar, a la sol\u00b7licitud, documentaci\u00f3 addicional: el termini per presentar documents finalitza el 26 de mar\u00e7.<\/p>\n<hr \/>\n<p><strong>Recorda: Nom\u00e9s es pot presentar una sol\u00b7licitud de preinscripci\u00f3 per alumne o alumna.<\/strong><\/p>\n<\/div>\n<\/div>\n<\/div>\n<\/div>\n<\/div>\n","protected":false},"excerpt":{"rendered":"<p>\ufeff<\/p>\n<p>Quan haig de presentar la sol\u00b7licitud de preinscripci\u00f3?<\/p>\n<p>La sol\u00b7licitud de preinscripci\u00f3 d&#8217;educaci\u00f3 secund\u00e0ria obligat\u00f2ria, l&#8217;has de presentar del 17 al 24 de mar\u00e7. has d&#8217;adjuntar-hi la documentaci\u00f3 d&#8217;identificaci\u00f3 o de criteris que correspongui. La documentaci\u00f3 que no hagis pogut adjuntar durant el per\u00edode de presentaci\u00f3&hellip;  <a href=\"https:\/\/agora.xtec.cat\/insllicamunt2\/el-far-dhipatia\/portada\/com-has-de-fer-la-preinscripcio-en-linia\/\" title=\"Read Com has de fer la preinscripci\u00f3 en l\u00ednia?\">Llegeix m\u00e9s\u00bb<\/a><\/p>\n","protected":false},"author":1,"featured_media":11942,"comment_status":"open","ping_status":"closed","sticky":false,"template":"","format":"standard","meta":{"_bbp_topic_count":0,"_bbp_reply_count":0,"_bbp_total_topic_count":0,"_bbp_total_reply_count":0,"_bbp_voice_count":0,"_bbp_anonymous_reply_count":0,"_bbp_topic_count_hidden":0,"_bbp_reply_count_hidden":0,"_bbp_forum_subforum_count":0,"footnotes":""},"categories":[29],"tags":[],"class_list":["post-11940","post","type-post","status-publish","format-standard","has-post-thumbnail","hentry","category-portada"],"post_mailing_queue_ids":[],"_links":{"self":[{"href":"https:\/\/agora.xtec.cat\/insllicamunt2\/wp-json\/wp\/v2\/posts\/11940","targetHints":{"allow":["GET"]}}],"collection":[{"href":"https:\/\/agora.xtec.cat\/insllicamunt2\/wp-json\/wp\/v2\/posts"}],"about":[{"href":"https:\/\/agora.xtec.cat\/insllicamunt2\/wp-json\/wp\/v2\/types\/post"}],"author":[{"embeddable":true,"href":"https:\/\/agora.xtec.cat\/insllicamunt2\/wp-json\/wp\/v2\/users\/1"}],"replies":[{"embeddable":true,"href":"https:\/\/agora.xtec.cat\/insllicamunt2\/wp-json\/wp\/v2\/comments?post=11940"}],"version-history":[{"count":3,"href":"https:\/\/agora.xtec.cat\/insllicamunt2\/wp-json\/wp\/v2\/posts\/11940\/revisions"}],"predecessor-version":[{"id":11968,"href":"https:\/\/agora.xtec.cat\/insllicamunt2\/wp-json\/wp\/v2\/posts\/11940\/revisions\/11968"}],"wp:featuredmedia":[{"embeddable":true,"href":"https:\/\/agora.xtec.cat\/insllicamunt2\/wp-json\/wp\/v2\/media\/11942"}],"wp:attachment":[{"href":"https:\/\/agora.xtec.cat\/insllicamunt2\/wp-json\/wp\/v2\/media?parent=11940"}],"wp:term":[{"taxonomy":"category","embeddable":true,"href":"https:\/\/agora.xtec.cat\/insllicamunt2\/wp-json\/wp\/v2\/categories?post=11940"},{"taxonomy":"post_tag","embeddable":true,"href":"https:\/\/agora.xtec.cat\/insllicamunt2\/wp-json\/wp\/v2\/tags?post=11940"}],"curies":[{"name":"wp","href":"https:\/\/api.w.org\/{rel}","templated":true}]}}