{"id":11860,"date":"2021-02-23T14:08:15","date_gmt":"2021-02-23T13:08:15","guid":{"rendered":"http:\/\/agora.xtec.cat\/insllicamunt2\/?p=11860"},"modified":"2021-03-09T13:04:05","modified_gmt":"2021-03-09T12:04:05","slug":"portes-obertes-2","status":"publish","type":"post","link":"https:\/\/agora.xtec.cat\/insllicamunt2\/el-far-dhipatia\/portada\/portes-obertes-2\/","title":{"rendered":"Portes Obertes"},"content":{"rendered":"<p><img loading=\"lazy\" decoding=\"async\" class=\"wp-image-11861 size-medium alignleft\" src=\"https:\/\/agora.xtec.cat\/insllicamunt2\/wp-content\/uploads\/usu1100\/2021\/02\/676421-300x300.jpg\" alt=\"\" width=\"300\" height=\"300\" srcset=\"https:\/\/agora.xtec.cat\/insllicamunt2\/wp-content\/uploads\/usu1100\/2021\/02\/676421-300x300.jpg 300w, https:\/\/agora.xtec.cat\/insllicamunt2\/wp-content\/uploads\/usu1100\/2021\/02\/676421-150x150.jpg 150w, https:\/\/agora.xtec.cat\/insllicamunt2\/wp-content\/uploads\/usu1100\/2021\/02\/676421-768x768.jpg 768w, https:\/\/agora.xtec.cat\/insllicamunt2\/wp-content\/uploads\/usu1100\/2021\/02\/676421-1024x1024.jpg 1024w, https:\/\/agora.xtec.cat\/insllicamunt2\/wp-content\/uploads\/usu1100\/2021\/02\/676421.jpg 1080w\" sizes=\"auto, (max-width: 300px) 100vw, 300px\" \/><\/p>\n<p>Enlla\u00e7 GoogleMeet: <a href=\"https:\/\/meet.google.com\/pay-soff-pzh\" target=\"_blank\" rel=\"noopener noreferrer\">https:\/\/meet.google.com\/pay-soff-pzh<\/a><\/p>\n<p><a href=\"https:\/\/forms.gle\/wzv3ha9L9bZXn7ha6\" target=\"_blank\" rel=\"noopener noreferrer\">Inscripci\u00f3 Jornada Portes Obertes<\/a><\/p>\n<p><a href=\"https:\/\/agora.xtec.cat\/insllicamunt2\/secretaria\/preinscripcio\/\" target=\"_blank\" rel=\"noopener noreferrer\">Informaci\u00f3 Preinscripci\u00f3 en l\u00ednia<\/a><\/p>\n","protected":false},"excerpt":{"rendered":"<p>Enlla\u00e7 GoogleMeet: <a href=\"https:\/\/meet.google.com\/pay-soff-pzh\" target=\"_blank\" rel=\"noopener noreferrer\">https:\/\/meet.google.com\/pay-soff-pzh<\/a><br \/>\n<a href=\"https:\/\/forms.gle\/wzv3ha9L9bZXn7ha6\" target=\"_blank\" rel=\"noopener noreferrer\">Inscripci\u00f3 Jornada Portes Obertes<\/a><br \/>\n<a href=\"https:\/\/agora.xtec.cat\/insllicamunt2\/secretaria\/preinscripcio\/\" target=\"_blank\" rel=\"noopener noreferrer\">Informaci\u00f3 Preinscripci\u00f3 en l\u00ednia<\/a><\/p>\n","protected":false},"author":1,"featured_media":11861,"comment_status":"open","ping_status":"closed","sticky":false,"template":"","format":"standard","meta":{"_bbp_topic_count":0,"_bbp_reply_count":0,"_bbp_total_topic_count":0,"_bbp_total_reply_count":0,"_bbp_voice_count":0,"_bbp_anonymous_reply_count":0,"_bbp_topic_count_hidden":0,"_bbp_reply_count_hidden":0,"_bbp_forum_subforum_count":0,"footnotes":""},"categories":[29,1822],"tags":[],"class_list":["post-11860","post","type-post","status-publish","format-standard","has-post-thumbnail","hentry","category-portada","category-portes-obertes"],"post_mailing_queue_ids":[],"_links":{"self":[{"href":"https:\/\/agora.xtec.cat\/insllicamunt2\/wp-json\/wp\/v2\/posts\/11860","targetHints":{"allow":["GET"]}}],"collection":[{"href":"https:\/\/agora.xtec.cat\/insllicamunt2\/wp-json\/wp\/v2\/posts"}],"about":[{"href":"https:\/\/agora.xtec.cat\/insllicamunt2\/wp-json\/wp\/v2\/types\/post"}],"author":[{"embeddable":true,"href":"https:\/\/agora.xtec.cat\/insllicamunt2\/wp-json\/wp\/v2\/users\/1"}],"replies":[{"embeddable":true,"href":"https:\/\/agora.xtec.cat\/insllicamunt2\/wp-json\/wp\/v2\/comments?post=11860"}],"version-history":[{"count":3,"href":"https:\/\/agora.xtec.cat\/insllicamunt2\/wp-json\/wp\/v2\/posts\/11860\/revisions"}],"predecessor-version":[{"id":11884,"href":"https:\/\/agora.xtec.cat\/insllicamunt2\/wp-json\/wp\/v2\/posts\/11860\/revisions\/11884"}],"wp:featuredmedia":[{"embeddable":true,"href":"https:\/\/agora.xtec.cat\/insllicamunt2\/wp-json\/wp\/v2\/media\/11861"}],"wp:attachment":[{"href":"https:\/\/agora.xtec.cat\/insllicamunt2\/wp-json\/wp\/v2\/media?parent=11860"}],"wp:term":[{"taxonomy":"category","embeddable":true,"href":"https:\/\/agora.xtec.cat\/insllicamunt2\/wp-json\/wp\/v2\/categories?post=11860"},{"taxonomy":"post_tag","embeddable":true,"href":"https:\/\/agora.xtec.cat\/insllicamunt2\/wp-json\/wp\/v2\/tags?post=11860"}],"curies":[{"name":"wp","href":"https:\/\/api.w.org\/{rel}","templated":true}]}}