{"id":11825,"date":"2021-02-16T19:59:51","date_gmt":"2021-02-16T18:59:51","guid":{"rendered":"http:\/\/agora.xtec.cat\/insllicamunt2\/?p=11825"},"modified":"2021-02-22T09:10:53","modified_gmt":"2021-02-22T08:10:53","slug":"competencies-basiques-2021","status":"publish","type":"post","link":"https:\/\/agora.xtec.cat\/insllicamunt2\/el-far-dhipatia\/grups\/4t-deso\/competencies-basiques-2021\/","title":{"rendered":"Compet\u00e8ncies b\u00e0siques 2021"},"content":{"rendered":"<p style=\"text-align: justify;\">La prova d&#8217;avaluaci\u00f3 de quart d&#8217;educaci\u00f3 secund\u00e0ria obligat\u00f2ria (ESO) avalua les compet\u00e8ncies i coneixements b\u00e0sics que ha d&#8217;haver adquirit l&#8217;alumnat al final de l&#8217;ESO en compet\u00e8ncia comunicativa ling\u00fc\u00edstica (en llengua catalana, castellana i estrangera i en aran\u00e8s a l&#8217;Aran), en compet\u00e8ncia matem\u00e0tica i en compet\u00e8ncia cientificotecnol\u00f2gica.<\/p>\n<p style=\"text-align: justify;\">\u00c9s una avaluaci\u00f3 externa de car\u00e0cter formatiu i orientador per als centres i per al conjunt de la comunitat educativa que ha de permetre caracteritzar, de manera precisa, la formaci\u00f3 que han de rebre tots els estudiants, per proporcionar-los una educaci\u00f3 de qualitat i millorar el seu nivell educatiu. \u00c9s una activitat educativa i, com a tal, t\u00e9 car\u00e0cter obligatori, at\u00e8s que est\u00e0 configurada com un deure dels alumnes.<\/p>\n<p style=\"text-align: justify;\">El calendari d&#8217;avaluaci\u00f3 per al curs 2020-2021 \u00e9s 17 (dimecres) i 18 (dijous) de febrer de 2021.<\/p>\n<p style=\"text-align: justify;\">L&#8217;alumnat ha de fer la prova en el mateix centre educatiu on est\u00e0 escolaritzat en les dates previstes a la convocat\u00f2ria.<\/p>\n<p style=\"text-align: center;\">L\u2019horari de les proves ser\u00e0 el seg\u00fcent:<\/p>\n<table class=\" aligncenter\" style=\"height: 370px;\" width=\"850\">\n<tbody>\n<tr>\n<td style=\"text-align: justify; width: 228.8px;\"><img loading=\"lazy\" decoding=\"async\" class=\"aligncenter size-full wp-image-11826\" src=\"https:\/\/agora.xtec.cat\/insllicamunt2\/wp-content\/uploads\/usu1100\/2021\/02\/Captura.png\" alt=\"\" width=\"521\" height=\"213\" srcset=\"https:\/\/agora.xtec.cat\/insllicamunt2\/wp-content\/uploads\/usu1100\/2021\/02\/Captura.png 521w, https:\/\/agora.xtec.cat\/insllicamunt2\/wp-content\/uploads\/usu1100\/2021\/02\/Captura-300x123.png 300w\" sizes=\"auto, (max-width: 521px) 100vw, 521px\" \/>Dimecres, 17 de febrer<\/td>\n<td style=\"width: 221.6px;\">Dijous, 18 de febrer<\/td>\n<td style=\"width: 247.2px;\">PAUTES I CONSELLS<\/td>\n<\/tr>\n<tr>\n<td style=\"width: 228.8px;\">9 \u201310h Matem\u00e0tiques<\/p>\n<p>&nbsp;<\/p>\n<p>10 \u201311h Llengua castellana<\/p>\n<p>&nbsp;<\/p>\n<p>11 \u201311.30h Descans<\/p>\n<p>&nbsp;<\/p>\n<p>11.30\u201312.45h Llengua estrangera<\/td>\n<td style=\"width: 221.6px;\">9\u201310h Llengua catalana<\/p>\n<p>&nbsp;<\/p>\n<p>10 \u201311.15h Cientificotecnol\u00f2gica<\/p>\n<p>&nbsp;<\/p>\n<p style=\"text-align: center;\">\n<\/td>\n<td style=\"width: 247.2px;\"><a href=\"https:\/\/serveiseducatius.xtec.cat\/vallesoccidental3\/wp-content\/uploads\/usu1147\/2021\/01\/A4S_2021_PAUTES-I-CONSELLS_0.pdf\" target=\"_blank\" rel=\"noopener noreferrer\"><img loading=\"lazy\" decoding=\"async\" class=\"alignleft wp-image-8929 size-medium\" src=\"https:\/\/serveiseducatius.xtec.cat\/vallesoccidental3\/wp-content\/uploads\/usu1147\/2021\/01\/Captura-de-pantalla-2021-01-26-a-las-12.17.57-213x300.png\" alt=\"\" width=\"213\" height=\"300\" \/><\/a><\/td>\n<\/tr>\n<\/tbody>\n<\/table>\n","protected":false},"excerpt":{"rendered":"<p>Compet\u00e8ncies b\u00e0siques a 4t d&#8217;ESO, 2021.<br \/>\nDies: 17 i 18 de febrer.&hellip;  <a href=\"https:\/\/agora.xtec.cat\/insllicamunt2\/el-far-dhipatia\/grups\/4t-deso\/competencies-basiques-2021\/\" title=\"Read Compet\u00e8ncies b\u00e0siques 2021\">Llegeix m\u00e9s\u00bb<\/a><\/p>\n","protected":false},"author":1,"featured_media":11826,"comment_status":"open","ping_status":"closed","sticky":false,"template":"","format":"standard","meta":{"_bbp_topic_count":0,"_bbp_reply_count":0,"_bbp_total_topic_count":0,"_bbp_total_reply_count":0,"_bbp_voice_count":0,"_bbp_anonymous_reply_count":0,"_bbp_topic_count_hidden":0,"_bbp_reply_count_hidden":0,"_bbp_forum_subforum_count":0,"footnotes":""},"categories":[7,101,350,99,347,348,349,1040,359,354,346,98,29,353],"tags":[279,525],"class_list":["post-11825","post","type-post","status-publish","format-standard","has-post-thumbnail","hentry","category-4t-deso","category-activitats-de-centre","category-angles","category-articles","category-biologia-i-geologia","category-castella","category-catala","category-el-far-dhipatia","category-fisica-i-quimica","category-matematiques","category-materies","category-noticies-breus","category-portada","category-tecnologies","tag-4t-deso","tag-competencies-basiques"],"post_mailing_queue_ids":[],"_links":{"self":[{"href":"https:\/\/agora.xtec.cat\/insllicamunt2\/wp-json\/wp\/v2\/posts\/11825","targetHints":{"allow":["GET"]}}],"collection":[{"href":"https:\/\/agora.xtec.cat\/insllicamunt2\/wp-json\/wp\/v2\/posts"}],"about":[{"href":"https:\/\/agora.xtec.cat\/insllicamunt2\/wp-json\/wp\/v2\/types\/post"}],"author":[{"embeddable":true,"href":"https:\/\/agora.xtec.cat\/insllicamunt2\/wp-json\/wp\/v2\/users\/1"}],"replies":[{"embeddable":true,"href":"https:\/\/agora.xtec.cat\/insllicamunt2\/wp-json\/wp\/v2\/comments?post=11825"}],"version-history":[{"count":2,"href":"https:\/\/agora.xtec.cat\/insllicamunt2\/wp-json\/wp\/v2\/posts\/11825\/revisions"}],"predecessor-version":[{"id":11851,"href":"https:\/\/agora.xtec.cat\/insllicamunt2\/wp-json\/wp\/v2\/posts\/11825\/revisions\/11851"}],"wp:featuredmedia":[{"embeddable":true,"href":"https:\/\/agora.xtec.cat\/insllicamunt2\/wp-json\/wp\/v2\/media\/11826"}],"wp:attachment":[{"href":"https:\/\/agora.xtec.cat\/insllicamunt2\/wp-json\/wp\/v2\/media?parent=11825"}],"wp:term":[{"taxonomy":"category","embeddable":true,"href":"https:\/\/agora.xtec.cat\/insllicamunt2\/wp-json\/wp\/v2\/categories?post=11825"},{"taxonomy":"post_tag","embeddable":true,"href":"https:\/\/agora.xtec.cat\/insllicamunt2\/wp-json\/wp\/v2\/tags?post=11825"}],"curies":[{"name":"wp","href":"https:\/\/api.w.org\/{rel}","templated":true}]}}