{"id":11818,"date":"2021-02-16T18:34:21","date_gmt":"2021-02-16T17:34:21","guid":{"rendered":"http:\/\/agora.xtec.cat\/insllicamunt2\/?p=11818"},"modified":"2021-02-22T09:11:09","modified_gmt":"2021-02-22T08:11:09","slug":"el-teatre-ve-a-lhipatia","status":"publish","type":"post","link":"https:\/\/agora.xtec.cat\/insllicamunt2\/el-far-dhipatia\/grups\/el-teatre-ve-a-lhipatia\/","title":{"rendered":"El teatre ve a l&#8217;Hip\u00e0tia"},"content":{"rendered":"<p style=\"text-align: justify;\">Al llarg d&#8217;aquesta setmana, els alumnes dels diferents cursos del nostre centre podran gaudir i aprendre amb una sessi\u00f3 de microteatre-debat. Aquesta activitat \u00e9s organitzada per la Diputaci\u00f3 de Barcelona conjuntament amb l&#8217;Ajuntament de Lli\u00e7\u00e0 d&#8217;Amunt. El projecte &#8220;Anem al Teatre&#8221; compta amb 25 anys d&#8217;experi\u00e8ncia i amb actors professionals. Tenen espectacles idonis per a cada nivell educatiu seleccionats per un grup d&#8217;experts.<\/p>\n<p style=\"text-align: justify;\">Els alumnes de 1r d&#8217;ESO assistiran a l&#8217;espectacle <a href=\"https:\/\/vimeo.com\/408475305\/4dd0cb3630\"><strong>Perfil d&#8217;\u00e8xit<\/strong>. <\/a>Ja sabem que les xarxes socials s\u00f3n un aparador. Per\u00f2 hi pengem el que som o b\u00e9 el que volem ser? La reconeguda influencer Luci Hac entra a l&#8217;aula per explicar-nos les claus de l&#8217;\u00e8xit. La Luci ens donar\u00e0 consells per saber com triomfar i ser feli\u00e7. Per\u00f2&#8230; quines s\u00f3n les normes del joc de l&#8217;\u00e8xit? Estem disposats a jugar-les? A quin preu? Aquest \u00e9s l&#8217;argument del microteatre que veuran els alumnes de 1r que t\u00e9 com a objectiu generar un debat entorn un m\u00f3n que els t\u00e9 molt enganxats, com \u00e9s el de les xarxes socials.<\/p>\n<p style=\"text-align: justify;\">Els alumnes de 2n veuran l&#8217;espectacle <a href=\"https:\/\/vimeo.com\/326753680\">Selecci\u00f3 Natural<\/a>.\u00a0 Un de cada set joves ha viscut algun cas d&#8217;assetjament escolar. Aquest \u00e9s el tema que pret\u00e9n obrir debat per als alumnes de 2n d&#8217;ESO. A trav\u00e9s d\u2019aquest mon\u00f2leg que interpel\u00b7la els adolescents d&#8217;una forma colpidora, es reflexionar\u00e0 sobre les causes, motivacions i conseq\u00fc\u00e8ncies de les viol\u00e8ncies en el context escolar.<\/p>\n<p style=\"text-align: justify;\">Els alumnes de 3r tindran l&#8217;oportunitat de veure l&#8217;obra <a href=\"https:\/\/vimeo.com\/238366201\/68d3bad4fd\">Albert-Berta<\/a> i aix\u00ed poder parlar de transsexualitat, un tema prou desconegut que afecta for\u00e7a infants i adolescents. Cal obrir-los els ulls i educar-los amb el respecte.<\/p>\n<p style=\"text-align: justify;\">I l&#8217;alumnat de 4t d&#8217;ESO podr\u00e0 gaudir amb l&#8217;obra <a href=\"https:\/\/vimeo.com\/238420439\/e96382517a\">La Corda<\/a> que fa reflexionar entorn la viol\u00e8ncia de g\u00e8nere, molt escoltada per\u00f2 encara amb\u00a0 poca consci\u00e8ncia general.<\/p>\n<p>Esperem que tots plegats en gaudeixin, debatin i aprenguin entorn el tema plantejat.<\/p>\n<p><img loading=\"lazy\" decoding=\"async\" class=\"aligncenter size-full wp-image-11819\" src=\"https:\/\/agora.xtec.cat\/insllicamunt2\/wp-content\/uploads\/usu1100\/2021\/02\/anem-al-teatre-redim-w400-h212.jpg\" alt=\"\" width=\"400\" height=\"212\" srcset=\"https:\/\/agora.xtec.cat\/insllicamunt2\/wp-content\/uploads\/usu1100\/2021\/02\/anem-al-teatre-redim-w400-h212.jpg 400w, https:\/\/agora.xtec.cat\/insllicamunt2\/wp-content\/uploads\/usu1100\/2021\/02\/anem-al-teatre-redim-w400-h212-300x159.jpg 300w\" sizes=\"auto, (max-width: 400px) 100vw, 400px\" \/><\/p>\n","protected":false},"excerpt":{"rendered":"<p>Al llarg d&#8217;aquesta setmana, els alumnes dels diferents cursos del nostre centre podran gaudir i aprendre amb una sessi\u00f3 de microteatre-debat. Aquesta activitat \u00e9s organitzada per la Diputaci\u00f3 de Barcelona conjuntament amb l&#8217;Ajuntament de Lli\u00e7\u00e0 d&#8217;Amunt. El projecte &#8220;Anem al Teatre&#8221; compta amb 25 anys&hellip;  <a href=\"https:\/\/agora.xtec.cat\/insllicamunt2\/el-far-dhipatia\/grups\/el-teatre-ve-a-lhipatia\/\" title=\"Read El teatre ve a l&#8217;Hip\u00e0tia\">Llegeix m\u00e9s\u00bb<\/a><\/p>\n","protected":false},"author":1,"featured_media":11819,"comment_status":"open","ping_status":"closed","sticky":false,"template":"","format":"standard","meta":{"_bbp_topic_count":0,"_bbp_reply_count":0,"_bbp_total_topic_count":0,"_bbp_total_reply_count":0,"_bbp_voice_count":0,"_bbp_anonymous_reply_count":0,"_bbp_topic_count_hidden":0,"_bbp_reply_count_hidden":0,"_bbp_forum_subforum_count":0,"footnotes":""},"categories":[4,5,6,7,101,99,349,1040,3,98,29,361],"tags":[998,284,854,279,1819,1820],"class_list":["post-11818","post","type-post","status-publish","format-standard","has-post-thumbnail","hentry","category-1r-deso","category-2n-deso","category-3r-deso","category-4t-deso","category-activitats-de-centre","category-articles","category-catala","category-el-far-dhipatia","category-grups","category-noticies-breus","category-portada","category-tutoria","tag-1r-deso","tag-2n-deso","tag-3r-deso","tag-4t-deso","tag-anem-al-teatre","tag-microteatre"],"post_mailing_queue_ids":[],"_links":{"self":[{"href":"https:\/\/agora.xtec.cat\/insllicamunt2\/wp-json\/wp\/v2\/posts\/11818","targetHints":{"allow":["GET"]}}],"collection":[{"href":"https:\/\/agora.xtec.cat\/insllicamunt2\/wp-json\/wp\/v2\/posts"}],"about":[{"href":"https:\/\/agora.xtec.cat\/insllicamunt2\/wp-json\/wp\/v2\/types\/post"}],"author":[{"embeddable":true,"href":"https:\/\/agora.xtec.cat\/insllicamunt2\/wp-json\/wp\/v2\/users\/1"}],"replies":[{"embeddable":true,"href":"https:\/\/agora.xtec.cat\/insllicamunt2\/wp-json\/wp\/v2\/comments?post=11818"}],"version-history":[{"count":3,"href":"https:\/\/agora.xtec.cat\/insllicamunt2\/wp-json\/wp\/v2\/posts\/11818\/revisions"}],"predecessor-version":[{"id":11824,"href":"https:\/\/agora.xtec.cat\/insllicamunt2\/wp-json\/wp\/v2\/posts\/11818\/revisions\/11824"}],"wp:featuredmedia":[{"embeddable":true,"href":"https:\/\/agora.xtec.cat\/insllicamunt2\/wp-json\/wp\/v2\/media\/11819"}],"wp:attachment":[{"href":"https:\/\/agora.xtec.cat\/insllicamunt2\/wp-json\/wp\/v2\/media?parent=11818"}],"wp:term":[{"taxonomy":"category","embeddable":true,"href":"https:\/\/agora.xtec.cat\/insllicamunt2\/wp-json\/wp\/v2\/categories?post=11818"},{"taxonomy":"post_tag","embeddable":true,"href":"https:\/\/agora.xtec.cat\/insllicamunt2\/wp-json\/wp\/v2\/tags?post=11818"}],"curies":[{"name":"wp","href":"https:\/\/api.w.org\/{rel}","templated":true}]}}