{"id":11778,"date":"2021-01-07T11:20:40","date_gmt":"2021-01-07T10:20:40","guid":{"rendered":"http:\/\/agora.xtec.cat\/insllicamunt2\/?p=11778"},"modified":"2021-01-29T12:21:02","modified_gmt":"2021-01-29T11:21:02","slug":"carta-de-comiat-a-la-lourdes","status":"publish","type":"post","link":"https:\/\/agora.xtec.cat\/insllicamunt2\/el-far-dhipatia\/portada\/carta-de-comiat-a-la-lourdes\/","title":{"rendered":"Carta de comiat a la Lourdes"},"content":{"rendered":"<p>Benvolguda Lourdes,<\/p>\n<p style=\"text-align: justify;\">Fa set anys que capitaneges el gran vaixell que \u00e9s l&#8217;Hip\u00e0tia. Has estat la capdavantera i el pal de paller d&#8217;un projecte educatiu molt agosarat i sincer. De ben segur que has viscut moments de gaudi i de preocupacions. Ser directora no \u00e9s f\u00e0cil, no nom\u00e9s \u00e9s la cara visible i amable,\u00a0 sin\u00f3 que hi ha molta feina de coordinaci\u00f3, d&#8217;equip, presa de decisions, paperassa i despatx. Tu ho has sabut abarcar tot amb un somriure i saber estar. Fa falta molta paci\u00e8ncia, m\u00e0 esquerra, ho sabem, i d&#8217;aix\u00f2 no te n&#8217;ha faltat en cap moment.<\/p>\n<p style=\"text-align: justify;\">Ara t&#8217;allunyes de les aules i de les classes de castell\u00e0 que tant t&#8217;apassionen. Sortir de la zona de confort i cercar altres aventures, malgrat sigui dins de l&#8217;educaci\u00f3, no \u00e9s f\u00e0cil per\u00f2 has pres aquesta decisi\u00f3, un nou canvi de rumb en la teva vida, i tots\u00a0 et desitgem el millor.<\/p>\n<p style=\"text-align: justify;\">Per sort el projecte de l&#8217;Hip\u00e0tia seguir\u00e0 endavant. Tots nosaltres remarem junts, com sempre, per arribar a bon port. I la bona direcci\u00f3 est\u00e0 m\u00e9s que garantida amb l&#8217;equip que has deixat, el Santi, la Muntsa, el Jorge i amb la nova incorporaci\u00f3 de la Rosana.<\/p>\n<p style=\"text-align: justify;\">Des d&#8217;aquestes ratlles nom\u00e9s volem donar-te les GR\u00c0CIES en maj\u00fascula, per tot i per tant, i dir-te que et trobarem molt a faltar. Has deixat una ferma petjada a l&#8217;Hip\u00e0tia i en tots nosaltres.<\/p>\n<p style=\"text-align: justify;\">Lourdes, molta, molta sort, i ja saps que si et repenses aqu\u00ed t&#8217;esperarem amb els bra\u00e7os ben oberts.<\/p>\n<p>Una forta i dol\u00e7a abra\u00e7ada,<\/p>\n\n\t\t<style type=\"text\/css\">\n\t\t\t#gallery-1 {\n\t\t\t\tmargin: auto;\n\t\t\t}\n\t\t\t#gallery-1 .gallery-item {\n\t\t\t\tfloat: left;\n\t\t\t\tmargin-top: 10px;\n\t\t\t\ttext-align: center;\n\t\t\t\twidth: 33%;\n\t\t\t}\n\t\t\t#gallery-1 img {\n\t\t\t\tborder: 2px solid #cfcfcf;\n\t\t\t}\n\t\t\t#gallery-1 .gallery-caption {\n\t\t\t\tmargin-left: 0;\n\t\t\t}\n\t\t\t\/* see gallery_shortcode() in wp-includes\/media.php *\/\n\t\t<\/style>\n\t\t<div id='gallery-1' class='gallery galleryid-11778 gallery-columns-3 gallery-size-thumbnail'><dl class='gallery-item'>\n\t\t\t<dt class='gallery-icon landscape'>\n\t\t\t\t<a href='https:\/\/agora.xtec.cat\/insllicamunt2\/el-far-dhipatia\/portada\/carta-de-comiat-a-la-lourdes\/attachment\/img-20201221-wa0059\/'><img loading=\"lazy\" decoding=\"async\" width=\"150\" height=\"150\" src=\"https:\/\/agora.xtec.cat\/insllicamunt2\/wp-content\/uploads\/usu1100\/2021\/01\/IMG-20201221-WA0059-150x150.jpg\" class=\"attachment-thumbnail size-thumbnail\" alt=\"\" \/><\/a>\n\t\t\t<\/dt><\/dl><dl class='gallery-item'>\n\t\t\t<dt class='gallery-icon landscape'>\n\t\t\t\t<a href='https:\/\/agora.xtec.cat\/insllicamunt2\/el-far-dhipatia\/portada\/carta-de-comiat-a-la-lourdes\/attachment\/img-20210107-wa0001\/'><img loading=\"lazy\" decoding=\"async\" width=\"150\" height=\"150\" src=\"https:\/\/agora.xtec.cat\/insllicamunt2\/wp-content\/uploads\/usu1100\/2021\/01\/IMG-20210107-WA0001-150x150.jpg\" class=\"attachment-thumbnail size-thumbnail\" alt=\"\" \/><\/a>\n\t\t\t<\/dt><\/dl><dl class='gallery-item'>\n\t\t\t<dt class='gallery-icon portrait'>\n\t\t\t\t<a href='https:\/\/agora.xtec.cat\/insllicamunt2\/el-far-dhipatia\/portada\/carta-de-comiat-a-la-lourdes\/attachment\/img-20201222-wa0003\/'><img loading=\"lazy\" decoding=\"async\" width=\"150\" height=\"150\" src=\"https:\/\/agora.xtec.cat\/insllicamunt2\/wp-content\/uploads\/usu1100\/2021\/01\/IMG-20201222-WA0003-150x150.jpg\" class=\"attachment-thumbnail size-thumbnail\" alt=\"\" \/><\/a>\n\t\t\t<\/dt><\/dl><br style=\"clear: both\" \/><dl class='gallery-item'>\n\t\t\t<dt class='gallery-icon portrait'>\n\t\t\t\t<a href='https:\/\/agora.xtec.cat\/insllicamunt2\/el-far-dhipatia\/portada\/carta-de-comiat-a-la-lourdes\/attachment\/img-20210107-wa0005\/'><img loading=\"lazy\" decoding=\"async\" width=\"150\" height=\"150\" src=\"https:\/\/agora.xtec.cat\/insllicamunt2\/wp-content\/uploads\/usu1100\/2021\/01\/IMG-20210107-WA0005-150x150.jpg\" class=\"attachment-thumbnail size-thumbnail\" alt=\"\" \/><\/a>\n\t\t\t<\/dt><\/dl><dl class='gallery-item'>\n\t\t\t<dt class='gallery-icon portrait'>\n\t\t\t\t<a href='https:\/\/agora.xtec.cat\/insllicamunt2\/el-far-dhipatia\/portada\/carta-de-comiat-a-la-lourdes\/attachment\/img-20201221-wa0060\/'><img loading=\"lazy\" decoding=\"async\" width=\"150\" height=\"150\" src=\"https:\/\/agora.xtec.cat\/insllicamunt2\/wp-content\/uploads\/usu1100\/2021\/01\/IMG-20201221-WA0060-150x150.jpg\" class=\"attachment-thumbnail size-thumbnail\" alt=\"\" \/><\/a>\n\t\t\t<\/dt><\/dl>\n\t\t\t<br style='clear: both' \/>\n\t\t<\/div>\n\n<p>&nbsp;<\/p>\n","protected":false},"excerpt":{"rendered":"<p>Carta de comiat per a la Lourdes que deixar\u00e0 de treballar a l&#8217;Hip\u00e0tia d&#8217;Alexandria despr\u00e9s de 7 anys d&#8217;estar al capdavant com a directora.&hellip;  <a href=\"https:\/\/agora.xtec.cat\/insllicamunt2\/el-far-dhipatia\/portada\/carta-de-comiat-a-la-lourdes\/\" title=\"Read Carta de comiat a la Lourdes\">Llegeix m\u00e9s\u00bb<\/a><\/p>\n","protected":false},"author":1,"featured_media":11780,"comment_status":"open","ping_status":"closed","sticky":false,"template":"","format":"standard","meta":{"_bbp_topic_count":0,"_bbp_reply_count":0,"_bbp_total_topic_count":0,"_bbp_total_reply_count":0,"_bbp_voice_count":0,"_bbp_anonymous_reply_count":0,"_bbp_topic_count_hidden":0,"_bbp_reply_count_hidden":0,"_bbp_forum_subforum_count":0,"footnotes":""},"categories":[99,401,98,29],"tags":[1817,1816],"class_list":["post-11778","post","type-post","status-publish","format-standard","has-post-thumbnail","hentry","category-articles","category-la-biblioteca-dalexandria","category-noticies-breus","category-portada","tag-carta-de-comiat-lourdes","tag-comiat-lourdes"],"post_mailing_queue_ids":[],"_links":{"self":[{"href":"https:\/\/agora.xtec.cat\/insllicamunt2\/wp-json\/wp\/v2\/posts\/11778","targetHints":{"allow":["GET"]}}],"collection":[{"href":"https:\/\/agora.xtec.cat\/insllicamunt2\/wp-json\/wp\/v2\/posts"}],"about":[{"href":"https:\/\/agora.xtec.cat\/insllicamunt2\/wp-json\/wp\/v2\/types\/post"}],"author":[{"embeddable":true,"href":"https:\/\/agora.xtec.cat\/insllicamunt2\/wp-json\/wp\/v2\/users\/1"}],"replies":[{"embeddable":true,"href":"https:\/\/agora.xtec.cat\/insllicamunt2\/wp-json\/wp\/v2\/comments?post=11778"}],"version-history":[{"count":3,"href":"https:\/\/agora.xtec.cat\/insllicamunt2\/wp-json\/wp\/v2\/posts\/11778\/revisions"}],"predecessor-version":[{"id":11811,"href":"https:\/\/agora.xtec.cat\/insllicamunt2\/wp-json\/wp\/v2\/posts\/11778\/revisions\/11811"}],"wp:featuredmedia":[{"embeddable":true,"href":"https:\/\/agora.xtec.cat\/insllicamunt2\/wp-json\/wp\/v2\/media\/11780"}],"wp:attachment":[{"href":"https:\/\/agora.xtec.cat\/insllicamunt2\/wp-json\/wp\/v2\/media?parent=11778"}],"wp:term":[{"taxonomy":"category","embeddable":true,"href":"https:\/\/agora.xtec.cat\/insllicamunt2\/wp-json\/wp\/v2\/categories?post=11778"},{"taxonomy":"post_tag","embeddable":true,"href":"https:\/\/agora.xtec.cat\/insllicamunt2\/wp-json\/wp\/v2\/tags?post=11778"}],"curies":[{"name":"wp","href":"https:\/\/api.w.org\/{rel}","templated":true}]}}