{"id":11746,"date":"2020-12-10T19:30:47","date_gmt":"2020-12-10T18:30:47","guid":{"rendered":"http:\/\/agora.xtec.cat\/insllicamunt2\/?p=11746"},"modified":"2020-12-11T10:43:41","modified_gmt":"2020-12-11T09:43:41","slug":"pintem-la-marato","status":"publish","type":"post","link":"https:\/\/agora.xtec.cat\/insllicamunt2\/el-far-dhipatia\/grups\/4t-deso\/pintem-la-marato\/","title":{"rendered":"Pintem la Marat\u00f3."},"content":{"rendered":"<div>Des de l&#8217;optativa de 4t, els alumnes de l&#8217;Hip\u00e0tia han volgut posar el seu granet de sorra i participar al concurs &#8220;Pinta la Marat\u00f3&#8221;.<\/div>\n<div><\/div>\n<div>&#8220;La nostra proposta, comenten els nostres artistes, pret\u00e9n mostrar que la COVID-19 pot afectar tothom, indepentdentment de la seva edat,<\/div>\n<div><\/div>\n<div>g\u00e8nere, etc. Per aquest motiu hem optat per un rostre indefinit. El fons evoca les abs\u00e8ncies produ\u00efdes a causa de la malaltia.&#8221;<\/div>\n<div><\/div>\n<div>Fixeu-vos quin cartell m\u00e9s suggeridor i ple de sensibilitat n&#8217;ha sorgit. Moltes gr\u00e0cies! Sou uns artistes!<\/div>\n<div><\/div>\n<div><\/div>\n<div>\n\n\t\t<style type=\"text\/css\">\n\t\t\t#gallery-1 {\n\t\t\t\tmargin: auto;\n\t\t\t}\n\t\t\t#gallery-1 .gallery-item {\n\t\t\t\tfloat: left;\n\t\t\t\tmargin-top: 10px;\n\t\t\t\ttext-align: center;\n\t\t\t\twidth: 33%;\n\t\t\t}\n\t\t\t#gallery-1 img {\n\t\t\t\tborder: 2px solid #cfcfcf;\n\t\t\t}\n\t\t\t#gallery-1 .gallery-caption {\n\t\t\t\tmargin-left: 0;\n\t\t\t}\n\t\t\t\/* see gallery_shortcode() in wp-includes\/media.php *\/\n\t\t<\/style>\n\t\t<div id='gallery-1' class='gallery galleryid-11746 gallery-columns-3 gallery-size-thumbnail'><dl class='gallery-item'>\n\t\t\t<dt class='gallery-icon landscape'>\n\t\t\t\t<a href='https:\/\/agora.xtec.cat\/insllicamunt2\/el-far-dhipatia\/grups\/4t-deso\/pintem-la-marato\/attachment\/cartell-la-marato-20-21-min\/'><img loading=\"lazy\" decoding=\"async\" width=\"150\" height=\"150\" src=\"https:\/\/agora.xtec.cat\/insllicamunt2\/wp-content\/uploads\/usu1100\/2020\/12\/Cartell-La-Marat\u00f3-20-21-min-150x150.jpg\" class=\"attachment-thumbnail size-thumbnail\" alt=\"\" srcset=\"https:\/\/agora.xtec.cat\/insllicamunt2\/wp-content\/uploads\/usu1100\/2020\/12\/Cartell-La-Marat\u00f3-20-21-min-150x150.jpg 150w, https:\/\/agora.xtec.cat\/insllicamunt2\/wp-content\/uploads\/usu1100\/2020\/12\/Cartell-La-Marat\u00f3-20-21-min-300x300.jpg 300w, https:\/\/agora.xtec.cat\/insllicamunt2\/wp-content\/uploads\/usu1100\/2020\/12\/Cartell-La-Marat\u00f3-20-21-min-768x768.jpg 768w, https:\/\/agora.xtec.cat\/insllicamunt2\/wp-content\/uploads\/usu1100\/2020\/12\/Cartell-La-Marat\u00f3-20-21-min-1024x1024.jpg 1024w\" sizes=\"auto, (max-width: 150px) 100vw, 150px\" \/><\/a>\n\t\t\t<\/dt><\/dl><dl class='gallery-item'>\n\t\t\t<dt class='gallery-icon landscape'>\n\t\t\t\t<a href='https:\/\/agora.xtec.cat\/insllicamunt2\/el-far-dhipatia\/grups\/4t-deso\/pintem-la-marato\/attachment\/realitzacio-cartell-4t-1-min\/'><img loading=\"lazy\" decoding=\"async\" width=\"150\" height=\"150\" src=\"https:\/\/agora.xtec.cat\/insllicamunt2\/wp-content\/uploads\/usu1100\/2020\/12\/Realitzaci\u00f3-cartell-4t-1-min-150x150.jpg\" class=\"attachment-thumbnail size-thumbnail\" alt=\"\" \/><\/a>\n\t\t\t<\/dt><\/dl><dl class='gallery-item'>\n\t\t\t<dt class='gallery-icon portrait'>\n\t\t\t\t<a href='https:\/\/agora.xtec.cat\/insllicamunt2\/el-far-dhipatia\/grups\/4t-deso\/pintem-la-marato\/attachment\/realitzacio-cartell-4t-2-min\/'><img loading=\"lazy\" decoding=\"async\" width=\"150\" height=\"150\" src=\"https:\/\/agora.xtec.cat\/insllicamunt2\/wp-content\/uploads\/usu1100\/2020\/12\/Realitzaci\u00f3-cartell-4t-2-min-150x150.jpg\" class=\"attachment-thumbnail size-thumbnail\" alt=\"\" \/><\/a>\n\t\t\t<\/dt><\/dl><br style=\"clear: both\" \/><dl class='gallery-item'>\n\t\t\t<dt class='gallery-icon portrait'>\n\t\t\t\t<a href='https:\/\/agora.xtec.cat\/insllicamunt2\/el-far-dhipatia\/grups\/4t-deso\/pintem-la-marato\/attachment\/realitzacio-cartell-3-min\/'><img loading=\"lazy\" decoding=\"async\" width=\"150\" height=\"150\" src=\"https:\/\/agora.xtec.cat\/insllicamunt2\/wp-content\/uploads\/usu1100\/2020\/12\/Realitzaci\u00f3-cartell-3-min-150x150.jpg\" class=\"attachment-thumbnail size-thumbnail\" alt=\"\" \/><\/a>\n\t\t\t<\/dt><\/dl><dl class='gallery-item'>\n\t\t\t<dt class='gallery-icon portrait'>\n\t\t\t\t<a href='https:\/\/agora.xtec.cat\/insllicamunt2\/el-far-dhipatia\/grups\/4t-deso\/pintem-la-marato\/attachment\/realitzacio-cartell-4t-4-min\/'><img loading=\"lazy\" decoding=\"async\" width=\"150\" height=\"150\" src=\"https:\/\/agora.xtec.cat\/insllicamunt2\/wp-content\/uploads\/usu1100\/2020\/12\/Realitzaci\u00f3-cartell-4t-4-min-150x150.jpg\" class=\"attachment-thumbnail size-thumbnail\" alt=\"\" \/><\/a>\n\t\t\t<\/dt><\/dl>\n\t\t\t<br style='clear: both' \/>\n\t\t<\/div>\n\n<\/div>\n<div><\/div>\n<div><\/div>\n<div><\/div>\n<div><\/div>\n<div><\/div>\n<div><\/div>\n<div><\/div>\n<div><\/div>\n<div><\/div>\n<div><\/div>\n","protected":false},"excerpt":{"rendered":"<p>Els alumnes de l&#8217;optativa de visual i pl\u00e0stica de 4t amb la Marat\u00f3. Us ensenyem el cartell que han realitzat.&hellip;  <a href=\"https:\/\/agora.xtec.cat\/insllicamunt2\/el-far-dhipatia\/grups\/4t-deso\/pintem-la-marato\/\" title=\"Read Pintem la Marat\u00f3.\">Llegeix m\u00e9s\u00bb<\/a><\/p>\n","protected":false},"author":1,"featured_media":11747,"comment_status":"open","ping_status":"closed","sticky":false,"template":"","format":"standard","meta":{"_bbp_topic_count":0,"_bbp_reply_count":0,"_bbp_total_topic_count":0,"_bbp_total_reply_count":0,"_bbp_voice_count":0,"_bbp_anonymous_reply_count":0,"_bbp_topic_count_hidden":0,"_bbp_reply_count_hidden":0,"_bbp_forum_subforum_count":0,"footnotes":""},"categories":[7,101,99,1040,98,29,357],"tags":[279,1815,1814,67],"class_list":["post-11746","post","type-post","status-publish","format-standard","has-post-thumbnail","hentry","category-4t-deso","category-activitats-de-centre","category-articles","category-el-far-dhipatia","category-noticies-breus","category-portada","category-visual-i-plastica","tag-4t-deso","tag-la-marato","tag-pinta-la-marato","tag-visual-i-plastica"],"post_mailing_queue_ids":[],"_links":{"self":[{"href":"https:\/\/agora.xtec.cat\/insllicamunt2\/wp-json\/wp\/v2\/posts\/11746","targetHints":{"allow":["GET"]}}],"collection":[{"href":"https:\/\/agora.xtec.cat\/insllicamunt2\/wp-json\/wp\/v2\/posts"}],"about":[{"href":"https:\/\/agora.xtec.cat\/insllicamunt2\/wp-json\/wp\/v2\/types\/post"}],"author":[{"embeddable":true,"href":"https:\/\/agora.xtec.cat\/insllicamunt2\/wp-json\/wp\/v2\/users\/1"}],"replies":[{"embeddable":true,"href":"https:\/\/agora.xtec.cat\/insllicamunt2\/wp-json\/wp\/v2\/comments?post=11746"}],"version-history":[{"count":3,"href":"https:\/\/agora.xtec.cat\/insllicamunt2\/wp-json\/wp\/v2\/posts\/11746\/revisions"}],"predecessor-version":[{"id":11760,"href":"https:\/\/agora.xtec.cat\/insllicamunt2\/wp-json\/wp\/v2\/posts\/11746\/revisions\/11760"}],"wp:featuredmedia":[{"embeddable":true,"href":"https:\/\/agora.xtec.cat\/insllicamunt2\/wp-json\/wp\/v2\/media\/11747"}],"wp:attachment":[{"href":"https:\/\/agora.xtec.cat\/insllicamunt2\/wp-json\/wp\/v2\/media?parent=11746"}],"wp:term":[{"taxonomy":"category","embeddable":true,"href":"https:\/\/agora.xtec.cat\/insllicamunt2\/wp-json\/wp\/v2\/categories?post=11746"},{"taxonomy":"post_tag","embeddable":true,"href":"https:\/\/agora.xtec.cat\/insllicamunt2\/wp-json\/wp\/v2\/tags?post=11746"}],"curies":[{"name":"wp","href":"https:\/\/api.w.org\/{rel}","templated":true}]}}