{"id":11701,"date":"2020-11-16T23:06:16","date_gmt":"2020-11-16T22:06:16","guid":{"rendered":"http:\/\/agora.xtec.cat\/insllicamunt2\/?p=11701"},"modified":"2020-11-17T09:27:42","modified_gmt":"2020-11-17T08:27:42","slug":"delegats-i-delegades-en-marxa","status":"publish","type":"post","link":"https:\/\/agora.xtec.cat\/insllicamunt2\/no-classificat\/delegats-i-delegades-en-marxa\/","title":{"rendered":"Delegats i delegades en marxa!"},"content":{"rendered":"<p>En aquest curs tant estrany i on hem hagut d&#8217;adaptar tantes coses al context actual de pand\u00e8mia, tamb\u00e9 s&#8217;han adaptat les trobades amb els representants d&#8217;alumnes de l&#8217;institut, i finalment, la setmana passada es van poder trobar al pati tots els alumnes que van sortir escollits de cada grup classe per poder definir els objectius de treball d&#8217;aquest curs.<\/p>\n<p><img loading=\"lazy\" decoding=\"async\" class=\"aligncenter wp-image-11704\" src=\"https:\/\/agora.xtec.cat\/insllicamunt2\/wp-content\/uploads\/usu1100\/2020\/11\/IMG_20201105_091909.jpg\" alt=\"\" width=\"575\" height=\"337\" srcset=\"https:\/\/agora.xtec.cat\/insllicamunt2\/wp-content\/uploads\/usu1100\/2020\/11\/IMG_20201105_091909.jpg 2516w, https:\/\/agora.xtec.cat\/insllicamunt2\/wp-content\/uploads\/usu1100\/2020\/11\/IMG_20201105_091909-300x176.jpg 300w, https:\/\/agora.xtec.cat\/insllicamunt2\/wp-content\/uploads\/usu1100\/2020\/11\/IMG_20201105_091909-768x451.jpg 768w, https:\/\/agora.xtec.cat\/insllicamunt2\/wp-content\/uploads\/usu1100\/2020\/11\/IMG_20201105_091909-1024x601.jpg 1024w\" sizes=\"auto, (max-width: 575px) 100vw, 575px\" \/><\/p>\n<p>Puntuals, des de 1r a 4t, tots les grups van poder transmetre les inquietuds de les primeres setmanes de curs, vam poder valorar les oportunitats, mancances i reptes d&#8217;aquest 20-21 i se&#8217;ls va felicitar per l&#8217;actitud i l&#8217;exemple que estaven donant.<\/p>\n<p>La trobada tamb\u00e9 va servir per a que pogu\u00e9s venir el professor d&#8217;STEM, Jorge Gonz\u00e1lez, a explicar-los la propera Jornada de la Ci\u00e8ncia que celebrarem el dia 18 de novembre. L&#8217;alumnat va poder con\u00e8ixer de la m\u00e0 d&#8217;un dels organitzadors els objectius de la Setmana de la Ci\u00e8ncia i els eixos de les activitats del proper dimecres. Tamb\u00e9 van poder descobrir com alguns cursos ja havien comen\u00e7at a preparar les activitats i van compartir l&#8217;experi\u00e8ncia del curs passat amb els alumnes de 1r, nous al centre.<\/p>\n<p><img loading=\"lazy\" decoding=\"async\" class=\"aligncenter size-full wp-image-11705\" src=\"https:\/\/agora.xtec.cat\/insllicamunt2\/wp-content\/uploads\/usu1100\/2020\/11\/Captura-de-pantalla-2020-11-16-225931.png\" alt=\"\" width=\"165\" height=\"233\" \/><\/p>\n<p>De fet, un dels objectius de les trobades entre els alumnes de diferents cursos \u00e9s poder compartir experi\u00e8ncies, aprenentatges i impulsar-se m\u00fatuament per intentar millorar el dia a dia del nostre institut. I aquest any, m\u00e9s que mai, tot i les dist\u00e0ncies que hem de mantenir, \u00e9s el moment de sentir-nos m\u00e9s a prop els uns als altres. Gr\u00e0cies per la vostra feina nois i noies!<\/p>\n","protected":false},"excerpt":{"rendered":"<p>En aquest curs tant estrany i on hem hagut d&#8217;adaptar tantes coses al context actual de pand\u00e8mia, tamb\u00e9 s&#8217;han adaptat les trobades amb els representants d&#8217;alumnes de l&#8217;institut, i finalment, la setmana passada es van poder trobar al pati tots els alumnes que van sortir&hellip;  <a href=\"https:\/\/agora.xtec.cat\/insllicamunt2\/no-classificat\/delegats-i-delegades-en-marxa\/\" title=\"Read Delegats i delegades en marxa!\">Llegeix m\u00e9s\u00bb<\/a><\/p>\n","protected":false},"author":1,"featured_media":11703,"comment_status":"open","ping_status":"closed","sticky":false,"template":"","format":"standard","meta":{"_bbp_topic_count":0,"_bbp_reply_count":0,"_bbp_total_topic_count":0,"_bbp_total_reply_count":0,"_bbp_voice_count":0,"_bbp_anonymous_reply_count":0,"_bbp_topic_count_hidden":0,"_bbp_reply_count_hidden":0,"_bbp_forum_subforum_count":0,"footnotes":""},"categories":[4,5,6,7,101,99,347,355,1040,359,3,358,354,1,98,29,353],"tags":[1749,1375,875,1810,1812,1811],"class_list":["post-11701","post","type-post","status-publish","format-standard","has-post-thumbnail","hentry","category-1r-deso","category-2n-deso","category-3r-deso","category-4t-deso","category-activitats-de-centre","category-articles","category-biologia-i-geologia","category-ciencies-socials","category-el-far-dhipatia","category-fisica-i-quimica","category-grups","category-informatica","category-matematiques","category-no-classificat","category-noticies-breus","category-portada","category-tecnologies","tag-activitats-centre","tag-alumnat","tag-alumnes","tag-delgats","tag-representants-dalumnes","tag-setmana-ciencia"],"post_mailing_queue_ids":[],"_links":{"self":[{"href":"https:\/\/agora.xtec.cat\/insllicamunt2\/wp-json\/wp\/v2\/posts\/11701","targetHints":{"allow":["GET"]}}],"collection":[{"href":"https:\/\/agora.xtec.cat\/insllicamunt2\/wp-json\/wp\/v2\/posts"}],"about":[{"href":"https:\/\/agora.xtec.cat\/insllicamunt2\/wp-json\/wp\/v2\/types\/post"}],"author":[{"embeddable":true,"href":"https:\/\/agora.xtec.cat\/insllicamunt2\/wp-json\/wp\/v2\/users\/1"}],"replies":[{"embeddable":true,"href":"https:\/\/agora.xtec.cat\/insllicamunt2\/wp-json\/wp\/v2\/comments?post=11701"}],"version-history":[{"count":2,"href":"https:\/\/agora.xtec.cat\/insllicamunt2\/wp-json\/wp\/v2\/posts\/11701\/revisions"}],"predecessor-version":[{"id":11707,"href":"https:\/\/agora.xtec.cat\/insllicamunt2\/wp-json\/wp\/v2\/posts\/11701\/revisions\/11707"}],"wp:featuredmedia":[{"embeddable":true,"href":"https:\/\/agora.xtec.cat\/insllicamunt2\/wp-json\/wp\/v2\/media\/11703"}],"wp:attachment":[{"href":"https:\/\/agora.xtec.cat\/insllicamunt2\/wp-json\/wp\/v2\/media?parent=11701"}],"wp:term":[{"taxonomy":"category","embeddable":true,"href":"https:\/\/agora.xtec.cat\/insllicamunt2\/wp-json\/wp\/v2\/categories?post=11701"},{"taxonomy":"post_tag","embeddable":true,"href":"https:\/\/agora.xtec.cat\/insllicamunt2\/wp-json\/wp\/v2\/tags?post=11701"}],"curies":[{"name":"wp","href":"https:\/\/api.w.org\/{rel}","templated":true}]}}