{"id":1170,"date":"2015-02-13T19:12:39","date_gmt":"2015-02-13T18:12:39","guid":{"rendered":"http:\/\/agora.xtec.cat\/insllicamunt2\/?p=1170"},"modified":"2016-05-09T11:05:13","modified_gmt":"2016-05-09T10:05:13","slug":"el-lector-bernhard-schlink","status":"publish","type":"post","link":"https:\/\/agora.xtec.cat\/insllicamunt2\/el-far-dhipatia\/portada\/el-lector-bernhard-schlink\/","title":{"rendered":"El lector, Bernhard Schlink"},"content":{"rendered":"<div class=\"entry-content\">\n<p style=\"text-align: justify;\">Des del departament d\u2019alemany proposem una lectura interessant. El t\u00edtol, <em>El Lector, <\/em> excusa perfecta per obrir aquesta secci\u00f3 de recomanacions. Una obra breu, per\u00f2 intensa. Una hist\u00f2ria d\u2019amor, considerada part de la literatura sobre l\u2019Holocaust, escrita per Bernhard Schlink.<\/p>\n<p style=\"text-align: justify;\"><em>Michael Berg, un noi de quinze anys amb problemes de salut, un dia coneix a la Hanna, una dona madura de m\u00e9s de trenta anys, amb qui inicia una relaci\u00f3 amorosa, una hist\u00f2ria que hauran de viure en secret. Despr\u00e9s d\u2019anys de no veure\u2019s, es retroben en un tribunal: en Michael ara \u00e9s advocat, i ella est\u00e0 acusada d\u2019un crim del passat.<\/em><\/p>\n<p style=\"text-align: center;\"><span id=\"sinopsis\" class=\"expand-content expand-hide\"><img loading=\"lazy\" decoding=\"async\" class=\"aligncenter\" src=\"https:\/\/lh3.googleusercontent.com\/-4nfANAadcPw\/VkteNSiZuaI\/AAAAAAAAPUs\/a5AMOuTclcs\/s800-Ic42\/NiAjIHBvcnRhZGEgbGxpYnJl_122719_5631_1.jpg\" alt=\"\" width=\"350\" height=\"555\" \/><\/span><\/p>\n<p>L\u2019obra va ser portada al cinema al 2008 sota la direcci\u00f3 de Stephen Daldry.<\/p>\n<p style=\"text-align: center;\"><span class=\"vvqbox vvqyoutube\"><iframe loading=\"lazy\" src=\"https:\/\/www.youtube.com\/embed\/msJRhjI7UGU?feature=player_embedded\" width=\"640\" height=\"360\" frameborder=\"0\" allowfullscreen=\"allowfullscreen\"><\/iframe><\/span><\/p>\n<\/div>\n","protected":false},"excerpt":{"rendered":"<p>Des del departament d\u2019alemany proposem una lectura interessant. El t\u00edtol, El Lector,  excusa perfecta per obrir aquesta secci\u00f3 de recomanacions. Una obra breu, per\u00f2 intensa. Una hist\u00f2ria d\u2019amor, considerada part de la literatura sobre l\u2019Holocaust, escrita per Bernhard Schlink.<br \/>\nMichael Berg, un noi de quinze&hellip;  <a href=\"https:\/\/agora.xtec.cat\/insllicamunt2\/el-far-dhipatia\/portada\/el-lector-bernhard-schlink\/\" title=\"Read El lector, Bernhard Schlink\">Llegeix m\u00e9s\u00bb<\/a><\/p>\n","protected":false},"author":1,"featured_media":1144,"comment_status":"open","ping_status":"open","sticky":false,"template":"","format":"standard","meta":{"_bbp_topic_count":0,"_bbp_reply_count":0,"_bbp_total_topic_count":0,"_bbp_total_reply_count":0,"_bbp_voice_count":0,"_bbp_anonymous_reply_count":0,"_bbp_topic_count_hidden":0,"_bbp_reply_count_hidden":0,"_bbp_forum_subforum_count":0,"footnotes":""},"categories":[351,401,409,346,29],"tags":[429,430,431],"class_list":["post-1170","post","type-post","status-publish","format-standard","has-post-thumbnail","hentry","category-alemany","category-la-biblioteca-dalexandria","category-lectura-recomanada","category-materies","category-portada","tag-catala","tag-holocaust","tag-schlink"],"post_mailing_queue_ids":[],"_links":{"self":[{"href":"https:\/\/agora.xtec.cat\/insllicamunt2\/wp-json\/wp\/v2\/posts\/1170","targetHints":{"allow":["GET"]}}],"collection":[{"href":"https:\/\/agora.xtec.cat\/insllicamunt2\/wp-json\/wp\/v2\/posts"}],"about":[{"href":"https:\/\/agora.xtec.cat\/insllicamunt2\/wp-json\/wp\/v2\/types\/post"}],"author":[{"embeddable":true,"href":"https:\/\/agora.xtec.cat\/insllicamunt2\/wp-json\/wp\/v2\/users\/1"}],"replies":[{"embeddable":true,"href":"https:\/\/agora.xtec.cat\/insllicamunt2\/wp-json\/wp\/v2\/comments?post=1170"}],"version-history":[{"count":2,"href":"https:\/\/agora.xtec.cat\/insllicamunt2\/wp-json\/wp\/v2\/posts\/1170\/revisions"}],"predecessor-version":[{"id":1172,"href":"https:\/\/agora.xtec.cat\/insllicamunt2\/wp-json\/wp\/v2\/posts\/1170\/revisions\/1172"}],"wp:featuredmedia":[{"embeddable":true,"href":"https:\/\/agora.xtec.cat\/insllicamunt2\/wp-json\/wp\/v2\/media\/1144"}],"wp:attachment":[{"href":"https:\/\/agora.xtec.cat\/insllicamunt2\/wp-json\/wp\/v2\/media?parent=1170"}],"wp:term":[{"taxonomy":"category","embeddable":true,"href":"https:\/\/agora.xtec.cat\/insllicamunt2\/wp-json\/wp\/v2\/categories?post=1170"},{"taxonomy":"post_tag","embeddable":true,"href":"https:\/\/agora.xtec.cat\/insllicamunt2\/wp-json\/wp\/v2\/tags?post=1170"}],"curies":[{"name":"wp","href":"https:\/\/api.w.org\/{rel}","templated":true}]}}