{"id":11525,"date":"2020-06-26T16:21:07","date_gmt":"2020-06-26T14:21:07","guid":{"rendered":"http:\/\/agora.xtec.cat\/insllicamunt2\/?p=11525"},"modified":"2020-06-30T19:16:05","modified_gmt":"2020-06-30T17:16:05","slug":"comiat-per-als-alumnes-de-4t-deso","status":"publish","type":"post","link":"https:\/\/agora.xtec.cat\/insllicamunt2\/el-far-dhipatia\/grups\/comiat-per-als-alumnes-de-4t-deso\/","title":{"rendered":"Comiat per als alumnes de 4t d&#8217;ESO."},"content":{"rendered":"<p dir=\"ltr\">Benvolguts alumnes de 4t,<\/p>\n<p dir=\"ltr\" style=\"text-align: justify;\">Sembla que no pugui ser per\u00f2 ja ha passat 4 anys (o 5 en alguns casos) que v\u00e0reu arribar a l\u2019Hip\u00e0tia i ja heu arribat al final de l\u2019etapa. S\u00f3n uns anys de molts canvis i no nom\u00e9s f\u00edsics. Els nens i nenes que van entrar al setembre del 2016 ja no hi s\u00f3n. Tenim uns adolescents m\u00e9s a prop de la majoria d\u2019edat que de la infantesa. I a partir d\u2019ara l\u2019ensenyament ja no ser\u00e0 obligatori. Podreu fer el que vosaltres hagueu decidit. Aix\u00f2 no treu que els valors que des de l\u2019Hip\u00e0tia us haguem volgut transmetre els h\u00e0giu d\u2019oblidar. Tot el contrari, veureu que en m\u00e9s d\u2019una ocasi\u00f3 els haureu de cercar en el calaix de la mem\u00f2ria i us seran \u00fatils. N\u2019estem conven\u00e7udes.<\/p>\n<p dir=\"ltr\" style=\"text-align: justify;\">Aquest darrer trimestre, ja ho hem dit en moltes ocasions darrerament, ha estat at\u00edpic, a cops surrealista. Ning\u00fa estava preparat per tota la feina que hem hagut de fer i ens n\u2019hem sortit, amb m\u00e9s o menys encerts, per\u00f2 l\u2019hem tirat endavant el millor que hem sapigut fer. Amb moltes incerteses per\u00f2 amb il\u00b7lusi\u00f3 i ganes de fer-vos un bon acompanyament com a tutores vostres. En alguns casos no ens heu agafat la m\u00e0, per\u00f2 ha estat decisi\u00f3 vostra.<\/p>\n<p dir=\"ltr\" style=\"text-align: justify;\">D\u2019altra banda som conscients que ha estat una \u201cmala passada\u201d el fet de perdre algunes activitats molt importants per a vosaltres. Al setembre ja parl\u00e0veu del viatge a Menorca i tamb\u00e9 del musical. No ha pogut ser i \u00e9s injust, ho sabem. Per\u00f2 tamb\u00e9 podeu aprendre d\u2019aquesta \u201cinjust\u00edcia\u201d i pensar que a la vida no sempre tot surt com un vol. Que hi ha imprevistos i el que cal aprendre \u00e9s a donar la cara i a tirar endavant. Estem conven\u00e7udes que tamb\u00e9 us ha donat una \u201clli\u00e7\u00f3 de vida\u201d, una d\u2019aquelles que no surt en els llibres de text, ni en cap classroom ni sites\u00a0 i a voltes \u00e9s m\u00e9s valuosa. Adonar-se d\u2019aix\u00f2 tamb\u00e9 \u00e9s cr\u00e9ixer.<\/p>\n<p dir=\"ltr\" style=\"text-align: justify;\">Per fer una mica de mem\u00f2ria d\u2019alguns moments viscuts intensament a l\u2019Hip\u00e0tia us afegim un enlla\u00e7 d\u2019un v\u00eddeo de records que amb moltes ganes han preparat tres companyes vostres. Poseu-vos c\u00f2modes, agafeu mocadors de paper i gaudiu del muntatge. Moltes gr\u00e0cies Georgina, Dayana i No\u00e8lia.<\/p>\n<p dir=\"ltr\" style=\"text-align: center;\"><strong><span style=\"color: #3366ff;\">Trossos de records a l&#8217;Hip\u00e0tia<\/span><\/strong><\/p>\n<p dir=\"ltr\" style=\"text-align: center;\"><iframe loading=\"lazy\" src=\"\/\/www.youtube.com\/embed\/K20OY-q4L1k?feature=emb_logo\" width=\"560\" height=\"314\"><\/iframe><\/p>\n<p>&nbsp;<\/p>\n<p dir=\"ltr\">Volem dir-vos, tamb\u00e9, que el proper curs l\u2019Hip\u00e0tia far\u00e0 anys: el des\u00e8 aniversari i ens agradaria celebrar-lo amb vosaltres. Esperem que tots hi pugueu ser, ens puguem retrobar, abra\u00e7ar i explicar-nos novetats. Per aquest motiu, aquest escrit no pret\u00e9n ser un comiat per sempre sin\u00f3 un a reveure. I no cal dir que sempre tindreu les portes obertes de l\u2019Hip\u00e0tia i els bra\u00e7os estesos de tot el professorat per al que necessiteu. Com diu la can\u00e7\u00f3: \u201cno \u00e9s un ad\u00e9u per sempre, tan sols per un instant\u201d<\/p>\n<p dir=\"ltr\">Us desitgem molta sort en la nova etapa que comenceu. Que tingueu molts encerts i sobretot sigueu humils i lluiteu per fer realitat els vostres somnis, vencent totes les pors.<\/p>\n<p dir=\"ltr\">Us adjuntem dos regals: un poema d\u2019un gran poeta catal\u00e0, en Joan Oliver, altrament conegut com a Pere Quart i un v\u00eddeo que us hem preparat\u00a0 per recordar tamb\u00e9 moments viscuts al centre.<\/p>\n<p dir=\"ltr\">Amb tot el cor, per vosaltres hipatians!<\/p>\n<p dir=\"ltr\" style=\"text-align: center;\"><strong>S\u00e0pigues company<\/strong><\/p>\n<p dir=\"ltr\" style=\"text-align: center;\">S\u00e0pigues, company,<br \/>\ntu que ets conscient,<br \/>\nque no tot \u00e9s por,<br \/>\nque no tot \u00e9s plany,<br \/>\nque no tot s\u00f3n crits<br \/>\ni r\u00e0bies i cops.<br \/>\nNi desig d\u2019amor<br \/>\nni amor compartit.<\/p>\n<p style=\"text-align: center;\">Cal pensar tamb\u00e9<br \/>\ni molt aviat<br \/>\na aprendre ben b\u00e9,<br \/>\namb vocaci\u00f3<br \/>\ni aplicadament,<br \/>\nun ofici clar,<br \/>\nun treball decent.<\/p>\n<p dir=\"ltr\" style=\"text-align: center;\">Company, cal servir<br \/>\nsegons els teus dons,<br \/>\nsense vanitat.<\/p>\n<p style=\"text-align: center;\">Si no, qu\u00e8 ser\u00e0s?<br \/>\nun n\u00famero m\u00e9s,<br \/>\nun par\u00e0sit m\u00e9s,<br \/>\nuna nosa m\u00e9s.<\/p>\n<p style=\"text-align: center;\">Si no vols ser esclau<br \/>\ndel podrit diner,<br \/>\ndel poder d\u2019un sol<br \/>\no el poder de molts,<br \/>\nfes-te abans esclau<br \/>\nde les teves mans<br \/>\ni del teu cervell,<\/p>\n<p dir=\"ltr\" style=\"text-align: center;\">a profit de tu,<br \/>\na profit dels teus,<br \/>\na profit del m\u00f3n.<\/p>\n<p style=\"text-align: center;\">Tot dep\u00e8n de tu<br \/>\ni de cadasc\u00fa.<\/p>\n<p style=\"text-align: center;\"><strong><span style=\"color: #3366ff;\">MOMENTS VISCUTS. PROMOCI\u00d3 2016-2020<\/span><\/strong><\/p>\n<p dir=\"ltr\" style=\"text-align: center;\"><iframe loading=\"lazy\" src=\"\/\/www.youtube.com\/embed\/igKBxyFAY50?feature=youtu\" width=\"560\" height=\"314\"><\/iframe><\/p>\n<p dir=\"ltr\">\n","protected":false},"excerpt":{"rendered":"<p>Comiat dels alumnes de 4t d&#8217;ESO. Promoci\u00f3 2016-2020. A reveure, estimats! A reveure!&hellip;  <a href=\"https:\/\/agora.xtec.cat\/insllicamunt2\/el-far-dhipatia\/grups\/comiat-per-als-alumnes-de-4t-deso\/\" title=\"Read Comiat per als alumnes de 4t d&#8217;ESO.\">Llegeix m\u00e9s\u00bb<\/a><\/p>\n","protected":false},"author":1,"featured_media":11532,"comment_status":"open","ping_status":"closed","sticky":false,"template":"","format":"standard","meta":{"_bbp_topic_count":0,"_bbp_reply_count":0,"_bbp_total_topic_count":0,"_bbp_total_reply_count":0,"_bbp_voice_count":0,"_bbp_anonymous_reply_count":0,"_bbp_topic_count_hidden":0,"_bbp_reply_count_hidden":0,"_bbp_forum_subforum_count":0,"footnotes":""},"categories":[7,101,99,1040,3,98,29,361],"tags":[1783,1785,1784],"class_list":["post-11525","post","type-post","status-publish","format-standard","has-post-thumbnail","hentry","category-4t-deso","category-activitats-de-centre","category-articles","category-el-far-dhipatia","category-grups","category-noticies-breus","category-portada","category-tutoria","tag-comiat-4t","tag-promocio-2016-2020","tag-records-a-lhipatia"],"post_mailing_queue_ids":[],"_links":{"self":[{"href":"https:\/\/agora.xtec.cat\/insllicamunt2\/wp-json\/wp\/v2\/posts\/11525","targetHints":{"allow":["GET"]}}],"collection":[{"href":"https:\/\/agora.xtec.cat\/insllicamunt2\/wp-json\/wp\/v2\/posts"}],"about":[{"href":"https:\/\/agora.xtec.cat\/insllicamunt2\/wp-json\/wp\/v2\/types\/post"}],"author":[{"embeddable":true,"href":"https:\/\/agora.xtec.cat\/insllicamunt2\/wp-json\/wp\/v2\/users\/1"}],"replies":[{"embeddable":true,"href":"https:\/\/agora.xtec.cat\/insllicamunt2\/wp-json\/wp\/v2\/comments?post=11525"}],"version-history":[{"count":3,"href":"https:\/\/agora.xtec.cat\/insllicamunt2\/wp-json\/wp\/v2\/posts\/11525\/revisions"}],"predecessor-version":[{"id":11530,"href":"https:\/\/agora.xtec.cat\/insllicamunt2\/wp-json\/wp\/v2\/posts\/11525\/revisions\/11530"}],"wp:featuredmedia":[{"embeddable":true,"href":"https:\/\/agora.xtec.cat\/insllicamunt2\/wp-json\/wp\/v2\/media\/11532"}],"wp:attachment":[{"href":"https:\/\/agora.xtec.cat\/insllicamunt2\/wp-json\/wp\/v2\/media?parent=11525"}],"wp:term":[{"taxonomy":"category","embeddable":true,"href":"https:\/\/agora.xtec.cat\/insllicamunt2\/wp-json\/wp\/v2\/categories?post=11525"},{"taxonomy":"post_tag","embeddable":true,"href":"https:\/\/agora.xtec.cat\/insllicamunt2\/wp-json\/wp\/v2\/tags?post=11525"}],"curies":[{"name":"wp","href":"https:\/\/api.w.org\/{rel}","templated":true}]}}