{"id":11476,"date":"2020-06-05T19:08:23","date_gmt":"2020-06-05T17:08:23","guid":{"rendered":"http:\/\/agora.xtec.cat\/insllicamunt2\/?p=11476"},"modified":"2020-06-26T16:06:29","modified_gmt":"2020-06-26T14:06:29","slug":"dos-textos-per-compartir","status":"publish","type":"post","link":"https:\/\/agora.xtec.cat\/insllicamunt2\/el-far-dhipatia\/grups\/dos-textos-per-compartir\/","title":{"rendered":"Dos textos per compartir&#8230;"},"content":{"rendered":"<p>Dins de l&#8217;\u00e0mbit de llengua castellana a 3r d&#8217;ESO s&#8217;ha treballat el text argumentatiu amb la tem\u00e0tica del medi ambient. Volem compartir amb vosaltres dos textos fets per alumnes que se n&#8217;han sortit amb molt d&#8217;encert. Moltes gr\u00e0cies a l&#8217;Alba Fern\u00e1ndez i a l&#8217;Ana Garc\u00eda.<\/p>\n<p>&nbsp;<\/p>\n<table>\n<tbody>\n<tr>\n<td>\n<h5 style=\"text-align: center;\"><b>Los animales tambien tienen derechos<\/b><\/h5>\n<p><em>Per: Alba Fern\u00e1ndez<\/em><\/p>\n<p><span style=\"font-weight: 400;\">Desde hace tiempo ha existido el debate de si los animales tienen o no derechos como los humanos.<\/span><\/td>\n<\/tr>\n<tr>\n<td><span style=\"font-weight: 400;\">Los animales tambien tienen derechos.<\/span><\/td>\n<\/tr>\n<tr>\n<td style=\"text-align: justify;\"><span style=\"font-weight: 400;\">Son seres vivos y tienen el mismo derecho que nosotros a vivir.<\/span><\/p>\n<p><span style=\"font-weight: 400;\">No nos gustar\u00eda que viniese un animal y comenzase a experimentar con nosotros o a matarnos por diversi\u00f3n, \u00bfverdad? Pues es justo lo que estamos haciendo con ellos.\u00a0<\/span><\/p>\n<p><span style=\"font-weight: 400;\">Adem\u00e1s, gran parte de los animales ayudan a la biodiversidad y no podr\u00edamos sobrevivir sin ellos, como por ejemplo:<\/span><\/p>\n<ul>\n<li style=\"font-weight: 400;\"><b>Abejas:<\/b><span style=\"font-weight: 400;\"> La polinizaci\u00f3n por insectos es la base de un tercio de las cosechas humanas, y dentro de esta cifra, las abejas mel\u00edferas son responsables de un 80%. \u00bfQu\u00e9 tipo de cosechas? Manzanas, nueces, aguacates, porotos de soja, esp\u00e1rragos, br\u00f3coli, pepinos, fresas y melocotones, entre muchos otros. Y dado que las vacas dependen de las abejas para polinizar las plantas de las que se alimentan, estar\u00edamos tambi\u00e9n faltos de carne.<\/span><\/li>\n<li style=\"font-weight: 400;\"><b>Murci\u00e9lagos:<\/b><span style=\"font-weight: 400;\"> Necesitamos de los murci\u00e9lagos porque se alimentan de insectos, polinizan cosechas e incluso ayudan a fertilizar la tierra con sus heces. Adem\u00e1s ayudan a polinizar las plantas de agave, un ingrediente clave en la producci\u00f3n comercial del tequila. Incluso los murci\u00e9lagos vampiros tienen un prop\u00f3sito, su saliva podr\u00eda ser un factor esencial en el desarrollo de un medicamento diluyente de la sangre para pacientes con derrames cerebrales.<\/span><\/li>\n<li style=\"font-weight: 400;\"><b>Peces:<\/b><span style=\"font-weight: 400;\"> The New Scientist informa que los investigadores de la Universidad de Exeter tienen informaci\u00f3n que indica que el carbonato de calcio presente en el excremento de los peces puede reducir la acidez oce\u00e1nica significativamente. Cuando el excremento de los peces flota a la superficie del oc\u00e9ano y se disuelve, contrarresta el di\u00f3xido de carbono que crea acidez en el agua.<\/span><\/li>\n<li style=\"font-weight: 400;\"><b>Gusanos:<\/b><span style=\"font-weight: 400;\"> Los gusanos pueden ayudar a reducir el uso de vertederos. National Geographic revel\u00f3 que incluso quienes viven en ciudades pueden intentar el m\u00e9todo de \u201cvermicomposting\u201d y mantener un barril de gusanos en su cocina. En vez de poner su basura en el basurero tradicional, la comida y los deshechos pueden ser descompuestos por los gusanos rojos. Los gusanos pueden de este modo disminuir la acumulaci\u00f3n de deshechos y proporcionar \u00fatiles fertilizantes al mismo tiempo.<\/span><\/li>\n<\/ul>\n<p><span style=\"font-weight: 400;\">Hay animales que benefician al ser humano, son de gran ayuda para el entorno y mejoran nuestras vidas:<\/span><\/p>\n<ul>\n<li style=\"font-weight: 400;\"><b>Perros:<\/b><span style=\"font-weight: 400;\"> Ellos nos acompa\u00f1an y a su manera nos dan cari\u00f1o. Los perros pueden ser adiestrados para que cumplan un objetivo espec\u00edfico. Tienen la capacidad de salvar vidas, acompa\u00f1an a bomberos, protecci\u00f3n civil o rescatistas en caso de cat\u00e1strofes y localizan drogas. Esta especie mejora bastante nuestro rendimiento f\u00edsico y mental. Ayudan a aliviar el des\u00e1nimo y reducen la ansiedad.<\/span><\/li>\n<li style=\"font-weight: 400;\"><b>Delfines:<\/b><span style=\"font-weight: 400;\"> Se dice que las ondas que son capaces de emitir estos animales permiten calmar a los pacientes, sirven de ayuda para tratar a personas con S\u00edndrome de Down, autismo y par\u00e1lisis cerebral. Adem\u00e1s, los delfines han salvado millones de vidas del naufragio. Ellos tienen la capacidad de entender y reconocer cuando un humano est\u00e1 en peligro y los trasladan a la orilla.<\/span><\/li>\n<li style=\"font-weight: 400;\"><b>Caballos:<\/b><span style=\"font-weight: 400;\"> Los estudios han descubierto que benefician a pacientes con autismo, par\u00e1lisis y debilidades emocionales. Actualmente se implementa una terapia llamada equinoterapia en donde se aprovechan las virtudes del caballo para mejorar la salud humana.<\/span><\/li>\n<li style=\"font-weight: 400;\"><b>Gatos:<\/b><span style=\"font-weight: 400;\"> Su ronroneo produce un efecto tranquilizante, sobre todo para personas que atraviesan enfermedades card\u00edacas o psicol\u00f3gicas.<\/span><\/li>\n<\/ul>\n<\/td>\n<\/tr>\n<tr>\n<td style=\"text-align: justify;\"><span style=\"font-weight: 400;\">Una parte de los animales salvajes pueden llegar a herir o matar a personas o otros tipos de especies, sin embargo lo hacen por hambre o porque se sienten amenazados.\u00a0<\/span><\/td>\n<\/tr>\n<tr>\n<td style=\"text-align: justify;\"><span style=\"font-weight: 400;\">Los animales nos han ayudado mucho y nosotros solo los despreciamos y los usamos para experimentos. Ellos tienen el mismo derecho que nosotros a vivir.<\/span><\/td>\n<\/tr>\n<\/tbody>\n<\/table>\n<p><img loading=\"lazy\" decoding=\"async\" class=\"aligncenter wp-image-11478\" src=\"https:\/\/agora.xtec.cat\/insllicamunt2\/wp-content\/uploads\/usu1100\/2020\/06\/jungle-lake-with-wild-animals-1-1.jpg\" alt=\"\" width=\"526\" height=\"376\" srcset=\"https:\/\/agora.xtec.cat\/insllicamunt2\/wp-content\/uploads\/usu1100\/2020\/06\/jungle-lake-with-wild-animals-1-1.jpg 978w, https:\/\/agora.xtec.cat\/insllicamunt2\/wp-content\/uploads\/usu1100\/2020\/06\/jungle-lake-with-wild-animals-1-1-300x214.jpg 300w, https:\/\/agora.xtec.cat\/insllicamunt2\/wp-content\/uploads\/usu1100\/2020\/06\/jungle-lake-with-wild-animals-1-1-768x549.jpg 768w\" sizes=\"auto, (max-width: 526px) 100vw, 526px\" \/><\/p>\n<table>\n<tbody>\n<tr>\n<td style=\"text-align: justify;\">\n<h5 style=\"text-align: center;\"><strong>\u00bfEl confinamiento ha aportado cosas positivas a<\/strong><\/h5>\n<h5 style=\"text-align: center;\"><strong>\u00a0las familias y a la sociedad?<\/strong><\/h5>\n<p><em>Per: Ana Garc\u00eda- 3rB<\/em><\/p>\n<p><span style=\"font-weight: 400;\">Estos \u00faltimos meses de confinamiento hemos tenido que adaptarnos a una nueva normalidad, en este proceso hemos aprendido a organizarnos y ser responsables de nuestras acciones. El COVID-19 nos ha llevado a reencontrarnos con nuestras familias, ha pasar tiempo juntos, un tiempo que no sab\u00edamos ni que ten\u00edamos para disfrutar con los nuestros. Tambi\u00e9n hemos aprendido a valorar a las amistades, que, a muy pesar de la distancia, no nos ha impedido seguir en contacto. Ahora bien, \u00bfel confinamiento nos ha aportado algo positivo a nivel social?\u00a0\u00a0<\/span><\/td>\n<\/tr>\n<tr>\n<td style=\"text-align: justify;\"><span style=\"font-weight: 400;\">El hecho de estar en casa con la familia nos ha permitido aprender y disfrutar con lo que tenemos, tambi\u00e9n nos ha demostrado la solidaridad de la sociedad saliendo a los balcones.<\/span><\/td>\n<\/tr>\n<tr>\n<td style=\"text-align: justify;\"><span style=\"font-weight: 400;\">Son tiempos dif\u00edciles, y eso todos los sabemos, pero a pesar de eso la sociedad est\u00e1 demostrando un frente unido ante esta crisis. Los balcones se llenan de gente solidaria y agradecida que salen para aplaudir la gran labor de el personal sanitario. Hemos visto fiestas, partidas de b\u00e1dminton e incluso desayunos conjuntos entre balcones.\u00a0<\/span><\/p>\n<p><span style=\"font-weight: 400;\">Tambi\u00e9n encontramos un planeta menos contaminado, ya que desde que empez\u00f3 el confinamiento la emisi\u00f3n de CO2 de los coches es mucho menor. En algunas partes del mundo el agua de los canales y playas ha vuelto a ser transparente, y muchos animales regresan a esas aguas.\u00a0<\/span><\/p>\n<p><span style=\"font-weight: 400;\">Adem\u00e1s estamos pasando m\u00e1s tiempo con nuestros seres queridos y aprendiendo de ellos.\u00a0<\/span><\/td>\n<\/tr>\n<tr>\n<td style=\"text-align: justify;\"><span style=\"font-weight: 400;\">Por otra parte, al pasar tanto tiempo juntos nacen peque\u00f1as discusiones que dificultan la convivencia.\u00a0\u00a0<\/span><\/p>\n<p><span style=\"font-weight: 400;\">Otro de los aspectos negativos de cara a la sociedad somos un poco \u201cego\u00edsta\u201d, es decir, cuando todav\u00eda no empezamos con la desescalada salimos para aplaudir, pero una vez dijeron que pod\u00edamos hacer deporte, los aplausos cesaron.\u00a0\u00a0<\/span><\/td>\n<\/tr>\n<tr>\n<td style=\"text-align: justify;\"><span style=\"font-weight: 400;\">Concluyendo,\u00a0 la vida es una moneda de doble cara, es decir, lo que por un lado es positivo, de la forma contraria afecta negativamente. De todas se puede aprender y seguir a delante o evadirse del mundo.\u00a0<\/span><\/td>\n<\/tr>\n<\/tbody>\n<\/table>\n<p><img loading=\"lazy\" decoding=\"async\" class=\"size-full wp-image-11480 alignleft\" src=\"https:\/\/agora.xtec.cat\/insllicamunt2\/wp-content\/uploads\/usu1100\/2020\/06\/baixa.jpg\" alt=\"\" width=\"267\" height=\"189\" \/><\/p>\n<p><img loading=\"lazy\" decoding=\"async\" class=\"aligncenter wp-image-11479\" src=\"https:\/\/agora.xtec.cat\/insllicamunt2\/wp-content\/uploads\/usu1100\/2020\/06\/baixa-1.jpg\" alt=\"\" width=\"326\" height=\"184\" srcset=\"https:\/\/agora.xtec.cat\/insllicamunt2\/wp-content\/uploads\/usu1100\/2020\/06\/baixa-1.jpg 900w, https:\/\/agora.xtec.cat\/insllicamunt2\/wp-content\/uploads\/usu1100\/2020\/06\/baixa-1-300x169.jpg 300w, https:\/\/agora.xtec.cat\/insllicamunt2\/wp-content\/uploads\/usu1100\/2020\/06\/baixa-1-768x433.jpg 768w\" sizes=\"auto, (max-width: 326px) 100vw, 326px\" \/><\/p>\n","protected":false},"excerpt":{"rendered":"<p>Dins de l&#8217;\u00e0mbit de llengua castellana a 3r d&#8217;ESO s&#8217;ha treballat el text argumentatiu amb la tem\u00e0tica del medi ambient. Volem compartir amb vosaltres dos textos fets per alumnes que se n&#8217;han sortit amb molt d&#8217;encert. Moltes gr\u00e0cies a l&#8217;Alba Fern\u00e1ndez i a l&#8217;Ana Garc\u00eda.&hellip;  <a href=\"https:\/\/agora.xtec.cat\/insllicamunt2\/el-far-dhipatia\/grups\/dos-textos-per-compartir\/\" title=\"Read Dos textos per compartir&#8230;\">Llegeix m\u00e9s\u00bb<\/a><\/p>\n","protected":false},"author":1,"featured_media":11480,"comment_status":"open","ping_status":"closed","sticky":false,"template":"","format":"standard","meta":{"_bbp_topic_count":0,"_bbp_reply_count":0,"_bbp_total_topic_count":0,"_bbp_total_reply_count":0,"_bbp_voice_count":0,"_bbp_anonymous_reply_count":0,"_bbp_topic_count_hidden":0,"_bbp_reply_count_hidden":0,"_bbp_forum_subforum_count":0,"footnotes":""},"categories":[6,93,99,348,1040,3,346,98,29],"tags":[1692,1778,824],"class_list":["post-11476","post","type-post","status-publish","format-standard","has-post-thumbnail","hentry","category-3r-deso","category-activitats-daula","category-articles","category-castella","category-el-far-dhipatia","category-grups","category-materies","category-noticies-breus","category-portada","tag-3r-eso","tag-articles-alumnes","tag-medi-ambient"],"post_mailing_queue_ids":[],"_links":{"self":[{"href":"https:\/\/agora.xtec.cat\/insllicamunt2\/wp-json\/wp\/v2\/posts\/11476","targetHints":{"allow":["GET"]}}],"collection":[{"href":"https:\/\/agora.xtec.cat\/insllicamunt2\/wp-json\/wp\/v2\/posts"}],"about":[{"href":"https:\/\/agora.xtec.cat\/insllicamunt2\/wp-json\/wp\/v2\/types\/post"}],"author":[{"embeddable":true,"href":"https:\/\/agora.xtec.cat\/insllicamunt2\/wp-json\/wp\/v2\/users\/1"}],"replies":[{"embeddable":true,"href":"https:\/\/agora.xtec.cat\/insllicamunt2\/wp-json\/wp\/v2\/comments?post=11476"}],"version-history":[{"count":1,"href":"https:\/\/agora.xtec.cat\/insllicamunt2\/wp-json\/wp\/v2\/posts\/11476\/revisions"}],"predecessor-version":[{"id":11481,"href":"https:\/\/agora.xtec.cat\/insllicamunt2\/wp-json\/wp\/v2\/posts\/11476\/revisions\/11481"}],"wp:featuredmedia":[{"embeddable":true,"href":"https:\/\/agora.xtec.cat\/insllicamunt2\/wp-json\/wp\/v2\/media\/11480"}],"wp:attachment":[{"href":"https:\/\/agora.xtec.cat\/insllicamunt2\/wp-json\/wp\/v2\/media?parent=11476"}],"wp:term":[{"taxonomy":"category","embeddable":true,"href":"https:\/\/agora.xtec.cat\/insllicamunt2\/wp-json\/wp\/v2\/categories?post=11476"},{"taxonomy":"post_tag","embeddable":true,"href":"https:\/\/agora.xtec.cat\/insllicamunt2\/wp-json\/wp\/v2\/tags?post=11476"}],"curies":[{"name":"wp","href":"https:\/\/api.w.org\/{rel}","templated":true}]}}