{"id":11469,"date":"2020-06-04T18:41:31","date_gmt":"2020-06-04T16:41:31","guid":{"rendered":"http:\/\/agora.xtec.cat\/insllicamunt2\/?p=11469"},"modified":"2020-06-26T16:06:40","modified_gmt":"2020-06-26T14:06:40","slug":"dia-internacional-del-medi-ambient","status":"publish","type":"post","link":"https:\/\/agora.xtec.cat\/insllicamunt2\/no-classificat\/dia-internacional-del-medi-ambient\/","title":{"rendered":"Dia Internacional del Medi Ambient"},"content":{"rendered":"<p style=\"text-align: justify;\">Avui, 5 de juny, se celebra el <strong>Dia Internacional del Medi Ambient<\/strong>, una iniciativa impulsada per les Nacions Unides amb la finalitat de fomentar la sensibilitzaci\u00f3 i l&#8217;acci\u00f3 a nivell mundial per protegir el nostre medi ambient.<\/p>\n<p style=\"text-align: justify;\">Els <strong>alumnes de 3r d\u2019ESO<\/strong> de l\u2019<strong>Hip\u00e0tia<\/strong> es sumen a la celebraci\u00f3 d\u2019aquesta diada fent difusi\u00f3 d\u2019uns <strong>p\u00f2sters<\/strong> dissenyats per ells des de la mat\u00e8ria de <strong>llengua anglesa,<\/strong> que tenen com a objectiu informar sobre diversos problemes ambientals, conscienciar sobre la necessitat de contribuir en la protecci\u00f3 del medi ambient i animar a la gent a introduir petites accions de millora en la seva vida di\u00e0ria per aconseguir un impacte global.<\/p>\n<p style=\"text-align: justify;\">Aquesta activitat posa punt i final a un tercer trimestre que va comen\u00e7ar posant la mirada sobre una altra diada, el <strong>Dia de la Terra<\/strong>, celebrat el passat 22 d\u2019abril, i en qu\u00e8 han treballat les compet\u00e8ncies ling\u00fc\u00edstiques a partir de textos escrits i orals sobre el medi ambient, la natura i determinats Objectius de Desenvolupament Sostenible recollits a l\u2019Agenda 2030 de les Nacions Unides.<\/p>\n<p><img loading=\"lazy\" decoding=\"async\" class=\"aligncenter size-full wp-image-11473\" src=\"https:\/\/agora.xtec.cat\/insllicamunt2\/wp-content\/uploads\/usu1100\/2020\/06\/PADLET_Environment-min.png\" alt=\"\" width=\"1224\" height=\"1932\" srcset=\"https:\/\/agora.xtec.cat\/insllicamunt2\/wp-content\/uploads\/usu1100\/2020\/06\/PADLET_Environment-min.png 1224w, https:\/\/agora.xtec.cat\/insllicamunt2\/wp-content\/uploads\/usu1100\/2020\/06\/PADLET_Environment-min-190x300.png 190w, https:\/\/agora.xtec.cat\/insllicamunt2\/wp-content\/uploads\/usu1100\/2020\/06\/PADLET_Environment-min-768x1212.png 768w, https:\/\/agora.xtec.cat\/insllicamunt2\/wp-content\/uploads\/usu1100\/2020\/06\/PADLET_Environment-min-649x1024.png 649w\" sizes=\"auto, (max-width: 1224px) 100vw, 1224px\" \/><\/p>\n<div class=\"padlet-embed\" style=\"border: 1px solid rgba(0,0,0,0.1); border-radius: 2px; box-sizing: border-box; overflow: hidden; position: relative; width: 100%; background: #F4F4F4;\">\n<div style=\"padding: 8px; text-align: right; margin: 0;\"><\/div>\n<\/div>\n","protected":false},"excerpt":{"rendered":"<p>Els alumnes de 3r d\u2019ESO de l\u2019Hip\u00e0tia es sumen a la celebraci\u00f3 del dia internacional del Medi Ambient fent difusi\u00f3 d\u2019uns p\u00f2sters dissenyats per ells des de la mat\u00e8ria de llengua anglesa,&hellip;  <a href=\"https:\/\/agora.xtec.cat\/insllicamunt2\/no-classificat\/dia-internacional-del-medi-ambient\/\" title=\"Read Dia Internacional del Medi Ambient\">Llegeix m\u00e9s\u00bb<\/a><\/p>\n","protected":false},"author":1,"featured_media":11471,"comment_status":"open","ping_status":"closed","sticky":false,"template":"","format":"standard","meta":{"_bbp_topic_count":0,"_bbp_reply_count":0,"_bbp_total_topic_count":0,"_bbp_total_reply_count":0,"_bbp_voice_count":0,"_bbp_anonymous_reply_count":0,"_bbp_topic_count_hidden":0,"_bbp_reply_count_hidden":0,"_bbp_forum_subforum_count":0,"footnotes":""},"categories":[6,93,101,350,99,1040,3,346,1,98,29],"tags":[854,1777,1776,959],"class_list":["post-11469","post","type-post","status-publish","format-standard","has-post-thumbnail","hentry","category-3r-deso","category-activitats-daula","category-activitats-de-centre","category-angles","category-articles","category-el-far-dhipatia","category-grups","category-materies","category-no-classificat","category-noticies-breus","category-portada","tag-3r-deso","tag-5-de-juny","tag-dia-internacional-medi-ambient","tag-llengua-anglesa"],"post_mailing_queue_ids":[],"_links":{"self":[{"href":"https:\/\/agora.xtec.cat\/insllicamunt2\/wp-json\/wp\/v2\/posts\/11469","targetHints":{"allow":["GET"]}}],"collection":[{"href":"https:\/\/agora.xtec.cat\/insllicamunt2\/wp-json\/wp\/v2\/posts"}],"about":[{"href":"https:\/\/agora.xtec.cat\/insllicamunt2\/wp-json\/wp\/v2\/types\/post"}],"author":[{"embeddable":true,"href":"https:\/\/agora.xtec.cat\/insllicamunt2\/wp-json\/wp\/v2\/users\/1"}],"replies":[{"embeddable":true,"href":"https:\/\/agora.xtec.cat\/insllicamunt2\/wp-json\/wp\/v2\/comments?post=11469"}],"version-history":[{"count":3,"href":"https:\/\/agora.xtec.cat\/insllicamunt2\/wp-json\/wp\/v2\/posts\/11469\/revisions"}],"predecessor-version":[{"id":11475,"href":"https:\/\/agora.xtec.cat\/insllicamunt2\/wp-json\/wp\/v2\/posts\/11469\/revisions\/11475"}],"wp:featuredmedia":[{"embeddable":true,"href":"https:\/\/agora.xtec.cat\/insllicamunt2\/wp-json\/wp\/v2\/media\/11471"}],"wp:attachment":[{"href":"https:\/\/agora.xtec.cat\/insllicamunt2\/wp-json\/wp\/v2\/media?parent=11469"}],"wp:term":[{"taxonomy":"category","embeddable":true,"href":"https:\/\/agora.xtec.cat\/insllicamunt2\/wp-json\/wp\/v2\/categories?post=11469"},{"taxonomy":"post_tag","embeddable":true,"href":"https:\/\/agora.xtec.cat\/insllicamunt2\/wp-json\/wp\/v2\/tags?post=11469"}],"curies":[{"name":"wp","href":"https:\/\/api.w.org\/{rel}","templated":true}]}}