{"id":11433,"date":"2020-05-26T16:21:45","date_gmt":"2020-05-26T14:21:45","guid":{"rendered":"http:\/\/agora.xtec.cat\/insllicamunt2\/?p=11433"},"modified":"2020-06-30T19:22:21","modified_gmt":"2020-06-30T17:22:21","slug":"tenes-i-apadrinem-el-tenes","status":"publish","type":"post","link":"https:\/\/agora.xtec.cat\/insllicamunt2\/no-classificat\/tenes-i-apadrinem-el-tenes\/","title":{"rendered":"Apadrinem el Tenes des de casa."},"content":{"rendered":"<div>\n<p>En aquest curs tant excepcional, no podem renunciar a l&#8217;ess\u00e8ncia de l&#8217;Hip\u00e0tia i un dels puntals del centre \u00e9s la relaci\u00f3 amb el Tenes. Per aix\u00f2, malgrat el confinament, no ens oblidem del riu i per aquest motiu hem creat &#8220;El Tenes des de casa&#8221;.<\/p>\n<p>Aquests dies els alumnes de 1r i 2n estan treballant activitats al voltant del Tenes i l&#8217;entorn natural des de casa a trav\u00e9s del classroom l&#8217;<em>Hip\u00e0tia a dist\u00e0ncia<\/em>.<\/p>\n<p>&nbsp;<\/p>\n<\/div>\n<div><\/div>\n<div>\n<p><iframe loading=\"lazy\" title=\"El Tenes des de casa-Qu\u00e8 es va fer el curs passat?\" width=\"500\" height=\"281\" src=\"https:\/\/www.youtube.com\/embed\/yuy1PmjPSZI?feature=oembed\" frameborder=\"0\" allow=\"accelerometer; autoplay; clipboard-write; encrypted-media; gyroscope; picture-in-picture; web-share\" referrerpolicy=\"strict-origin-when-cross-origin\" allowfullscreen><\/iframe><\/p>\n<\/div>\n<div>\n<p>Des dels \u00e0mbits s&#8217;han proposat diverses activitats per aquests dos cursos vinculades a les compet\u00e8ncies que es treballen, tenint en compte les caracter\u00edstiques del treball a dist\u00e0ncia que fa setmanes que estem posant en pr\u00e0ctica. Tamb\u00e9 s&#8217;han fer servir els materials del Consorci del Bes\u00f2s per treballar la hidrografia, la flora, la fauna&#8230; i la reflexi\u00f3 al voltant de l&#8217;\u00fas dels recursos naturals.<\/p>\n<\/div>\n<div><\/div>\n<div><img decoding=\"async\" src=\"https:\/\/mail.google.com\/mail\/u\/1?ui=2&amp;ik=d75851c4ff&amp;attid=0.0.1&amp;permmsgid=msg-f:1667751147433499653&amp;th=17250ad51c861c05&amp;view=fimg&amp;sz=s0-l75-ft&amp;attbid=ANGjdJ-cWX6dzz-PChEqWaCquzRP9qqSDN9pW8cbxyz9qrkGTy51JiNSitVEkIBc6dR04Bde-2poPuX7WVJpWp-pSUQn2XsEi0hLXNnFRL-S_-sxmjPsbisi_3qrY2s&amp;disp=emb&amp;realattid=ii_kansl3td0\" alt=\"image.png\" \/><\/div>\n<div>\n<div style=\"text-align: justify;\">\n<p>&nbsp;<\/p>\n<p><a href=\"https:\/\/agora.xtec.cat\/insllicamunt2\/wp-content\/uploads\/usu1100\/2020\/05\/El-Tenes-des-de-casa-Introducci\u00f3-.pdf\">Cliqueu a l&#8217;enlla\u00e7 per veure una mostra del Tenes des de casa-Introducci\u00f3<\/a><\/p>\n<p>La fotografia tamb\u00e9 t\u00e9 un paper rellevant en les activitats de l&#8217;institut i per aix\u00f2, de manera transversal, tamb\u00e9 s&#8217;ha proposat a l&#8217;alumnat de tots els cursos la participaci\u00f3 al concurs fotogr\u00e0fic organitzat pel Consorci del Bes\u00f2s, &#8220;Descobreix el riu&#8221;.<\/p>\n<p>La tem\u00e0tica del concurs d&#8217;aquest any \u00e9s \u201cDona-li un like al riu\u201d. A la fotografia, que ha d\u2019estar realitzada a qualsevol riu o riera de les conques del Bes\u00f2s o de la Tordera, ha d\u2019apar\u00e8ixer una m\u00e0 fent un\u00a0<em>thumbs up<\/em>\u00a0(si la imatge que es veu de fons \u00e9s positiva) o b\u00e9 un\u00a0<em>thumbs down<\/em>\u00a0(si, al contrari, all\u00f2 que es veu no est\u00e0 b\u00e9\u2013abocaments, esp\u00e8cies invasores, etc.-).<\/p>\n<p>Tot i que des de casa, a l&#8217;Hip\u00e0tia continuem amb el treball per anar desenvolupant els objectius del projecte d&#8217;innovaci\u00f3<em>\u00a0Apadrinem el riu Tenes<\/em>\u00a0i n&#8217;estem molt contents!<\/p>\n<\/div>\n<\/div>\n<div><\/div>\n<div><img loading=\"lazy\" decoding=\"async\" class=\"aligncenter wp-image-11435\" src=\"https:\/\/agora.xtec.cat\/insllicamunt2\/wp-content\/uploads\/usu1100\/2020\/05\/logo-Apadrinem-el-Tenes.jpg\" alt=\"\" width=\"186\" height=\"186\" \/><\/div>\n<div>\n<div><\/div>\n<\/div>\n","protected":false},"excerpt":{"rendered":"<p>En aquest curs tant excepcional, no podem renunciar a l&#8217;ess\u00e8ncia de l&#8217;Hip\u00e0tia i un dels puntals del centre \u00e9s la relaci\u00f3 amb el Tenes. Per aix\u00f2, malgrat el confinament, no ens oblidem del riu i per aquest motiu hem creat &#8220;El Tenes des de casa&#8221;.&hellip;  <a href=\"https:\/\/agora.xtec.cat\/insllicamunt2\/no-classificat\/tenes-i-apadrinem-el-tenes\/\" title=\"Read Apadrinem el Tenes des de casa.\">Llegeix m\u00e9s\u00bb<\/a><\/p>\n","protected":false},"author":1,"featured_media":11435,"comment_status":"open","ping_status":"closed","sticky":false,"template":"","format":"standard","meta":{"_bbp_topic_count":0,"_bbp_reply_count":0,"_bbp_total_topic_count":0,"_bbp_total_reply_count":0,"_bbp_voice_count":0,"_bbp_anonymous_reply_count":0,"_bbp_topic_count_hidden":0,"_bbp_reply_count_hidden":0,"_bbp_forum_subforum_count":0,"footnotes":""},"categories":[4,5,94,800,99,347,355,1040,1,98,29],"tags":[284,793,1213,281],"class_list":["post-11433","post","type-post","status-publish","format-standard","has-post-thumbnail","hentry","category-1r-deso","category-2n-deso","category-activitats-fora-del-centre","category-apadrinem-el-riu-tenes","category-articles","category-biologia-i-geologia","category-ciencies-socials","category-el-far-dhipatia","category-no-classificat","category-noticies-breus","category-portada","tag-2n-deso","tag-apadrinem-el-riu-tenes","tag-biologia-i-geologia","tag-riu-tenes"],"post_mailing_queue_ids":[],"_links":{"self":[{"href":"https:\/\/agora.xtec.cat\/insllicamunt2\/wp-json\/wp\/v2\/posts\/11433","targetHints":{"allow":["GET"]}}],"collection":[{"href":"https:\/\/agora.xtec.cat\/insllicamunt2\/wp-json\/wp\/v2\/posts"}],"about":[{"href":"https:\/\/agora.xtec.cat\/insllicamunt2\/wp-json\/wp\/v2\/types\/post"}],"author":[{"embeddable":true,"href":"https:\/\/agora.xtec.cat\/insllicamunt2\/wp-json\/wp\/v2\/users\/1"}],"replies":[{"embeddable":true,"href":"https:\/\/agora.xtec.cat\/insllicamunt2\/wp-json\/wp\/v2\/comments?post=11433"}],"version-history":[{"count":4,"href":"https:\/\/agora.xtec.cat\/insllicamunt2\/wp-json\/wp\/v2\/posts\/11433\/revisions"}],"predecessor-version":[{"id":11443,"href":"https:\/\/agora.xtec.cat\/insllicamunt2\/wp-json\/wp\/v2\/posts\/11433\/revisions\/11443"}],"wp:featuredmedia":[{"embeddable":true,"href":"https:\/\/agora.xtec.cat\/insllicamunt2\/wp-json\/wp\/v2\/media\/11435"}],"wp:attachment":[{"href":"https:\/\/agora.xtec.cat\/insllicamunt2\/wp-json\/wp\/v2\/media?parent=11433"}],"wp:term":[{"taxonomy":"category","embeddable":true,"href":"https:\/\/agora.xtec.cat\/insllicamunt2\/wp-json\/wp\/v2\/categories?post=11433"},{"taxonomy":"post_tag","embeddable":true,"href":"https:\/\/agora.xtec.cat\/insllicamunt2\/wp-json\/wp\/v2\/tags?post=11433"}],"curies":[{"name":"wp","href":"https:\/\/api.w.org\/{rel}","templated":true}]}}