{"id":11415,"date":"2020-05-15T13:07:33","date_gmt":"2020-05-15T11:07:33","guid":{"rendered":"http:\/\/agora.xtec.cat\/insllicamunt2\/?p=11415"},"modified":"2020-05-15T13:38:11","modified_gmt":"2020-05-15T11:38:11","slug":"levalu-historia-dun-autoconfinament","status":"publish","type":"post","link":"https:\/\/agora.xtec.cat\/insllicamunt2\/no-classificat\/levalu-historia-dun-autoconfinament\/","title":{"rendered":"L&#8217;Eval\u00fa, hist\u00f2ria d&#8217;un autoconfinament"},"content":{"rendered":"<p>El 1930, uns pares i la seva filla de set anys es van embarcar en un petit veler, l&#8217;<strong>Eval\u00fa<\/strong>, per travessar l&#8217;Atl\u00e0ntic, de Boston a Barcelona, sense pr\u00e0cticament experi\u00e8ncia en mat\u00e8ria de navegaci\u00f3. Despr\u00e9s de 85 dies al mar, van arribar a Barcelona. Podr\u00edem dir que aquesta fam\u00edlia es va autoconfinar durant gaireb\u00e9 tres mesos en un espai d&#8217;onze metres de llargada i sense cap possibilitat de contacte amb l&#8217;exterior. Ells mateixos reconeixien que arribar a port havia estat pr\u00e0cticament un miracle.<\/p>\n<p>Durant una setmana, l&#8217;alumnat de 1r d&#8217;ESO ha abordat aquesta hist\u00f2ria amb un seguit d&#8217;activitats proposades des de les diferents mat\u00e8ries al classroom <em>Hip\u00e0tia a dist\u00e0ncia<\/em> i que intentaven donar resposta a tot un seguit de q\u00fcestions. Qu\u00e8 caldria per sobreviure a una travessa d&#8217;aquestes caracter\u00edstiques? Quins coneixements? Quines vitualles ens haur\u00edem d&#8217;endur? Com \u00e9s un dia qualsevol al mig de l&#8217;oce\u00e0? Com t&#8217;orientes al mig del mar? On \u00e9s Boston i on \u00e9s Barcelona? Qu\u00e8 hi ha entre aquestes dues ciutats? Quina fauna pobla aquest espai? Qu\u00e8 convertiria aquesta navegaci\u00f3 en un esport? Quines obres d&#8217;art ha inspirat el mar?<img loading=\"lazy\" decoding=\"async\" class=\"size-full wp-image-11416 alignleft\" src=\"https:\/\/agora.xtec.cat\/insllicamunt2\/wp-content\/uploads\/usu1100\/2020\/05\/foto-eval\u00fa.jpg\" alt=\"\" width=\"311\" height=\"450\" srcset=\"https:\/\/agora.xtec.cat\/insllicamunt2\/wp-content\/uploads\/usu1100\/2020\/05\/foto-eval\u00fa.jpg 311w, https:\/\/agora.xtec.cat\/insllicamunt2\/wp-content\/uploads\/usu1100\/2020\/05\/foto-eval\u00fa-207x300.jpg 207w\" sizes=\"auto, (max-width: 311px) 100vw, 311px\" \/><img loading=\"lazy\" decoding=\"async\" class=\"aligncenter wp-image-11419\" src=\"https:\/\/agora.xtec.cat\/insllicamunt2\/wp-content\/uploads\/usu1100\/2020\/05\/portada-eval\u00fa.jpg\" alt=\"\" width=\"303\" height=\"460\" srcset=\"https:\/\/agora.xtec.cat\/insllicamunt2\/wp-content\/uploads\/usu1100\/2020\/05\/portada-eval\u00fa.jpg 311w, https:\/\/agora.xtec.cat\/insllicamunt2\/wp-content\/uploads\/usu1100\/2020\/05\/portada-eval\u00fa-198x300.jpg 198w\" sizes=\"auto, (max-width: 303px) 100vw, 303px\" \/><\/p>\n","protected":false},"excerpt":{"rendered":"<p>El 1930, uns pares i la seva filla de set anys es van embarcar en un petit veler, l&#8217;Eval\u00fa, per travessar l&#8217;Atl\u00e0ntic, de Boston a Barcelona, sense pr\u00e0cticament experi\u00e8ncia en mat\u00e8ria de navegaci\u00f3. Despr\u00e9s de 85 dies al mar, van arribar a Barcelona. Podr\u00edem dir&hellip;  <a href=\"https:\/\/agora.xtec.cat\/insllicamunt2\/no-classificat\/levalu-historia-dun-autoconfinament\/\" title=\"Read L&#8217;Eval\u00fa, hist\u00f2ria d&#8217;un autoconfinament\">Llegeix m\u00e9s\u00bb<\/a><\/p>\n","protected":false},"author":1,"featured_media":3743,"comment_status":"open","ping_status":"closed","sticky":false,"template":"","format":"standard","meta":{"_bbp_topic_count":0,"_bbp_reply_count":0,"_bbp_total_topic_count":0,"_bbp_total_reply_count":0,"_bbp_voice_count":0,"_bbp_anonymous_reply_count":0,"_bbp_topic_count_hidden":0,"_bbp_reply_count_hidden":0,"_bbp_forum_subforum_count":0,"footnotes":""},"categories":[1],"tags":[998,913,1770,516,523],"class_list":["post-11415","post","type-post","status-publish","format-standard","has-post-thumbnail","hentry","category-no-classificat","tag-1r-deso","tag-al-voltant-de-la-lectura","tag-hipatia-a-distancia","tag-ilec","tag-projectes"],"post_mailing_queue_ids":[],"_links":{"self":[{"href":"https:\/\/agora.xtec.cat\/insllicamunt2\/wp-json\/wp\/v2\/posts\/11415","targetHints":{"allow":["GET"]}}],"collection":[{"href":"https:\/\/agora.xtec.cat\/insllicamunt2\/wp-json\/wp\/v2\/posts"}],"about":[{"href":"https:\/\/agora.xtec.cat\/insllicamunt2\/wp-json\/wp\/v2\/types\/post"}],"author":[{"embeddable":true,"href":"https:\/\/agora.xtec.cat\/insllicamunt2\/wp-json\/wp\/v2\/users\/1"}],"replies":[{"embeddable":true,"href":"https:\/\/agora.xtec.cat\/insllicamunt2\/wp-json\/wp\/v2\/comments?post=11415"}],"version-history":[{"count":3,"href":"https:\/\/agora.xtec.cat\/insllicamunt2\/wp-json\/wp\/v2\/posts\/11415\/revisions"}],"predecessor-version":[{"id":11418,"href":"https:\/\/agora.xtec.cat\/insllicamunt2\/wp-json\/wp\/v2\/posts\/11415\/revisions\/11418"}],"wp:featuredmedia":[{"embeddable":true,"href":"https:\/\/agora.xtec.cat\/insllicamunt2\/wp-json\/wp\/v2\/media\/3743"}],"wp:attachment":[{"href":"https:\/\/agora.xtec.cat\/insllicamunt2\/wp-json\/wp\/v2\/media?parent=11415"}],"wp:term":[{"taxonomy":"category","embeddable":true,"href":"https:\/\/agora.xtec.cat\/insllicamunt2\/wp-json\/wp\/v2\/categories?post=11415"},{"taxonomy":"post_tag","embeddable":true,"href":"https:\/\/agora.xtec.cat\/insllicamunt2\/wp-json\/wp\/v2\/tags?post=11415"}],"curies":[{"name":"wp","href":"https:\/\/api.w.org\/{rel}","templated":true}]}}