{"id":1103,"date":"2015-06-02T22:01:59","date_gmt":"2015-06-02T21:01:59","guid":{"rendered":"http:\/\/agora.xtec.cat\/insllicamunt2\/?p=1103"},"modified":"2016-05-09T10:56:19","modified_gmt":"2016-05-09T09:56:19","slug":"analisi-ecologica-de-diversitat-i-de-cobertora-de-la-flora-herbacia-a-linstitut-hipatia-dalexandria","status":"publish","type":"post","link":"https:\/\/agora.xtec.cat\/insllicamunt2\/el-far-dhipatia\/grups\/analisi-ecologica-de-diversitat-i-de-cobertora-de-la-flora-herbacia-a-linstitut-hipatia-dalexandria\/","title":{"rendered":"An\u00e0lisi ecol\u00f2gica de diversitat i de cobertora de la flora herb\u00e0cia a l&#8217;Institut Hip\u00e0tia d&#8217;Alexandria"},"content":{"rendered":"<p style=\"text-align: justify;\">\u00a0Els alumnes de 4t d&#8217;ESO de la mat\u00e8ria optativa de Biologia i Geologia han realitzat un mostreig del substrat herbaci a l&#8217;espai verd de la part posterior de l&#8217;edifici de l&#8217;Institut Hip\u00e0tia d&#8217;Alexandria amb l&#8217;objectiu de determinar-ne la diversitat d&#8217;esp\u00e8cies, la riquesa espec\u00edfica i la proporci\u00f3 de cobertora de les diferents esp\u00e8cies.<\/p>\n<p style=\"text-align: justify;\"><a href=\"https:\/\/lh3.googleusercontent.com\/-sZcVzutnUNU\/VW3zQbL_MdI\/AAAAAAAAA-A\/Mx20Frw2AFg\/s800\/IMG_9338.JPG\"><img loading=\"lazy\" decoding=\"async\" class=\"aligncenter\" src=\"https:\/\/lh3.googleusercontent.com\/-sZcVzutnUNU\/VW3zQbL_MdI\/AAAAAAAAA-A\/Mx20Frw2AFg\/s800\/IMG_9338.JPG\" alt=\"\" width=\"600\" height=\"450\" \/><\/a><\/p>\n<p style=\"text-align: justify;\">Cada grup d&#8217;alumnes ha realitzat el treball de recerca de forma independent, de manera que les dades d&#8217;uns i altres no es poden comparar (les esp\u00e8cies identificades amb lletres i els colors utilitzats als mapes de cobertora no es corresponen).<\/p>\n<p style=\"text-align: justify;\"><strong>Objectius<\/strong><\/p>\n<p style=\"text-align: justify;\">1) Determinar el nombre d&#8217;esp\u00e8cies (riquesa espec\u00edfica).<\/p>\n<p style=\"text-align: justify;\">2) Determinar el nombre d&#8217;individus de cada esp\u00e8cie (freq\u00fc\u00e8ncia espec\u00edfica).<\/p>\n<p style=\"text-align: justify;\">3) Determinar la proporci\u00f3 de cobertora de cadascuna de les esp\u00e8cies.<\/p>\n<p style=\"text-align: justify;\"><strong>Metodologia<\/strong><\/p>\n<p style=\"text-align: justify;\"><em>1) Selecci\u00f3 de l&#8217;\u00e0rea de mostreig:<\/em><\/p>\n<p style=\"text-align: justify;\">Els alumnes han format 4 equips de treball que s&#8217;han distribu\u00eft per tota l&#8217;\u00e0rea enjardinada. Es tracta d&#8217;una zona que no ha estat segada des de la primavera de l&#8217;any passat (2014) i en la que creixen diverses esp\u00e8cies herb\u00e0cies entre alguns arbres madurs.<\/p>\n<p><a href=\"https:\/\/lh3.googleusercontent.com\/-nmIBjIDa13g\/VW3zj0qgA4I\/AAAAAAAAA-A\/0UMzgKONe0Y\/s800\/IMG_9333.JPG\"><img loading=\"lazy\" decoding=\"async\" class=\"aligncenter\" src=\"https:\/\/lh3.googleusercontent.com\/-nmIBjIDa13g\/VW3zj0qgA4I\/AAAAAAAAA-A\/0UMzgKONe0Y\/s800\/IMG_9333.JPG\" alt=\"\" width=\"600\" height=\"450\" \/><\/a><\/p>\n<p>Els alumnes han escollit de forma no aleat\u00f2ria una superf\u00edcie d&#8217;un metre quadrat que han delimitat per mitj\u00e0 d&#8217;estaques i cordills. Per facilitar el mostreig, aquesta superf\u00edcie ha estat subdividida en 4 sectors de 50 cm<sup>2<\/sup>, tamb\u00e9 amb cordill. El criteri per seleccionar l&#8217;\u00e0rea ha estat el de incloure a dins del mostreig una varietat suficient de plantes (en un estudi ecol\u00f2gic real caldria realitzar mostrejos seguint t\u00e8cniques aleat\u00f2ries de mostreig estad\u00edstic amb l&#8217;objectiu de garantir la representativitat de les dades i l&#8217;objectivitat dels resultats.<\/p>\n<p><a href=\"https:\/\/lh3.googleusercontent.com\/-QImksavqEkw\/VW3zKBrN3CI\/AAAAAAAAA-A\/2nICubyHDd0\/s800\/IMG_9334.JPG\"><img loading=\"lazy\" decoding=\"async\" class=\"aligncenter\" src=\"https:\/\/lh3.googleusercontent.com\/-QImksavqEkw\/VW3zKBrN3CI\/AAAAAAAAA-A\/2nICubyHDd0\/s800\/IMG_9334.JPG\" alt=\"\" width=\"600\" height=\"450\" \/><\/a><\/p>\n<p style=\"text-align: justify;\"><em>2) Mostreig i mapatge:<\/em><\/p>\n<p style=\"text-align: justify;\">Per a cada \u00e0rea de mostreig s&#8217;han determinat el nombre d&#8217;esp\u00e8cies i el nombre d&#8217;exemplars de cadascuna de les esp\u00e8cies. El comptatge s&#8217;ha realitzat per la t\u00e8cnica de mostreig total, exemplar per exemplar. Per a evitar errors de mostreig s&#8217;ha fet el comptatge per sectors i, alhora, s&#8217;han a\u00efllat els exemplars comptabilitzats per diversos mitjans (extracci\u00f3, aplicaci\u00f3 de gomes, etc.).<\/p>\n<p style=\"text-align: justify;\"><a href=\"https:\/\/lh3.googleusercontent.com\/-tu7y2wXjtvo\/VW3zKc5-cGI\/AAAAAAAAA-A\/wDfj6K8xJ60\/s800\/IMG_9335.JPG\"><img loading=\"lazy\" decoding=\"async\" class=\"aligncenter\" src=\"https:\/\/lh3.googleusercontent.com\/-tu7y2wXjtvo\/VW3zKc5-cGI\/AAAAAAAAA-A\/wDfj6K8xJ60\/s800\/IMG_9335.JPG\" alt=\"\" width=\"600\" height=\"450\" \/><\/a><\/p>\n<p style=\"text-align: justify;\">Tamb\u00e9 s&#8217;ha dibuixat sobre una cartolina la cobertora de cada esp\u00e8cie (sense distingir els individus de cada esp\u00e8cie).<\/p>\n<p style=\"text-align: justify;\"><a href=\"https:\/\/lh3.googleusercontent.com\/-ZUPhogHJFxM\/VW3zO30DWnI\/AAAAAAAAA-A\/oFK-zeJbZRw\/s800\/IMG_9337.JPG\"><img loading=\"lazy\" decoding=\"async\" class=\"aligncenter\" src=\"https:\/\/lh3.googleusercontent.com\/-ZUPhogHJFxM\/VW3zO30DWnI\/AAAAAAAAA-A\/oFK-zeJbZRw\/s800\/IMG_9337.JPG\" alt=\"\" width=\"600\" height=\"450\" \/><\/a><\/p>\n<p style=\"text-align: justify;\">Tot i no realitzar els dibuixos de cobertora sobre una graella quadriculada, s&#8217;ha intentat minimitzar l&#8217;error de dibuix tenint especial cura en mantenir les proporcions (la cartolina \u00e9s de 50 x 50 cm i, per tant, s&#8217;ha realitzat a escala 1:2).<\/p>\n<p style=\"text-align: justify;\"><a href=\"https:\/\/lh3.googleusercontent.com\/-C2hF81pYCNs\/VW3zRuL6j0I\/AAAAAAAAA-A\/zDsk7E63GYk\/s800\/IMG_9340.JPG\"><img loading=\"lazy\" decoding=\"async\" class=\"aligncenter\" src=\"https:\/\/lh3.googleusercontent.com\/-C2hF81pYCNs\/VW3zRuL6j0I\/AAAAAAAAA-A\/zDsk7E63GYk\/s800\/IMG_9340.JPG\" alt=\"\" width=\"600\" height=\"450\" \/><\/a><\/p>\n<p style=\"text-align: justify;\">Al mateix temps que s&#8217;ha dibuixat la cobertora s&#8217;han identificat les esp\u00e8cies i comptat el nombre d&#8217;individus de cada esp\u00e8cie.<\/p>\n<p style=\"text-align: justify;\"><a href=\"https:\/\/lh3.googleusercontent.com\/-EVrOvsUDprU\/VW3zTp2F0wI\/AAAAAAAAA-A\/ynzZg5GTxP8\/s800\/IMG_9342.JPG\"> <img loading=\"lazy\" decoding=\"async\" class=\"aligncenter\" src=\"https:\/\/lh3.googleusercontent.com\/-EVrOvsUDprU\/VW3zTp2F0wI\/AAAAAAAAA-A\/ynzZg5GTxP8\/s800\/IMG_9342.JPG\" alt=\"\" width=\"600\" height=\"800\" \/><\/a><\/p>\n<p style=\"text-align: justify;\"><em>4) Identificaci\u00f3 d&#8217;esp\u00e8cies:<\/em><\/p>\n<p style=\"text-align: justify;\">S&#8217;ha fet fotografia de les diferents esp\u00e8cies presents a l&#8217;\u00e0rea de mostreig per a la posterior identificaci\u00f3. En alguns casos ha estat possible identificar les esp\u00e8cies a partir de bibliografia especialitzada. En altres casos, s&#8217;ha identificat cada esp\u00e8cie amb una lletra.<\/p>\n<p style=\"text-align: center;\"><a href=\"https:\/\/lh3.googleusercontent.com\/-mu3QQfq_MA0\/VW3zSogK7mI\/AAAAAAAAA-A\/OlPLV9oln2M\/s800\/IMG_9341.JPG\"><img loading=\"lazy\" decoding=\"async\" class=\"aligncenter\" src=\"https:\/\/lh3.googleusercontent.com\/-mu3QQfq_MA0\/VW3zSogK7mI\/AAAAAAAAA-A\/OlPLV9oln2M\/s800\/IMG_9341.JPG\" alt=\"\" width=\"600\" height=\"450\" \/><\/a><\/p>\n<p style=\"text-align: justify;\"><em>5) C\u00e0lculs de diversitat:<\/em><\/p>\n<p style=\"text-align: justify;\">La diversitat es pot expressar de diverses maneres.<\/p>\n<p style=\"text-align: justify;\">Gen\u00e8ricament, s&#8217;ent\u00e9n per diversitat biol\u00f2gica al nombre d&#8217;esp\u00e8cies que hi ha en un determinat espai. No obstant aix\u00f2, en ecologia es poden definir altres conceptes m\u00e9s espec\u00edfics:<\/p>\n<ul style=\"list-style-type: disc;\">\n<li style=\"text-align: justify;\">Riquesa espec\u00edfica (S: \u00e9s el nombre total d&#8217;esp\u00e8cies en un espai determinat).<\/li>\n<li style=\"text-align: justify;\">Freq\u00fc\u00e8ncia espec\u00edfica (N: \u00e9s el nombre d&#8217;individus de cada esp\u00e8cies (la grand\u00e0ria de la poblaci\u00f3)).<\/li>\n<\/ul>\n<p style=\"text-align: justify;\">Aquestes dades s&#8217;han obtingut directament del mostreig i no ha calgut realitzar altres c\u00e0lculs num\u00e8rics. S\u00ed que s&#8217;han calculat percentatges de freq\u00fc\u00e8ncia espec\u00edfica per a comparar les esp\u00e8cies.<\/p>\n<p style=\"text-align: center;\"><a href=\"https:\/\/lh3.googleusercontent.com\/-2wTLM88AFcU\/VW3zQ4jDBQI\/AAAAAAAAA-A\/9sUPOO7GZg0\/s800\/IMG_9339.JPG\"><img loading=\"lazy\" decoding=\"async\" class=\"aligncenter\" src=\"https:\/\/lh3.googleusercontent.com\/-2wTLM88AFcU\/VW3zQ4jDBQI\/AAAAAAAAA-A\/9sUPOO7GZg0\/s800\/IMG_9339.JPG\" alt=\"\" width=\"600\" height=\"450\" \/><\/a><\/p>\n<p style=\"text-align: justify;\">6) C\u00e0lcul de la cobertora per esp\u00e8cies.<\/p>\n<p style=\"text-align: justify;\">A partir dels mapes dibuixats s&#8217;ha quantificat en termes de superf\u00edcie els espais ocupats per a cada esp\u00e8cie (les &#8220;taques&#8221;). Per aconseguir-ho, s&#8217;han subdividit les &#8220;taques&#8221; en rectangles per a determinar llurs superf\u00edcies (llarg\u00e0ria multiplicat per amplada) i s&#8217;han sumat les superf\u00edcies obtingudes.<\/p>\n<p style=\"text-align: center;\"><a href=\"https:\/\/lh3.googleusercontent.com\/-GTYBG9L0M8s\/VW3zOan4PRI\/AAAAAAAAA-A\/ptQQF1UOwNs\/s800\/IMG_9336.JPG\"><img loading=\"lazy\" decoding=\"async\" class=\"aligncenter\" src=\"https:\/\/lh3.googleusercontent.com\/-GTYBG9L0M8s\/VW3zOan4PRI\/AAAAAAAAA-A\/ptQQF1UOwNs\/s800\/IMG_9336.JPG\" alt=\"\" width=\"600\" height=\"450\" \/><\/a><\/p>\n<p style=\"text-align: justify;\"><strong>Resultats<\/strong><\/p>\n<p style=\"text-align: justify;\"><em>SECTOR 1:<\/em><\/p>\n<p style=\"text-align: justify;\">Andrea Astorga i Maria Sorolla<\/p>\n<p style=\"text-align: center;\"><iframe loading=\"lazy\" src=\"https:\/\/www.youtube.com\/embed\/hmgL8WtvIfQ?rel=0&amp;showinfo=0\" width=\"600\" height=\"350\" frameborder=\"0\" allowfullscreen=\"allowfullscreen\"><\/iframe><\/p>\n<p style=\"text-align: justify;\">El mapa de cobertora i de distribuci\u00f3 de les esp\u00e8cies \u00e9s el seg\u00fcent:<\/p>\n<p style=\"text-align: justify;\"><a href=\"https:\/\/lh3.googleusercontent.com\/-yoMQF6juBqA\/VW3-4iKHvqI\/AAAAAAAAA-o\/kbKCh6vuERY\/s800\/Superfi%2525CC%252581cie%252520Andrea%252520i%252520maria.jpg\"><img loading=\"lazy\" decoding=\"async\" class=\"aligncenter\" src=\"https:\/\/lh3.googleusercontent.com\/-yoMQF6juBqA\/VW3-4iKHvqI\/AAAAAAAAA-o\/kbKCh6vuERY\/s800\/Superfi%2525CC%252581cie%252520Andrea%252520i%252520maria.jpg\" alt=\"\" width=\"603\" height=\"605\" \/><\/a><\/p>\n<p style=\"text-align: justify; padding-left: 30px;\">Esp\u00e8cies identificades:<\/p>\n<p style=\"padding-left: 60px;\">&#8211; A (vermell): <em>Plantago<\/em> sp.<\/p>\n<p style=\"padding-left: 60px;\">&#8211; D (groc): <em>Sonchus<\/em> sp.<\/p>\n<p style=\"padding-left: 60px;\">&#8211; E (taronja): <em>Alyssum maritimum<\/em><\/p>\n<p style=\"padding-left: 60px;\">&#8211; F (marr\u00f3): es tracta d&#8217;una gram\u00ednia<\/p>\n<p style=\"text-align: justify; padding-left: 30px;\">Esp\u00e8cies no identificades:<\/p>\n<p style=\"text-align: justify; padding-left: 60px;\">B (violeta), C (verd), G (lila), H (rosa).<\/p>\n<p style=\"text-align: justify;\">Riquesa espec\u00edfica: 8 esp\u00e8cies.<\/p>\n<p style=\"text-align: justify;\">Freq\u00fc\u00e8ncia espec\u00edfica:<\/p>\n<p style=\"text-align: justify; padding-left: 30px;\">C (15 individus)<\/p>\n<p style=\"text-align: justify; padding-left: 30px;\"><em>Plantago<\/em> sp. (12 individus)<\/p>\n<p style=\"text-align: justify; padding-left: 30px;\">B (10 individus)<\/p>\n<p style=\"text-align: justify; padding-left: 30px;\">H (10 individus)<\/p>\n<p style=\"text-align: justify; padding-left: 30px;\"><em>Sonchus<\/em> sp. (8 individus)<\/p>\n<p style=\"text-align: justify; padding-left: 30px;\">Gram\u00ednia (7 individus)<\/p>\n<p style=\"text-align: justify; padding-left: 30px;\">G (3 individus)<\/p>\n<p style=\"text-align: justify; padding-left: 30px;\"><em>Alyssum maritimum<\/em> (2 individus)<\/p>\n<p style=\"text-align: justify;\">Cobertora:<\/p>\n<p style=\"text-align: justify; padding-left: 30px;\">H (3968 cm<sup>2<\/sup>) (40 %)<\/p>\n<p style=\"text-align: justify; padding-left: 30px;\"><em>Plantago<\/em> sp. (2464 cm<sup>2<\/sup>) (25 %)<\/p>\n<p style=\"text-align: justify; padding-left: 30px;\"><em>Alyssum maritimum<\/em> (944 cm<sup>2<\/sup>) (9 %)<\/p>\n<p style=\"text-align: justify; padding-left: 30px;\">B (848 cm<sup>2<\/sup>) (8 %)<\/p>\n<p style=\"text-align: justify; padding-left: 30px;\"><em>Sonchus<\/em> sp. (704 cm<sup>2<\/sup>) (7 %)<\/p>\n<p style=\"text-align: justify; padding-left: 30px;\">Gram\u00ednia (512 cm<sup>2<\/sup>) (5 %)<\/p>\n<p style=\"text-align: justify; padding-left: 30px;\">C (464 cm<sup>2<\/sup>) (5 %)<\/p>\n<p style=\"text-align: justify; padding-left: 30px;\">G (96 cm<sup>2<\/sup>) (1 %)<\/p>\n<p style=\"text-align: justify;\">\u2014\u2014\u2014\u2014\u2014\u2014\u2014\u2014\u2014\u2014\u2014\u2014\u2014\u2014\u2014\u2014\u2014\u2014\u2014\u2014\u2014\u2014\u2014\u2014\u2014\u2014\u2014\u2014\u2014\u2014\u2014\u2014\u2014\u2014<\/p>\n<p style=\"text-align: justify;\"><em>SECTOR 2:<\/em><\/p>\n<p style=\"text-align: justify;\">Carla Garcia i Adri\u00e1n P\u00e9rez<\/p>\n<p style=\"text-align: center;\"><iframe loading=\"lazy\" src=\"https:\/\/www.youtube.com\/embed\/XYwCncH9zZs?rel=0&amp;showinfo=0\" width=\"600\" height=\"350\" frameborder=\"0\" allowfullscreen=\"allowfullscreen\"><\/iframe><\/p>\n<p style=\"text-align: justify;\">El mapa de cobertora i de distribuci\u00f3 de les esp\u00e8cies \u00e9s el seg\u00fcent:<\/p>\n<p style=\"text-align: justify;\"><a href=\"https:\/\/lh3.googleusercontent.com\/-C64wOPyqXzE\/VW3-1MzOrfI\/AAAAAAAAA-Q\/oEgKe62blQg\/s800\/Superfi%2525CC%252581cie%252520Adrian%252520i%252520Carla.jpg\"><img loading=\"lazy\" decoding=\"async\" class=\"aligncenter\" src=\"https:\/\/lh3.googleusercontent.com\/-C64wOPyqXzE\/VW3-1MzOrfI\/AAAAAAAAA-Q\/oEgKe62blQg\/s800\/Superfi%2525CC%252581cie%252520Adrian%252520i%252520Carla.jpg\" alt=\"\" width=\"597\" height=\"564\" \/><\/a><\/p>\n<p style=\"text-align: justify; padding-left: 30px;\">Esp\u00e8cies identificades:<\/p>\n<p style=\"padding-left: 60px;\">&#8211; A (f\u00facsia): tr\u00e8vol.<\/p>\n<p style=\"padding-left: 60px;\">&#8211; F (blau): <em>Plantago<\/em> sp.<\/p>\n<p style=\"text-align: justify; padding-left: 30px;\">Esp\u00e8cies no identificades:<\/p>\n<p style=\"text-align: justify; padding-left: 60px;\">B (vermell), C (taronja), D (groc), E (negre), J (blau clar), H (verd).<\/p>\n<p style=\"text-align: justify; padding-left: 60px;\">El color blanc \u00e9s espai no cobert per vegetaci\u00f3.<\/p>\n<p style=\"text-align: justify;\">Riquesa espec\u00edfica: 8 esp\u00e8cies.<\/p>\n<p style=\"text-align: justify;\">Freq\u00fc\u00e8ncia espec\u00edfica:<\/p>\n<p style=\"text-align: justify; padding-left: 30px;\">B (27 individus)<\/p>\n<p style=\"text-align: justify; padding-left: 30px;\">Tr\u00e8vol (17 individus)<\/p>\n<p style=\"text-align: justify; padding-left: 30px;\"><em>Plantago<\/em> sp. (16 individus)<\/p>\n<p style=\"text-align: justify; padding-left: 30px;\">H (7 individus)<\/p>\n<p style=\"text-align: justify; padding-left: 30px;\">E (4 individus)<\/p>\n<p style=\"text-align: justify; padding-left: 30px;\">C (3 individus)<\/p>\n<p style=\"text-align: justify; padding-left: 30px;\">D (1 individu)<\/p>\n<p style=\"text-align: justify; padding-left: 30px;\">J (1 individu)<\/p>\n<p style=\"text-align: justify;\">Cobertora:<\/p>\n<p style=\"text-align: justify; padding-left: 30px;\">Tr\u00e8vol (1655 cm<sup>2<\/sup>) (17 %)<\/p>\n<p style=\"text-align: justify; padding-left: 30px;\">B (548 cm<sup>2<\/sup>) (5 %)<\/p>\n<p style=\"text-align: justify; padding-left: 30px;\"><em>Plantago<\/em> sp. (296 cm<sup>2<\/sup>) (3 %)<\/p>\n<p style=\"text-align: justify; padding-left: 30px;\">H (208 cm<sup>2<\/sup>) (2 %)<\/p>\n<p style=\"text-align: justify; padding-left: 30px;\">C (104 cm<sup>2<\/sup>) (1 %)<\/p>\n<p style=\"text-align: justify; padding-left: 30px;\">J (61 cm<sup>2<\/sup>) (1 %)<\/p>\n<p style=\"text-align: justify; padding-left: 30px;\">E (57 cm<sup>2<\/sup>) (0,6 %)<\/p>\n<p style=\"text-align: justify; padding-left: 30px;\">D (44,5 cm<sup>2<\/sup>) (0,4 %)<\/p>\n<p style=\"text-align: justify;\">\u2014\u2014\u2014\u2014\u2014\u2014\u2014\u2014\u2014\u2014\u2014\u2014\u2014\u2014\u2014\u2014\u2014\u2014\u2014\u2014\u2014\u2014\u2014\u2014\u2014\u2014\u2014\u2014\u2014\u2014\u2014\u2014\u2014\u2014<\/p>\n<p style=\"text-align: justify;\"><em>SECTOR 3:<\/em><\/p>\n<p style=\"text-align: justify;\">Carlos Artigas i Xavier Romera<\/p>\n<p style=\"text-align: center;\"><iframe loading=\"lazy\" src=\"https:\/\/www.youtube.com\/embed\/aSAY2xuiq50?rel=0&amp;showinfo=0\" width=\"600\" height=\"350\" frameborder=\"0\" allowfullscreen=\"allowfullscreen\"><\/iframe><\/p>\n<p style=\"text-align: justify;\">El mapa de cobertora i de distribuci\u00f3 de les esp\u00e8cies \u00e9s el seg\u00fcent:<\/p>\n<p style=\"text-align: justify;\"><a href=\"https:\/\/lh3.googleusercontent.com\/-oFRNVylro6Y\/VW3-4nFcOgI\/AAAAAAAAA-g\/L11dp0ddCwU\/s800\/Superfi%2525CC%252581cie%252520Carlos%252520i%252520Xavi.jpg\"><img loading=\"lazy\" decoding=\"async\" class=\"aligncenter\" src=\"https:\/\/lh3.googleusercontent.com\/-oFRNVylro6Y\/VW3-4nFcOgI\/AAAAAAAAA-g\/L11dp0ddCwU\/s800\/Superfi%2525CC%252581cie%252520Carlos%252520i%252520Xavi.jpg\" alt=\"\" width=\"602\" height=\"632\" \/><\/a><\/p>\n<p style=\"text-align: justify; padding-left: 30px;\">Esp\u00e8cies no identificades:<\/p>\n<p style=\"text-align: justify; padding-left: 60px;\">A (vermell), B (groc), C (lila), D (verd), E (rosa), F (blau fosc), G (taronja), H (blau cel).<\/p>\n<p style=\"text-align: justify; padding-left: 60px;\">El gris \u00e9s superf\u00edcie no recoberta per vegetaci\u00f3.<\/p>\n<p style=\"text-align: justify;\">Riquesa espec\u00edfica: 8 esp\u00e8cies.<\/p>\n<p style=\"text-align: justify;\">Freq\u00fc\u00e8ncia espec\u00edfica:<\/p>\n<p style=\"text-align: justify; padding-left: 30px;\">B (36 individus)<\/p>\n<p style=\"text-align: justify; padding-left: 30px;\">C (36 individus)<\/p>\n<p style=\"text-align: justify; padding-left: 30px;\">D (22 individus)<\/p>\n<p style=\"text-align: justify; padding-left: 30px;\">A (10 individus)<\/p>\n<p style=\"text-align: justify; padding-left: 30px;\">H (5 individus)<\/p>\n<p style=\"text-align: justify; padding-left: 30px;\">G (3 individus)<\/p>\n<p style=\"text-align: justify; padding-left: 30px;\">E (2 individus)<\/p>\n<p style=\"text-align: justify; padding-left: 30px;\">F (1 individu)<\/p>\n<p style=\"text-align: justify;\">Cobertora:<\/p>\n<p style=\"text-align: justify; padding-left: 30px;\">A (368 cm<sup>2<\/sup>) (4 %)<\/p>\n<p style=\"text-align: justify; padding-left: 30px;\">C (118 cm<sup>2<\/sup>) (1 %)<\/p>\n<p style=\"text-align: justify; padding-left: 30px;\">D (88 cm<sup>2<\/sup>) (1 %)<\/p>\n<p style=\"text-align: justify; padding-left: 30px;\">H (64 cm<sup>2<\/sup>) (0,6 %)<\/p>\n<p style=\"text-align: justify; padding-left: 30px;\">G (62 cm<sup>2<\/sup>) (0,6 %)<\/p>\n<p style=\"text-align: justify; padding-left: 30px;\">B (42 cm<sup>2<\/sup>) (0,4 %)<\/p>\n<p style=\"text-align: justify; padding-left: 30px;\">E (8 cm<sup>2<\/sup>) (0,1 %)<\/p>\n<p style=\"text-align: justify; padding-left: 30px;\">F (4 cm<sup>2<\/sup>) (0 %)<\/p>\n<p style=\"text-align: justify;\">\u2014\u2014\u2014\u2014\u2014\u2014\u2014\u2014\u2014\u2014\u2014\u2014\u2014\u2014\u2014\u2014\u2014\u2014\u2014\u2014\u2014\u2014\u2014\u2014\u2014\u2014\u2014\u2014\u2014\u2014\u2014\u2014\u2014\u2014<\/p>\n<p style=\"text-align: justify;\"><em>SECTOR 4:<\/em><\/p>\n<p style=\"text-align: justify;\">Alberto Alba i N\u00faria Amen\u00e1bar<\/p>\n<p style=\"text-align: center;\"><iframe loading=\"lazy\" src=\"https:\/\/www.youtube.com\/embed\/S4_iyh1Jjrg?rel=0&amp;showinfo=0\" width=\"600\" height=\"350\" frameborder=\"0\" allowfullscreen=\"allowfullscreen\"><\/iframe><\/p>\n<p style=\"text-align: justify;\">El mapa de cobertora i de distribuci\u00f3 de les esp\u00e8cies \u00e9s el seg\u00fcent:<\/p>\n<p style=\"text-align: justify;\"><a href=\"https:\/\/lh3.googleusercontent.com\/-ry59bAzycyY\/VW3-43Yn_hI\/AAAAAAAAA-k\/oJzkDOHxx00\/s800\/Superfi%2525CC%252581cie%252520Alberto%252520i%252520Nuria.jpg\"><img loading=\"lazy\" decoding=\"async\" class=\"aligncenter\" src=\"https:\/\/lh3.googleusercontent.com\/-ry59bAzycyY\/VW3-43Yn_hI\/AAAAAAAAA-k\/oJzkDOHxx00\/s800\/Superfi%2525CC%252581cie%252520Alberto%252520i%252520Nuria.jpg\" alt=\"\" width=\"603\" height=\"612\" \/><\/a><\/p>\n<p style=\"text-align: justify; padding-left: 30px;\">Esp\u00e8cies identificades:<\/p>\n<p style=\"text-align: justify; padding-left: 60px;\">A (blau fosc): <em>Verbascum thapsus<\/em><\/p>\n<p style=\"text-align: justify; padding-left: 60px;\">B (verd): <em>Conyza<\/em> sp.<\/p>\n<p style=\"text-align: justify; padding-left: 60px;\">C (vermell): <em>Trifolium<\/em> sp. (tr\u00e8vol)<\/p>\n<p style=\"text-align: justify; padding-left: 60px;\">E (groc): <em>Plantago lagotopus<\/em><\/p>\n<p style=\"text-align: justify; padding-left: 60px;\">G (f\u00facsia): <em>Echium italicum<\/em><\/p>\n<p style=\"text-align: justify; padding-left: 60px;\">H (violeta): <em>Astragalus monspessulanus<\/em><\/p>\n<p style=\"text-align: justify; padding-left: 60px;\">L (blau cel): <em>Anchusa italica<\/em><\/p>\n<p style=\"text-align: justify; padding-left: 60px;\">El marr\u00f3 \u00e9s superf\u00edcie no coberta per vegetaci\u00f3.<\/p>\n<p style=\"text-align: justify;\">Riquesa espec\u00edfica: 7 esp\u00e8cies.<\/p>\n<p style=\"text-align: justify;\">Freq\u00fc\u00e8ncia espec\u00edfica:<\/p>\n<p style=\"text-align: justify; padding-left: 30px;\"><em>Plantago lagotopus<\/em> (33 individus)<\/p>\n<p style=\"text-align: justify; padding-left: 30px;\"><em>Conyza<\/em> sp. (14 individus)<\/p>\n<p style=\"text-align: justify; padding-left: 30px;\"><em>Verbascum thapsus<\/em> (11 individus)<\/p>\n<p style=\"text-align: justify; padding-left: 30px;\"><em>Trifolium<\/em> sp. (6 individus)<\/p>\n<p style=\"text-align: justify; padding-left: 30px;\"><em>Anchusa italica<\/em> (4 individus)<\/p>\n<p style=\"text-align: justify; padding-left: 30px;\"><em>Echium italicum<\/em> (1 individu)<\/p>\n<p style=\"text-align: justify; padding-left: 30px;\"><em>Astragalus monspessulanus<\/em> (1 individu)<\/p>\n<p style=\"text-align: justify;\">Cobertora:<\/p>\n<p style=\"text-align: justify; padding-left: 30px;\"><em>Verbascum thapsus<\/em> (973,3 cm<sup>2<\/sup>) (10 %)<\/p>\n<p style=\"text-align: justify; padding-left: 30px;\"><em>Conyza<\/em> sp. (648,98 cm<sup>2<\/sup>) (6 %)<\/p>\n<p style=\"text-align: justify; padding-left: 30px;\"><em>Plantago lagotopus<\/em> (480,62 cm<sup>2<\/sup>) (4 %)<\/p>\n<p style=\"text-align: justify; padding-left: 30px;\"><em>Trifolium<\/em> sp. (257,82 cm<sup>2<\/sup>) (3 %)<\/p>\n<p style=\"text-align: justify; padding-left: 30px;\"><em>Anchusa italica<\/em> (210,04 cm<sup>2<\/sup>) (2 %)<\/p>\n<p style=\"text-align: justify; padding-left: 30px;\"><em>Echium italicum<\/em> (65,5 cm<sup>2<\/sup>) (0,7 %)<\/p>\n<p style=\"text-align: justify; padding-left: 30px;\"><em>Astragalus monspessulanus<\/em> (0,3 cm<sup>2<\/sup>) (1 %)<\/p>\n<p style=\"text-align: justify;\">\u2014\u2014\u2014\u2014\u2014\u2014\u2014\u2014\u2014\u2014\u2014\u2014\u2014\u2014\u2014\u2014\u2014\u2014\u2014\u2014\u2014\u2014\u2014\u2014\u2014\u2014\u2014\u2014\u2014\u2014\u2014\u2014\u2014\u2014<\/p>\n<p style=\"text-align: justify;\"><strong>Conclusions<br \/>\n<\/strong><\/p>\n<p style=\"text-align: justify;\">1) Els autors d&#8217;aquesta investigaci\u00f3 no disposen de refer\u00e8ncies per valorar de manera objectiva si l&#8217;\u00e0rea estudiada presenta una alta o baixa riquesa espec\u00edfica. No obstant aix\u00f2, intu\u00eftivament poden considerar que la pres\u00e8ncia de 7-8 esp\u00e8cies diferents de substrat herbaci per metre quadrat \u00e9s prou significatiu (cal tenir en compte que necess\u00e0riament si s&#8217;haguessin tingut en compte tots els \u00e9ssers vius presents a l&#8217;\u00e0rea la riquesa seria molt superior).<\/p>\n<p style=\"text-align: justify;\">2) Tot i no haver realitzat proves de significaci\u00f3 estad\u00edstica, l&#8217;observaci\u00f3 de les dades de freq\u00fc\u00e8ncia espec\u00edfica en relaci\u00f3 al grau de recobriment vegetal de l&#8217;\u00e0rea estudiada permet determinar dos comportaments diferenciats:<\/p>\n<p style=\"text-align: justify; padding-left: 30px;\">a) Un dels quadrants estudiats (Sector 1) es caracteritza per una elevada cobertora vegetal i per una freq\u00fc\u00e8ncia espec\u00edfica similar en totes les poblacions (un nombre d&#8217;individus similar a cadascuna de les esp\u00e8cies).<\/p>\n<p style=\"text-align: justify; padding-left: 30px;\">b) La resta de quadrants (Sectors 2, 3 i 4) es caracteritzen per una redu\u00efda cobertora vegetal i, tot i tenir la mateixa riquesa espec\u00edfica (7-8 esp\u00e8cies), hi ha una important difer\u00e8ncia entre unes esp\u00e8cies (amb un nombre elevat d&#8217;individus) i altres poblacions (amb un nombre redu\u00eft d&#8217;individus), essent de 1 a 3 les esp\u00e8cies dominants.<\/p>\n<p style=\"text-align: justify;\">Aquest comportament podria explicar-se en termes de successi\u00f3 ecol\u00f2gica, de tal manera que mentre en els sectors 2, 3 i 4 l&#8217;ecosistema considerat es troba en un proc\u00e9s preg\u00f3 d&#8217;evoluci\u00f3 ecol\u00f2gica, amb poca cobertora i el domini d&#8217;esp\u00e8cies probablement euribionts amb estrat\u00e8gia oportunista, en el sector 1 la cobertora de l&#8217;espai \u00e9s total i s&#8217;ha produ\u00eft un equilibri d&#8217;esp\u00e8cies estenobionts d&#8217;estrat\u00e8gia conservadora amb una dimensi\u00f3 de llurs poblacions similar (evidentment, aquestes conclusions s&#8217;expressen en termes comparatius entre els diferents sectors treballats).<\/p>\n<p style=\"text-align: justify;\">3) L&#8217;observaci\u00f3 dels mapes de distribuci\u00f3 de les diferents esp\u00e8cies a l&#8217;espai mostren que no hi ha difer\u00e8ncies significatives en quant a la fragmentaci\u00f3 del territori ocupat per cada esp\u00e8cie, i en tots els casos hi ha esp\u00e8cies que ocupen m\u00e9s espai que d&#8217;altres (segurament com a conseq\u00fc\u00e8ncia de les difer\u00e8ncies de grand\u00e0ria del corm (de la planta) o en funci\u00f3 de les estrat\u00e8gies de propagaci\u00f3 de la descend\u00e8ncia).<\/p>\n<p style=\"text-align: justify;\">Hi ha, per\u00f2, una difer\u00e8ncia molt important entre el sector 1 i la resta de sectors, i \u00e9s que l&#8217;esp\u00e8cie identificada amb la lletra H en el sector 1 (al mapa en color rosa) ocupa el 100% de l&#8217;espai no ocupat per la resta d&#8217;esp\u00e8cies. Aquesta esp\u00e8cie H ha de ser probablement interpretada en termes de n\u00ednxol ecol\u00f2gic com a una esp\u00e8cie euribiont per\u00f2 incapa\u00e7 de competir amb la resta d&#8217;esp\u00e8cies (les altres esp\u00e8cies ocupen l&#8217;espai segons un patr\u00f3 similar a la resta de sectors i, per tant, s&#8217;han de considerar dominants. La esp\u00e8cie H ocupa l&#8217;espai no requerit per la resta d&#8217;esp\u00e8cies, per\u00f2 aquest espai l&#8217;explota al 100%).<\/p>\n","protected":false},"excerpt":{"rendered":"<p>\u00a0Els alumnes de 4t d&#8217;ESO de la mat\u00e8ria optativa de Biologia i Geologia han realitzat un mostreig del substrat herbaci a l&#8217;espai verd de la part posterior de l&#8217;edifici de l&#8217;Institut Hip\u00e0tia d&#8217;Alexandria amb l&#8217;objectiu de determinar-ne la diversitat d&#8217;esp\u00e8cies, la riquesa espec\u00edfica i la&hellip;  <a href=\"https:\/\/agora.xtec.cat\/insllicamunt2\/el-far-dhipatia\/grups\/analisi-ecologica-de-diversitat-i-de-cobertora-de-la-flora-herbacia-a-linstitut-hipatia-dalexandria\/\" title=\"Read An\u00e0lisi ecol\u00f2gica de diversitat i de cobertora de la flora herb\u00e0cia a l&#8217;Institut Hip\u00e0tia d&#8217;Alexandria\">Llegeix m\u00e9s\u00bb<\/a><\/p>\n","protected":false},"author":27,"featured_media":1105,"comment_status":"open","ping_status":"open","sticky":false,"template":"","format":"standard","meta":{"_bbp_topic_count":0,"_bbp_reply_count":0,"_bbp_total_topic_count":0,"_bbp_total_reply_count":0,"_bbp_voice_count":0,"_bbp_anonymous_reply_count":0,"_bbp_topic_count_hidden":0,"_bbp_reply_count_hidden":0,"_bbp_forum_subforum_count":0,"footnotes":""},"categories":[7,93,99,347,3,29],"tags":[374,367,368,375,371,376,147,377,378,379],"class_list":["post-1103","post","type-post","status-publish","format-standard","has-post-thumbnail","hentry","category-4t-deso","category-activitats-daula","category-articles","category-biologia-i-geologia","category-grups","category-portada","tag-cobertora","tag-diversitat","tag-ecologia","tag-especies","tag-flora","tag-frequencia-especifica","tag-institut","tag-mostreig","tag-quadrants","tag-zona-ajardinada"],"post_mailing_queue_ids":[],"_links":{"self":[{"href":"https:\/\/agora.xtec.cat\/insllicamunt2\/wp-json\/wp\/v2\/posts\/1103","targetHints":{"allow":["GET"]}}],"collection":[{"href":"https:\/\/agora.xtec.cat\/insllicamunt2\/wp-json\/wp\/v2\/posts"}],"about":[{"href":"https:\/\/agora.xtec.cat\/insllicamunt2\/wp-json\/wp\/v2\/types\/post"}],"author":[{"embeddable":true,"href":"https:\/\/agora.xtec.cat\/insllicamunt2\/wp-json\/wp\/v2\/users\/27"}],"replies":[{"embeddable":true,"href":"https:\/\/agora.xtec.cat\/insllicamunt2\/wp-json\/wp\/v2\/comments?post=1103"}],"version-history":[{"count":1,"href":"https:\/\/agora.xtec.cat\/insllicamunt2\/wp-json\/wp\/v2\/posts\/1103\/revisions"}],"predecessor-version":[{"id":1104,"href":"https:\/\/agora.xtec.cat\/insllicamunt2\/wp-json\/wp\/v2\/posts\/1103\/revisions\/1104"}],"wp:featuredmedia":[{"embeddable":true,"href":"https:\/\/agora.xtec.cat\/insllicamunt2\/wp-json\/wp\/v2\/media\/1105"}],"wp:attachment":[{"href":"https:\/\/agora.xtec.cat\/insllicamunt2\/wp-json\/wp\/v2\/media?parent=1103"}],"wp:term":[{"taxonomy":"category","embeddable":true,"href":"https:\/\/agora.xtec.cat\/insllicamunt2\/wp-json\/wp\/v2\/categories?post=1103"},{"taxonomy":"post_tag","embeddable":true,"href":"https:\/\/agora.xtec.cat\/insllicamunt2\/wp-json\/wp\/v2\/tags?post=1103"}],"curies":[{"name":"wp","href":"https:\/\/api.w.org\/{rel}","templated":true}]}}